{"id":104,"date":"2012-06-10T19:08:18","date_gmt":"2012-06-10T17:08:18","guid":{"rendered":"http:\/\/www.athletic-brandao.de\/?p=104"},"modified":"2012-07-03T19:44:45","modified_gmt":"2012-07-03T17:44:45","slug":"herr-ozil-sucht-sein-gluck","status":"publish","type":"post","link":"http:\/\/www.athletic-brandao.de\/?p=104","title":{"rendered":"Herr \u00d6zil sucht sein Gl\u00fcck"},"content":{"rendered":"<p>Zwei Spiele, zwei Siege &#8211; doch die Helden im DFB-Team sind immer die Anderen: Warum Mesut \u00d6zil noch nicht ins Turnier gefunden hat.<!--more--><\/p>\n<p>Es sind immer diese Kleinigkeiten, nur wenige Zentimeter, die letztlich \u00fcber ein Turnier entscheiden, \u00fcber ein Spiel oder auch dar\u00fcber, wie einzelne Spieler wahrgenommen werden. Es sind die Konjunktive, das \u201eh\u00e4tte, w\u00e4re, wenn\u201c, das Erfolg und Misserfolg so dicht beieinander stellt. In Mesut \u00d6zils Fall etwa: W\u00e4re sein sehenswerter Volley nicht vom Pfosten in die Arme von Holland-Keeper Maarten Stekelenburg gefallen, w\u00fcrden die Fu\u00dfballfans heute nicht von Mario Gomez oder Mats Hummels schw\u00e4rmen, sondern vom jungen Real-Madrid-Heroen, dessen Kr\u00f6nungsmesse stattdessen auf sich warten l\u00e4sst.<\/p>\n<p>Der deutsche Spielmacher ist mit gro\u00dfen Hoffnungen in dieses Turnier gegangen, doch bislang sind es folgende Bilder, die vom Mittelfeldstar bleiben: wie er verzweifelt die Arme in die Luft wirft und um Beistand fleht; wie er um Freist\u00f6\u00dfe oder Elfmeter bittet; wie er einen misslungenen Pass mit den H\u00e4nden gerade ziehen will. Oder als letzter Eindruck: wie er zu Boden blickend vom Platz trottet. In den beiden ersten DFB-Gruppenspielen blieb der Hochbegabte jedenfalls hinter den Erwartungen zur\u00fcck und wurde jeweils gegen M\u00fcnchens Toni Kroos ausgetauscht, als es in der kritischen Schlussphase um Alles ging.<\/p>\n<p>Dabei trifft den 23-J\u00e4hrigen noch nicht einmal die Schuld. Beim EM-Auftakt gegen Portugal wurde der Regisseur Opfer der Defensivstrategie. Weil der Bundestrainer seinen geliebten Spektakelfu\u00dfball zugunsten einer ergebnisorientierten Variante geopfert hatte, blieb im w\u00f6rtlichen Sinne kaum Spielraum f\u00fcr einen Ballzauberer wie \u00d6zil. Au\u00dferdem konnten seine Mitspieler noch nichts mit den P\u00e4ssen anfangen. Thomas M\u00fcller war zwar bem\u00fcht, fand aber den Dreh aber erst eine Partie sp\u00e4ter. Lukas Podolski war mit einigen Distanzsch\u00fcssen noch der beste Offensivspieler, wirkte aber manchmal nicht gedankenschnell genug. Und auch der sp\u00e4tere Matchwinner Mario Gomez war keine dankbare Anspielstation, obwohl er diesen Eindruck durch seinen sp\u00e4ten Treffer verwischte.<\/p>\n<p>Merkw\u00fcrdigerweise profitierte \u00d6zil aber auch nicht vom rapiden Formanstieg seiner Offensivkollegen im Prestigeduell mit den Holl\u00e4ndern. Die meisten gef\u00e4hrlichen Offensivaktionen gingen von Bastian Schweinsteiger aus, der im Mittelfeld klar das Zepter in der Hand hielt. Selbst Abwehrchef Hummels schien bei einigen Ausfl\u00fcgen in die Spitze gef\u00e4hrlicher. \u00d6zils Schaffen blieb auf den ungl\u00fccklichen Volley in der 8. Minute beschr\u00e4nkt. Und auf einen tollen Freisto\u00df, den Innenverteidiger Holger Badstuber selbst aus bester Position nicht im Tor unterbringen wollte. Dabei boten sich gerade im zweiten Durchgang gro\u00dfe R\u00e4ume gegen die verzweifelt um ihre Turnierchance spielenden Holl\u00e4nder. F\u00fcr einen Konterspieler wie \u00d6zil eigentlich wie geschaffen. Die Kritik des Bundestrainers war folglich auch auf seinen Spielgestalter gem\u00fcnzt, wenn auch nicht ausdr\u00fccklich: \u201eIn der 60. Minute waren die Holl\u00e4nder schon tot. Da h\u00e4tten wir das dritte Tor machen m\u00fcssen.\u201c<\/p>\n<p>Dabei soll \u00d6zil, so der Plan seines Umfelds, bei dieser EM zum Helden und zur eigenen Marke aufgebaut werden. Sozusagen zum ersten Multikulti-Superstar oder zum Zinedine Zidane des deutschen Fu\u00dfballs. Dazu hat \u00d6zils Familie k\u00fcrzlich den umtriebigen Berater Roland Eitel engagiert, der das Zahnpasta-L\u00e4cheln des fr\u00fcheren Bundestrainers J\u00fcrgen Klinsmann im \u00f6ffentlichen Bewusstsein verankerte, und der auch \u00d6zils aktuellen Chef, Joachim L\u00f6w vertritt. Vielleicht erweist sich nun genau dieser Druck als kontraproduktiv. Zuletzt jedenfalls hatte sich \u00d6zil &#8211; \u201enur\u201c mit v\u00e4terlichem Rat ausgestattet &#8211; pr\u00e4chtig entwickelt und als Meisterspieler beim Weltklub Real Madrid etabliert.<\/p>\n<p>Aus Danzig berichtet Patrick Brandenburg, 14. Juni 2012<\/p>\n","protected":false},"excerpt":{"rendered":"<p>Zwei Spiele, zwei Siege &#8211; doch die Helden im DFB-Team sind immer die Anderen: Warum Mesut \u00d6zil noch nicht ins Turnier gefunden hat.<\/p>\n","protected":false},"author":1,"featured_media":0,"comment_status":"open","ping_status":"open","sticky":false,"template":"","format":"standard","meta":{"ngg_post_thumbnail":0,"jetpack_post_was_ever_published":false,"_jetpack_newsletter_access":"","jetpack_publicize_message":"","jetpack_is_tweetstorm":false,"jetpack_publicize_feature_enabled":true,"jetpack_social_post_already_shared":false,"jetpack_social_options":{"image_generator_settings":{"template":"highway","enabled":false}}},"categories":[14],"tags":[243,17],"jetpack_publicize_connections":[],"jetpack_featured_media_url":"","jetpack_shortlink":"https:\/\/wp.me\/p2zHXD-1G","jetpack_sharing_enabled":true,"jetpack_likes_enabled":true,"_links":{"self":[{"href":"http:\/\/www.athletic-brandao.de\/index.php?rest_route=\/wp\/v2\/posts\/104"}],"collection":[{"href":"http:\/\/www.athletic-brandao.de\/index.php?rest_route=\/wp\/v2\/posts"}],"about":[{"href":"http:\/\/www.athletic-brandao.de\/index.php?rest_route=\/wp\/v2\/types\/post"}],"author":[{"embeddable":true,"href":"http:\/\/www.athletic-brandao.de\/index.php?rest_route=\/wp\/v2\/users\/1"}],"replies":[{"embeddable":true,"href":"http:\/\/www.athletic-brandao.de\/index.php?rest_route=%2Fwp%2Fv2%2Fcomments&post=104"}],"version-history":[{"count":4,"href":"http:\/\/www.athletic-brandao.de\/index.php?rest_route=\/wp\/v2\/posts\/104\/revisions"}],"predecessor-version":[{"id":131,"href":"http:\/\/www.athletic-brandao.de\/index.php?rest_route=\/wp\/v2\/posts\/104\/revisions\/131"}],"wp:attachment":[{"href":"http:\/\/www.athletic-brandao.de\/index.php?rest_route=%2Fwp%2Fv2%2Fmedia&parent=104"}],"wp:term":[{"taxonomy":"category","embeddable":true,"href":"http:\/\/www.athletic-brandao.de\/index.php?rest_route=%2Fwp%2Fv2%2Fcategories&post=104"},{"taxonomy":"post_tag","embeddable":true,"href":"http:\/\/www.athletic-brandao.de\/index.php?rest_route=%2Fwp%2Fv2%2Ftags&post=104"}],"curies":[{"name":"wp","href":"https:\/\/api.w.org\/{rel}","templated":true}]}}