{"id":109,"date":"2012-06-10T19:13:47","date_gmt":"2012-06-10T17:13:47","guid":{"rendered":"http:\/\/www.athletic-brandao.de\/?p=109"},"modified":"2012-07-03T19:44:29","modified_gmt":"2012-07-03T17:44:29","slug":"deutschlands-grose-em-wundertute","status":"publish","type":"post","link":"http:\/\/www.athletic-brandao.de\/?p=109","title":{"rendered":"Deutschlands gro\u00dfe EM-Wundert\u00fcte"},"content":{"rendered":"<p>Die Abwehr ann\u00e4hernd sattelfest &#8211; die Offensive \u00fcberraschend ideenlos: Gleich zu Turnierbeginn steht L\u00f6ws Fu\u00dfballkonzept auf dem Kopf.<!--more--><\/p>\n<p>Die Fans im Gastgeberland Polen trauten ihren Augen nicht. Mit gro\u00dfen Sympathien hatten viele Einheimische dem EM-Auftakt des gro\u00dfen Favoriten gegen Portugal entgegengefiebert: \u201eWir m\u00f6gen die deutsche Mannschaft, sie macht gro\u00dfen Spa\u00df\u201c, sagte etwa Fan Robert in einem gut gef\u00fcllten Pub in Gdynia, nur wenige Kilometer vom Quartier des DFB entfernt. Doch dann geriet die erste Partie der Nationalmannschaft im fernen Lwiw beinahe wieder wie in den Achtzigern oder beim Gewinn des Vizeweltmeister-Titels 2002: m\u00e4\u00dfig gespielt, hart gek\u00e4mpft, gl\u00fccklich 1:0 gewonnen. Auf genau diese Art hatte die DFB-Elf fr\u00fcher in Serie gesiegt &#8211; und die weltweite Fu\u00dfball-Gemeinde gegen sich aufgebracht.<\/p>\n<p>So grottig wie Rudi V\u00f6llers Resterampe 2002 war der Auftritt der Mannschaft von Joachim L\u00f6w nat\u00fcrlich bei weitem nicht. Daf\u00fcr verf\u00fcgt das aktuelle Team einfach \u00fcber zu viel Qualit\u00e4t. Aber sehenswert oder gar bezaubernd &#8211; so wie in fast allen Spielen seit der grandiosen WM 2010 in S\u00fcdafrika &#8211; war der erste Auftritt beim Turnier in Polen und der Ukraine ganz und gar nicht. Vielleicht war die Last einfach zu gro\u00df zum EM-Start. Alles andere als die Finalteilnahme wurde vorab selbst von den deutschen Spielern als Niederlage eingestuft. Selbst der Bundestrainer r\u00fcckte nach dem qualvollen Arbeitssieg, der nur mit einem \u201eLucky punch\u201c gelang, von seiner Maxime des Fu\u00dfballspektakels ab. \u201eWir haben 1:0 gewonnen, das ist das Allerwichtigste\u201c, sagte Offensivprediger L\u00f6w ungewohnt pragmatisch. Das sch\u00f6ne Spiel &#8211; geopfert auf dem Altar der Titelhoffnung.<\/p>\n<p>Dass der zuletzt zur netten Gewohnheit gewordene deutsche Offensivwirbel stockte, hatte viele Gr\u00fcnde. Die dr\u00fcckende Schw\u00fcle setzte den Spielern sichtbar zu und wurde sp\u00e4ter gerne als Entschuldigung angef\u00fchrt. Portugals destruktive Defensivtaktik macht es Mesut \u00d6zil und Co. schwer bis unm\u00f6glich, R\u00e4ume zu \u00f6ffnen. Und ohnehin war die Devise \u201esafety first\u201c, nachdem kurz zuvor Gruppenkonkurrent Holland bei der Niederlage gegen D\u00e4nemark ein schlechtes Beispiel geliefert hatte. \u201eDas haben wir nat\u00fcrlich mitbekommen\u201c, erl\u00e4uterte Mats Hummels. \u201eKeiner von uns wollte die selben Fehler machen und zuviel Risiko gehen.\u201c Au\u00dferdem litt die DFB-Elf im Spielverst\u00e4ndnis noch unter der zerst\u00fcckelten Vorbereitung. Das war allein schon daran zu sehen, wenn Philipp Lahm seinen Vordermann Lukas Podolski wieder und wieder mit P\u00e4ssen Richtung polnische Grenze schickte, als der sich gerade auf den Weg zum Schwarzen Meer aufmachte.<\/p>\n<p>Nat\u00fcrlich ist es auch der Fluch der guten Tat, dass sich selbst Top-Teams wie Portugal &#8211; mit Offensivstars Cristiano Ronaldo oder Nani in ihren Reihen &#8211; gegen den WM-Dritten aufs Kontern verlegen. Noch vor vier Jahren w\u00e4re das undenkbar gewesen. 2008 gingen die Iberer im EM-Viertelfinale als selbstbewusster Favorit ins Spiel gegen die Deutschen. Nun aber gilt schon ein Remis gegen L\u00f6ws Jungs f\u00fcr alle Teams in Europa au\u00dfer Spanien als Achtungserfolg, der sich gut verkaufen l\u00e4sst.<\/p>\n<p>Aber dass die deutsche Mannschaft auf solche Abwehrstrategien trifft, ist viel weniger \u00fcberraschend als die Tatsache, dass die DFB-Elf keine Antworten findet und &#8211; Schw\u00fcle hin oder her &#8211; schon von Beginn an merkw\u00fcrdig passiv agiert. \u00d6zil jedenfalls agierte im ersten Spiel seiner vermeintlichen EM-Kr\u00f6nungsmesse blass. Warum ausgerechnet der Real-Star zum \u201eMan of the Match\u201c gek\u00fcrt wurde, bleibt ein Geheimnis der UEFA-Juroren. \u00d6zils entt\u00e4uschter Gesichtsausdruck bei der Auswechslung sprach eine ganz andere Sprache als die deutsche Schein\u00fcberlegenheit, die sich in fast jeder beliebigen Statistik ausdr\u00fcckte.<\/p>\n<p>Auch Bastian Schweinsteiger im defensiven Mittelfeld lief weit hinter seiner Bestform hinterher und trug wenig dazu bei, die dicht gestaffelte portugiesische Schaltzentrale auszuhebeln. Sein Teamkollege Thomas M\u00fcller auf der rechten Seite war immerhin supereifrig, aber ebenso gl\u00fccklos. Dessen Pendant Podolski war mit einigen strammen Distanzsch\u00fcssen sogar noch der gef\u00e4hrlichste Offensivspieler. Mario Gomez, mit einem wunderbar getimeten Kopfball der sp\u00e4tere Matchwinner, hatte allergr\u00f6\u00dfte Schwierigkeiten, sich zu behaupten und sollte kurz vor seinem Tor ausgewechselt werden. Bezeichnend auch, dass die Flanke zum 1:0-Siegtreffer durch Sami Khedira von einem Portugiesen abgef\u00e4lscht und damit erst richtig scharf gemacht wurde.<\/p>\n<p>Daf\u00fcr konnte sich Offensiv-Fan L\u00f6w an seiner \u00fcberraschend sattelfesten Defensive erfreuen. Nur beim Wembley-Kracher von Pepe kurz vor der Pause und bei Nanis verungl\u00fcckter Flanke ben\u00f6tigten Hummels und Co. Gl\u00fcck sowie die freundliche Hilfe der Torlatte. Ansonsten k\u00e4mpfte sich die einstige Problemzone der deutschen Elf in die Partie und rettete den knappen Vorsprung schlie\u00dflich \u00fcber die Zeit. Bewundernswert, wie sich abwechselnd Hummels, Jerome Boateng als Ein-Mann-Block f\u00fcr Superstar Ronaldo, sowie Holger Badstuber, Lahm und Torwart Manuel Neuer in die Sch\u00fcsse der Portugiesen warfen. Bewundernswert auch, wie der bislang im Nationaltrikot umstrittene Hummels in seine Rolle wuchs und mehr und mehr als Ersatz-\u201cQuarterback\u201c f\u00fcr Entlastungsangriffe sorgte.<br \/>\nGenau das macht Hoffnung f\u00fcr das zweite Spiel gegen Holland. Dann wird es zudem in der Offensive deutlich mehr Platz geben, denn die Elftal steht nach der sensationellen Auftaktniederlage gegen D\u00e4nemark \u201eschon mit dem R\u00fccken zur Wand\u201c, wie Bundestrainer L\u00f6w zu recht bemerkt. Der Erzrivale ist also zum Angreifen verurteilt. Mit einem Spiel Verz\u00f6gerung will die DFB-Elf dann ihr neues, ihr wahres Gesicht zeigen und auch die Fans im Ausland mit gelungenen Kombinationen und tollen Toren zur\u00fcckgewinnen.<\/p>\n<p>Aus Danzig berichtet Patrick Brandenburg, 10. Juni 2012<\/p>\n","protected":false},"excerpt":{"rendered":"<p>Die Abwehr ann\u00e4hernd sattelfest &#8211; die Offensive \u00fcberraschend ideenlos: Gleich zu Turnierbeginn steht L\u00f6ws Fu\u00dfballkonzept auf dem Kopf.<\/p>\n","protected":false},"author":1,"featured_media":0,"comment_status":"open","ping_status":"open","sticky":false,"template":"","format":"standard","meta":{"ngg_post_thumbnail":0,"jetpack_post_was_ever_published":false,"_jetpack_newsletter_access":"","jetpack_publicize_message":"","jetpack_is_tweetstorm":false,"jetpack_publicize_feature_enabled":true,"jetpack_social_post_already_shared":false,"jetpack_social_options":{"image_generator_settings":{"template":"highway","enabled":false}}},"categories":[14],"tags":[243,17],"jetpack_publicize_connections":[],"jetpack_featured_media_url":"","jetpack_shortlink":"https:\/\/wp.me\/p2zHXD-1L","jetpack_sharing_enabled":true,"jetpack_likes_enabled":true,"_links":{"self":[{"href":"http:\/\/www.athletic-brandao.de\/index.php?rest_route=\/wp\/v2\/posts\/109"}],"collection":[{"href":"http:\/\/www.athletic-brandao.de\/index.php?rest_route=\/wp\/v2\/posts"}],"about":[{"href":"http:\/\/www.athletic-brandao.de\/index.php?rest_route=\/wp\/v2\/types\/post"}],"author":[{"embeddable":true,"href":"http:\/\/www.athletic-brandao.de\/index.php?rest_route=\/wp\/v2\/users\/1"}],"replies":[{"embeddable":true,"href":"http:\/\/www.athletic-brandao.de\/index.php?rest_route=%2Fwp%2Fv2%2Fcomments&post=109"}],"version-history":[{"count":2,"href":"http:\/\/www.athletic-brandao.de\/index.php?rest_route=\/wp\/v2\/posts\/109\/revisions"}],"predecessor-version":[{"id":130,"href":"http:\/\/www.athletic-brandao.de\/index.php?rest_route=\/wp\/v2\/posts\/109\/revisions\/130"}],"wp:attachment":[{"href":"http:\/\/www.athletic-brandao.de\/index.php?rest_route=%2Fwp%2Fv2%2Fmedia&parent=109"}],"wp:term":[{"taxonomy":"category","embeddable":true,"href":"http:\/\/www.athletic-brandao.de\/index.php?rest_route=%2Fwp%2Fv2%2Fcategories&post=109"},{"taxonomy":"post_tag","embeddable":true,"href":"http:\/\/www.athletic-brandao.de\/index.php?rest_route=%2Fwp%2Fv2%2Ftags&post=109"}],"curies":[{"name":"wp","href":"https:\/\/api.w.org\/{rel}","templated":true}]}}