{"id":1457,"date":"2014-09-02T20:32:19","date_gmt":"2014-09-02T18:32:19","guid":{"rendered":"http:\/\/www.athletic-brandao.de\/?p=1457"},"modified":"2014-09-02T20:51:15","modified_gmt":"2014-09-02T18:51:15","slug":"loew-und-die-abwehr-zurueck-auf-die-baustelle","status":"publish","type":"post","link":"http:\/\/www.athletic-brandao.de\/?p=1457","title":{"rendered":"L\u00f6w und die Abwehr: zur\u00fcck auf die Baustelle"},"content":{"rendered":"<p>Der Bundestrainer erkl\u00e4rt das unorthodoxe WM-Experiment mit vier Innenverteidigern f\u00fcr beendet und sucht mit Blick auf die EM 2016 nach Alternativen.<!--more--><\/p>\n<p>F\u00fcr die deutsche Nationalmannschaft ist der September die Zeit des \u00dcbergangs und Umbruchs. Wettertechnisch und auch sportlich. Gegen Argentinien \u201ewollen wir noch mal das Sommergef\u00fchl erzeugen, das WM-Gef\u00fchl\u201c, sagt Bundestrainer Joachim L\u00f6w vor der Finalrevanche gegen Argentinien in D\u00fcsseldorf, das klimatisch gesehen ja eher provinziell ist als weltmeisterlich. Doch weil nur vier Tage sp\u00e4ter der Ernstfall der EM-Qualifikation vor der T\u00fcr steht, rutscht auch der gedankliche Abschluss mit dem Titelgewinn 2014, der gegen die Gauchos letztmalig zelebriert werden soll, schon unter die zukunftstr\u00e4chtige Pr\u00e4misse, \u201eauch die neuen Ziele weltmeisterlich anzugehen\u201c. Drei Routiniers haben sich beim Titeltr\u00e4ger verabschiedet, und dem eigens f\u00fcr das Turnier in Brasilien entworfenen Masterplan f\u00fcr die jahrelange Dauerbaustelle Abwehr gibt L\u00f6w selbst den Laufpass.<\/p>\n<p><strong>Vom Gl\u00fcck beg\u00fcnstigte L\u00f6sung auf Zeit<\/strong><br \/>\n\u201eOffensive Au\u00dfenverteidiger werden nun wohl wieder wichtiger\u201c, vermutet der Bundestrainer. Er beerdigt damit das ma\u00dfgeschneiderte Projekt, mit vier gelernten Innenverteidigern besonders sicher zu stehen in der Hitze und Schw\u00fcle Brasiliens, wo L\u00f6w und sein Cheftaktiker Urs Siegenthaler nicht mit laufintensivem Spiel \u00fcber die Fl\u00fcgel rechneten. Obwohl beide mit dieser Einsch\u00e4tzung falsch lagen, war die DFB-Elf mit ihrer teutonischen Beton-Abwehr als Grundsicherung erfolgreich. Doch L\u00f6w ist klug genug zu erkennen, dass dies wohl nur eine Turnierl\u00f6sung war, die zudem etwas Gl\u00fcck ben\u00f6tigte und sp\u00e4ter auch von der erzwungenen R\u00fcckkehr des Spezialisten Philipp Lahm auf die Seite beg\u00fcnstigt war.<\/p>\n<p>Dank der verw\u00e4sserten Qualifikation f\u00fcr die Europameisterschaft 2016 in Frankreich, die auch noch dem dritten der Gruppe Hoffnung auf die Teilnahme am 24er-Turnier macht, hat der Bundestrainer nun zwei Jahre Zeit f\u00fcr Experimente. Gesucht werden: ein rechter und ein linker Au\u00dfenverteidiger. Benedikt H\u00f6wedes wird gegen Argentinien letztmals auf der Seite aushelfen &#8211; auf der rechten allerdings nach Lahms R\u00fccktritt. Doch f\u00fcr den Schalker WM-Helden hat L\u00f6w schon andere Aufgaben im Blick: \u201eVermutlich wird Benedikt bald wieder in die Abwehrmitte zur\u00fcckkehren.\u201c Dort soll er dann den Stamm bilden, mit den Platzhirschen Jerome Boateng und Mats Hummels, vermutlich noch erweitert um die WM-Fahrer Shkodran Mustafi und Matthias Ginter oder den m\u00f6glichen R\u00fcckkehrer Holger Badstuber. Abwehrh\u00fcne Per Mertesacker hatte ja wie Lahm und Sturm-Oldie Miroslav Klose seinen Abschied verk\u00fcndet.<\/p>\n<p><strong>Zwei Dortmunder und ein Stuttgarter auf dem Zettel<\/strong><br \/>\nNun ist vielmehr Zeit f\u00fcr neue Spieler, neue Experimente. Auf links mit einer \u00fcberraschend klaren Ansage: Erik Durm wird nicht nur im Prestigeduell gegen die Gauchos in der Startelf stehen: \u201eEr wird in den kommenden Monaten eine wichtigere Rolle bei uns \u00fcbernehmen\u201c, k\u00fcndigt der Bundestrainer an. Zu L\u00f6ws Freude ist der Dortmunder in seinem Klub gerade gesetzt, weil der doppelte Team-Kollege\/Konkurrent Marcel Schmelzer in der Vorbereitung verletzt war. W\u00e4hrend der Bundestrainer gegen\u00fcber letzterem BVB-Spieler traditionell Vorbehalte hat (\u201eWir k\u00f6nnen uns leider keinen Besseren schnitzen\u201c), \u00fcberzeugte Shooting-Star Durm den DFB-Trainer offenbar mit seinem Drive in der Offensive sowie der tollen Perspektive, mit 22 Jahren noch viel Entwicklungspotenzial zu besitzen.<\/p>\n<p>Auch f\u00fcr die rechte Seite bringt der Bundestrainer mit einige Monaten Versp\u00e4tung einen Dortmunder ins Gespr\u00e4ch: Kevin Gro\u00dfkreutz. \u201eEr spielt die Position zwar jetzt nicht mehr beim BVB, aber er kann es.\u201c Vermutlich belohnt der Bundestrainer den Allrounder schon bald f\u00fcr sein tadelloses Verhalten bei der WM, als er sich klaglos in die Rolle des Ersatzmannes f\u00fcgte. Au\u00dferdem auf dem Zettel: Antonio R\u00fcdiger vom VfB Stuttgart, der auf seinen zweiten L\u00e4nderspieleinsatz hofft. Beim 21-J\u00e4hrigen gef\u00e4llt L\u00f6w die Schnelligkeit und das Verhalten im Duell eins gegen eins. \u201eVielleicht kann er in die Position reinwachsen.\u201c In jedem Falle soll es wieder ein echter Au\u00dfenverteidiger richten auf dem Weg zum EM-Finale in Paris im Jahr 2016.<\/p>\n<p><strong>Probe-Modus als Dauerzustand<\/strong><br \/>\nBei diesen \u00fcberschaubaren Personalien soll es aber bei weitem nicht bleiben. Zu den bislang 72 Neulingen der \u00c4ra L\u00f6w werden in n\u00e4chster Zeit sicher weitere hinzukommen. Schon beim vorletzten WM-Test gegen Polen, als die Bayern- und Dortmund-Spieler wegen des DFB-Pokalfinales fehlten, hatte der Bundestrainer schon einige Talente zumindest eingeladen, um Nationalelf-Luft zu schnuppern. Dieser Faden wird nun wieder aufgenommen. L\u00f6w betrachtet die kommenden Jahre im wahrsten Sinne des Wortes als Feldforschung. \u201eWir werden jetzt jedes Jahr ein Turnier haben: EM, Confed Cup, WM. Und von den Etablierten werden sicher immer mal wieder Spieler ausfallen. Dem m\u00fcssen wir Rechnung tragen.\u201c Weil er es sich leisten kann, wird die Abwehr beim Weltmeister auf absehbare Zeit erst einmal wieder eine Gro\u00dfbaustelle.<\/p>\n","protected":false},"excerpt":{"rendered":"<p>Der Bundestrainer erkl\u00e4rt das unorthodoxe WM-Experiment mit vier Innenverteidigern f\u00fcr beendet und sucht mit Blick auf die EM 2016 nach Alternativen.<\/p>\n","protected":false},"author":2,"featured_media":0,"comment_status":"open","ping_status":"open","sticky":false,"template":"","format":"standard","meta":{"ngg_post_thumbnail":0,"jetpack_post_was_ever_published":false,"_jetpack_newsletter_access":"","jetpack_publicize_message":"","jetpack_is_tweetstorm":false,"jetpack_publicize_feature_enabled":true,"jetpack_social_post_already_shared":true,"jetpack_social_options":{"image_generator_settings":{"template":"highway","enabled":false}}},"categories":[1],"tags":[150,57,149,58,112,17],"jetpack_publicize_connections":[],"jetpack_featured_media_url":"","jetpack_shortlink":"https:\/\/wp.me\/p2zHXD-nv","jetpack_sharing_enabled":true,"jetpack_likes_enabled":true,"_links":{"self":[{"href":"http:\/\/www.athletic-brandao.de\/index.php?rest_route=\/wp\/v2\/posts\/1457"}],"collection":[{"href":"http:\/\/www.athletic-brandao.de\/index.php?rest_route=\/wp\/v2\/posts"}],"about":[{"href":"http:\/\/www.athletic-brandao.de\/index.php?rest_route=\/wp\/v2\/types\/post"}],"author":[{"embeddable":true,"href":"http:\/\/www.athletic-brandao.de\/index.php?rest_route=\/wp\/v2\/users\/2"}],"replies":[{"embeddable":true,"href":"http:\/\/www.athletic-brandao.de\/index.php?rest_route=%2Fwp%2Fv2%2Fcomments&post=1457"}],"version-history":[{"count":4,"href":"http:\/\/www.athletic-brandao.de\/index.php?rest_route=\/wp\/v2\/posts\/1457\/revisions"}],"predecessor-version":[{"id":1468,"href":"http:\/\/www.athletic-brandao.de\/index.php?rest_route=\/wp\/v2\/posts\/1457\/revisions\/1468"}],"wp:attachment":[{"href":"http:\/\/www.athletic-brandao.de\/index.php?rest_route=%2Fwp%2Fv2%2Fmedia&parent=1457"}],"wp:term":[{"taxonomy":"category","embeddable":true,"href":"http:\/\/www.athletic-brandao.de\/index.php?rest_route=%2Fwp%2Fv2%2Fcategories&post=1457"},{"taxonomy":"post_tag","embeddable":true,"href":"http:\/\/www.athletic-brandao.de\/index.php?rest_route=%2Fwp%2Fv2%2Ftags&post=1457"}],"curies":[{"name":"wp","href":"https:\/\/api.w.org\/{rel}","templated":true}]}}