{"id":1469,"date":"2014-09-05T23:58:35","date_gmt":"2014-09-05T21:58:35","guid":{"rendered":"http:\/\/www.athletic-brandao.de\/?p=1469"},"modified":"2014-09-08T12:45:47","modified_gmt":"2014-09-08T10:45:47","slug":"marco-reus-oder-im-tempel-wird-nicht-gejammert","status":"publish","type":"post","link":"http:\/\/www.athletic-brandao.de\/?p=1469","title":{"rendered":"Marco Reus, oder: Im Tempel wird nicht gejammert"},"content":{"rendered":"<p>Vorm Auftakt der EM-Qualifikation gegen Schottland: Der Mittelfeldmaestro der deutschen Nationalmannschaft hat genug vom Mitleid f\u00fcr den verpassten WM-Titel. Er will seine Zukunft lieber selbst gestalten.<!--more--><\/p>\n<p><strong>Marco Reus ist der Meister der Tempowechsel: Mal gem\u00e4chlich und absichernd, im n\u00e4chsten Moment schnell und explosiv. Was das Spiel auf dem gr\u00fcnen Rasen eben so hergibt. F\u00fcr ihn pers\u00f6nlich gilt dieses Talent aber genauso. \u00dcber seine Zukunft bei Borussia Dortmund mauert der Mittelfeldmaestro seit Wochen, als stamme er in direkter Linie aus der Waldhof-Schule ab, wie ein unehelicher Sohn von J\u00fcrgen Kohler.<\/strong><\/p>\n<p>Aufs Sportliche bezogen blickt der BVB-Star dagegen angriffslustig aus dem hellblauen DFB-Hoodie, wie vor dem EM-Qualifikationsspiel gegen Schottland zu bewundern ist. &#8220;Je mehr Spiele ich mache, desto mehr Verantwortung bekomme ich in der Nationalmannschaft&#8221;, sagte Reus auf der Pressekonferenz vor der Partie in seinem Heimatstadion Dortmund. Und: &#8220;Ich traue mir das zu.&#8221;<\/p>\n<p><strong>&#8220;Ich denke nicht \u00fcber die Vergangenheit nach&#8221;<\/strong><br \/>\nAuf dem Weg zur EM 2016 will Reus den Ton mit angeben. Dazu muss er weder als Weltmeister dekoriert sein noch dem neuen Mannschaftsrat angeh\u00f6ren. Als Ersatz f\u00fcr die verpassten WM-Ehren soll nun mit der DFB-Elf im Umbruch der Europameistertitel her. Von Bundestrainer Joachim L\u00f6w erh\u00e4lt er alle Unterst\u00fctzung. &#8220;Ich bin sicher, dass Marco noch einige gro\u00dfe Turniere spielen und dabei f\u00fcr Furore sorgen wird&#8221;.<\/p>\n<p>Zur\u00fcckblicken gilt nicht, und die Mitleidstour schon mal gar nicht. &#8220;Es hilft jetzt nicht zu jammern. \u00dcber die Vergangenheit denke ich nicht mehr nach&#8221;, so Reus. Der begehrte Offensivspieler hatte sich &#8211; in absoluter Topform &#8211; am Tag vor Abflug der Nationalelf nach Brasilien verletzt und wird daher zumindest vorerst nicht als Weltmeister in die Geschichtsb\u00fccher eingehen.<\/p>\n<p><strong>Comeback schneller als erwartet<\/strong><br \/>\nVermutlich hat er bei J\u00fcrgen Klopp gut aufgepasst, denn Reus scheint den verst\u00e4ndlichen Frust vollst\u00e4ndig in positive Energie umzuwandeln. Sein BVB-Trainer begreift ja vermutlich selbst eine Flutkatastrophe als Renovierungschance, und so hat auch Reus sofort s\u00e4mtliche Energie in die Reha gesteckt. &#8220;Ich habe mich direkt nach der WM-Absage darauf konzentriert, schneller als erwartet zur\u00fcckzukommen. Das ist  mir gelungen.&#8221; Eigentlich war sein Comeback im Training erst f\u00fcr die n\u00e4chsten Tage angepeilt worden. Ein &#8220;Teilriss der Syndesmose und des kn\u00f6chernen Bandausrisses am Fersenbein&#8221;, so der komplexe Fachausdruck, braucht  im Normalfall diese Zeit zur Heilung.<\/p>\n<p>Nicht bei Reus, der nicht nur l\u00e4ngst trainiert, sondern schon erfolgreich f\u00fcr seinen Klub im Pokal gespielt und in der Bundesliga am zweiten Spieltag in Augsburg sogar ein wichtiges Tor geschossen hat. Zuletzt bei der ern\u00fcchternden 2:4-Klatsche der DFB-Elf gegen Argentinien in der Neuauflage des WM-Finales geh\u00f6rte der 22-malige Nationalspieler zu den Besseren in Schwarz und Wei\u00df. Er hatte einige gute Offensiv-Szenen und in der Schlussphase auch noch Pech mit einem satten Pfostenschuss. Was die Eigenbeurteilung angeht, w\u00e4hlt der Tempospezialist trotzdem die mittlere Geschwindigkeit: &#8220;Ich bin noch nicht bei hundert Prozent, aber jedes Spiel, das ich machen kann, tut mir gut.&#8221;<\/p>\n<p><strong>Es ist magisch, im Tempel aufzulaufen<\/strong><br \/>\nWenn jedoch seine Zukunft zum Thema wird, etwa ein m\u00f6glicher Wechsel zum FC Arsenal, nimmt Reus dagegen komplett die Fahrt raus: &#8220;In letzter Zeit wurde viel spekuliert, aber das geh\u00f6rt jetzt nicht hier her&#8221;, sagt der 25-J\u00e4hrige auf die Nachfragen britischer Journalisten in der Sportschule Kaiserau, wo sich die deutsche Nationalmannschaft f\u00fcr den Ernstfall vorbereitet. Lieber verweist Reus auf die Konzentration f\u00fcrs Spiel gegen Schottland. Sollen doch die anderen deuten, ob die R\u00fcckkehr von Shinji Kagawa zum BVB nun f\u00fcr seine Vertragsverl\u00e4ngerung spricht &#8211; respektive den Verzicht auf die Ausstiegsklausel, die im kommenden Sommer greift. Europas Spitzenklubs stehen so oder so Schlange, um den geb\u00fcrtigen Dortmunder 2015 f\u00fcr den Schn\u00e4ppchenpreis von vermuteten 25 Millionen Euro zu holen, nicht nur der FC Arsenal oder der FC Bayern.<\/p>\n<p>Reus f\u00fchlt sich in seiner Verhandlungsposition offenbar wohl, und nat\u00fcrlich genie\u00dft er es auch, von Borussen-Seite konstant gebauchpinselt und umworben zu werden. BVB-Chef Hans-Joachim Watzke plant Gro\u00dfes mit ihm und w\u00fcrde den Dortmunder Jung\u2018 am Liebsten zum Idol der Marke Uwe Seeler hochjazzen &#8211; dem Inbegriff der treuen Vereinsseele im Haifischbecken Bundesliga. Noch dankt es Reus nur mit indirekten Liebesbekundungen zu Schwarz-Gelb &#8211; etwa, wenn er das Stadion seines Heimatklubs in den Himmel lobt, in dem nun das Duell mit Schottland steigt: &#8220;Es ist einfach magisch, dort zu spielen. Man freut sich jedes Mal, wenn man in diesem Tempel aufl\u00e4uft.&#8221; Sollte er doch irgendwann dem Ruf des gro\u00dfen Geldes erliegen, bietet sich f\u00fcr den BVB jetzt schon die neue Reus-Maxime an: &#8220;Jammern hilft nicht.&#8221;<\/p>\n","protected":false},"excerpt":{"rendered":"<p>Vorm Auftakt der EM-Qualifikation gegen Schottland: Der Mittelfeldmaestro der deutschen Nationalmannschaft hat genug vom Mitleid f\u00fcr den verpassten WM-Titel. Er will seine Zukunft lieber selbst gestalten.<\/p>\n","protected":false},"author":2,"featured_media":0,"comment_status":"open","ping_status":"open","sticky":false,"template":"","format":"standard","meta":{"ngg_post_thumbnail":0,"jetpack_post_was_ever_published":false,"_jetpack_newsletter_access":"","jetpack_publicize_message":"","jetpack_is_tweetstorm":false,"jetpack_publicize_feature_enabled":true,"jetpack_social_post_already_shared":true,"jetpack_social_options":{"image_generator_settings":{"template":"highway","enabled":false}}},"categories":[144,14],"tags":[16,57,151,40,17,152,153],"jetpack_publicize_connections":[],"jetpack_featured_media_url":"","jetpack_shortlink":"https:\/\/wp.me\/p2zHXD-nH","jetpack_sharing_enabled":true,"jetpack_likes_enabled":true,"_links":{"self":[{"href":"http:\/\/www.athletic-brandao.de\/index.php?rest_route=\/wp\/v2\/posts\/1469"}],"collection":[{"href":"http:\/\/www.athletic-brandao.de\/index.php?rest_route=\/wp\/v2\/posts"}],"about":[{"href":"http:\/\/www.athletic-brandao.de\/index.php?rest_route=\/wp\/v2\/types\/post"}],"author":[{"embeddable":true,"href":"http:\/\/www.athletic-brandao.de\/index.php?rest_route=\/wp\/v2\/users\/2"}],"replies":[{"embeddable":true,"href":"http:\/\/www.athletic-brandao.de\/index.php?rest_route=%2Fwp%2Fv2%2Fcomments&post=1469"}],"version-history":[{"count":5,"href":"http:\/\/www.athletic-brandao.de\/index.php?rest_route=\/wp\/v2\/posts\/1469\/revisions"}],"predecessor-version":[{"id":1471,"href":"http:\/\/www.athletic-brandao.de\/index.php?rest_route=\/wp\/v2\/posts\/1469\/revisions\/1471"}],"wp:attachment":[{"href":"http:\/\/www.athletic-brandao.de\/index.php?rest_route=%2Fwp%2Fv2%2Fmedia&parent=1469"}],"wp:term":[{"taxonomy":"category","embeddable":true,"href":"http:\/\/www.athletic-brandao.de\/index.php?rest_route=%2Fwp%2Fv2%2Fcategories&post=1469"},{"taxonomy":"post_tag","embeddable":true,"href":"http:\/\/www.athletic-brandao.de\/index.php?rest_route=%2Fwp%2Fv2%2Ftags&post=1469"}],"curies":[{"name":"wp","href":"https:\/\/api.w.org\/{rel}","templated":true}]}}