{"id":1480,"date":"2014-09-08T12:45:16","date_gmt":"2014-09-08T10:45:16","guid":{"rendered":"http:\/\/www.athletic-brandao.de\/?p=1480"},"modified":"2014-09-17T03:53:30","modified_gmt":"2014-09-17T01:53:30","slug":"wenig-weltmeisterlich-loew-spielt-auf-zeit","status":"publish","type":"post","link":"http:\/\/www.athletic-brandao.de\/?p=1480","title":{"rendered":"Wenig weltmeisterlich &#8211; L\u00f6w spielt auf Zeit"},"content":{"rendered":"<p>M\u00fchsamer Auftakt der EM-Qualifikation: Beim hart erk\u00e4mpften Erfolg \u00fcber Schottland l\u00e4sst die deutsche Nationalmannschaft viele W\u00fcnsche offen. Der Bundestrainer wirbt vorsorglich um Geduld: &#8220;Wir werden improvisieren m\u00fcssen.&#8221;<\/p>\n<p><!--more--><\/p>\n<p><strong>Es waren nur diese zwei kurzen Momente, die in Dortmund weltmeisterlichen Charme verbreiteten, und sie trugen den Namen Thomas M\u00fcller. Erst k\u00f6pfte der M\u00fcnchener den Ball wie einst Uwe Seeler in die Maschen: bedr\u00e4ngt von zwei m\u00e4chtigen Gegenspielern, mit dem Hinterkopf, eine Bogenlampe aus schwieriger Position. Den Siegtreffer beim m\u00fchsamen 2:1-Sieg \u00fcber Schottland zum Auftakt der EM-Qualifikation hat er dagegen einfach reingem\u00fcllert: ein Abstauber aus kurzer Distanz. Mit diesem &#8220;Bomber der Nation&#8221;-Ged\u00e4chtnistreffer hatte der Bayern-Star auch beim Titelgewinn in Brasilien gegl\u00e4nzt.<\/strong><\/p>\n<p>&#8220;Er ist eine Maschine&#8221;, sagte G\u00e4ste-Trainer Gordon Strachan sp\u00e4ter mit h\u00f6chsten Respekt. &#8220;Er kann mich nicht mehr verbl\u00fcffen&#8221;, \u00e4u\u00dferte dagegen Joachim L\u00f6w hochachtungsvoll \u00fcber seinen Matchwinner, dem er l\u00e4ngst alles zutraut. Zum Beispiel, dem Bundestrainer durch den vermiedenen Fehlstart das Leben leichter zu machen in der n\u00e4chsten Zeit. Denn insgesamt offenbarte die Partie gegen die mutige &#8220;Tartan Army&#8221; beim Weltmeister etliche Defizite, die es zu beheben gilt.<\/p>\n<p><strong>Der n\u00e4chste Ausfall droht<\/strong><br \/>\n&#8220;Im Oktober werden wir frischer sein\u201c, sagte der DFB-Coach halb entschuldigend, halb angreifend. Bis dahin hofft er darauf, dass einige der WM-Helden ihren Rhythmus wiedergefunden haben. Ob sich Hoffnung auf die R\u00fcckkehr der angeschlagenen Leistungstr\u00e4ger in jedem Fall erf\u00fcllt, ist aber offen.<\/p>\n<p>Zumal nach den l\u00e4ngerfristigen Ausf\u00e4llen von Kapit\u00e4n Bastian Schweinsteiger und Sami Khedira nun auch noch bei Marco Reus eine Zwangspause droht. Der Dortmunder knickte in der Schlussphase bei einem Foul b\u00f6se um, eine Diagnose steht noch aus. Mats Hummels und Mesut \u00d6zil dagegen k\u00f6nnten beim n\u00e4chsten L\u00e4nderspiel-Doppelpack in knapp f\u00fcnf Wochen gegen Irland und Polen wieder dabei sein.<\/p>\n<p><strong>Mit etwas Gl\u00fcck &#8211; und M\u00fcller &#8211; aus der Bredouille<\/strong><br \/>\nIn diese Partien geht die DFB-Elf dann immerhin mit einem Erfolgserlebnis. &#8220;Drei Punkte, das war meine einzige Erwartung heute&#8221;, sagte der Bundestrainer nach dem Spiel und gab sich mit dem Minimalziel zufrieden. L\u00f6w hatte wohl geahnt, dass die Partie gegen den 28. der Weltrangliste m\u00fchselig werden w\u00fcrde, aber auch in diesem Ausma\u00df?<\/p>\n<p>&#8220;In der 2. Halbzeit haben wir zeitweise die Kontrolle verloren&#8221;, gab der 54-J\u00e4hrige freim\u00fctig zu. Nach dem 1:1 von Schottlands Wirbelwind Ikechi Anya (66. Minute) stand die Partie durchaus auf der Kippe, so dass Schottland-Coach Strachan unwidersprochen sagen konnte: &#8220;Da hatte ich wirklich das Gef\u00fchl, dass wir hier sogar gewinnen k\u00f6nnen.&#8221; Mit Gl\u00fcck &#8211; und M\u00fcller &#8211; arbeitete sich die deutsche Nationalmannschaft aus der vor\u00fcbergehenden Bredouille heraus.<\/p>\n<p><strong>Durm mit vielen guten Szenen<\/strong><br \/>\nTrotzdem bleiben viele offene Fragen. Etwa zur Dauerbaustelle Abwehr. Dort kam der Bundestrainer in seinen \u00dcberlegungen nur auf einer Position weiter: Linksverteidiger Erik Durm bewarb sich mit einer mehr als ordentlichen Leistung f\u00fcr weitere Testl\u00e4ufe, nachdem der 22-J\u00e4hrige Shooting-Star vom BVB  gegen Argentinien von Angel di Maria noch schwindelig gespielt wurde. Gegen die Schotten stand Durm defensiv fast immer sicher, und in der Offensive hatte er sogar richtig gute Szenen. Darunter mehrere viel versprechende Flanken, die seine Teamkollegen aber ungenutzt liegen lie\u00dfen.<\/p>\n<p><strong>Rudy mit Schw\u00e4chen &#8211; Gro\u00dfkreutz angez\u00e4hlt<\/strong><br \/>\nBeim Rechtsverteidiger hatte der Bundestrainer die Casting-Show um einen \u00dcberraschungskandidaten erweitert. Der erst kurz vor dem Argentinien-Spiel nachnominierte Sebastian Rudy durfte sein Gl\u00fcck versuchen und erledigte die Aufgabe mit Licht und Schatten. In der Offensive wusste der Hoffenheimer als gelernter Mittelfeldspieler zu \u00fcberzeugen und steuerte auch die feine Vorlage zum 1:0 bei. Doch im R\u00fcckw\u00e4rtsgang offenbarte der 24-J\u00e4hrige auf der ungewohnten Position eklatante M\u00e4ngel im Stellungsspiel. Immer wieder hatte Rudy allergr\u00f6\u00dfte Probleme, Schottlands sp\u00e4teren Torsch\u00fctzen Anya unter Kontrolle zu halten und zwang so ein ums andere Mal auch Abwehrchef Jerome Boateng in schwierige Duelle mit dem Wirbelwind.<\/p>\n<p>Bereits kurz nach Spielende sagte L\u00f6w, dass er auf dieser Position wohl den Kreis der Anw\u00e4rter erweitern wird und sich dazu erneut in der Bundesliga umschaut. Kevin Gro\u00dfkreutz dagegen scheint aus dem Rennen. &#8220;Er wird wohl langfristig nicht bei seinem Klub auf dieser Position spielen&#8221;, sagte L\u00f6w und wies dem BVB-Spieler durch die Blume die T\u00fcr. Im Mittelfeld wird Gro\u00dfkreutz im DFB-Team nicht gebraucht, und daher scheint es nur die Frage einer gewissen Schamfrist, bevor er den Weltmeister aus dem Kader bef\u00f6rdert.<\/p>\n<p><strong>Gesucht: spielerische L\u00f6sungen gegen Betonabwehr<\/strong><br \/>\nIm Mittelfeld und Angriff hofft L\u00f6w darauf, dass sich in ein paar Wochen die Probleme von selbst erledigen. &#8220;Die Spieler sind jetzt nicht im Vollbesitz ihrer Kr\u00e4fte, aber das ist v\u00f6llig normal f\u00fcr diese Phase der Saison&#8221;, so der Bundestrainer. Christoph Kramer und Toni Kroos standen im defensiven Mittelfeld nach hinten ganz ordentlich bis zur Druckphase der Schotten, doch vor allem nach vorne fehlte bei beiden der z\u00fcndende Funken. WM-Edeljoker Andre Sch\u00fcrrle wirkte ungewohnt fahrig, vor allem im Abschluss.<\/p>\n<p>Wie kurz nach der Pause, als er einen Volley-Schuss aus zehn Metern weit \u00fcber das Tor von G\u00e4ste-Keeper Marshall h\u00e4mmerte. So kompakt wie die Schotten, mit zwei Viererketten auf die wenigen Konter hoffend, werden vermutlich alle Gegner der EM-Qualifikation stehen. Selbst wenn ein Mesut \u00d6zil zur\u00fcckkommt, m\u00fcssen hier L\u00f6sungen entwickelt werden, den gegnerischen Abwehrbeton auf spielerische Weise zu knacken. <\/p>\n<p><strong>Auch der Sturm bleibt eine Baustelle<\/strong><br \/>\nIn der Spitze hatte Mario G\u00f6tze nur ganz wenige gute Aktionen. Nachdem der Bundestrainer im Argentinien-Spiel mit Mario Gomez &#8211; erfolglos &#8211; einen echten St\u00fcrmer brachte, versuchte er es nun also wieder mit der falschen Neun, doch der ehemalige Dortmunder blieb bei der R\u00fcckkehr ins fr\u00fchere Westfalenstadion blass.<\/p>\n<p>Obwohl das erwartete Pfeifkonzert gegen den Abtr\u00fcnnigen selbst von der S\u00fcdtrib\u00fcne weitgehend ausblieb, spielte G\u00f6tze an alter Wirkungsst\u00e4tte irgendwie gehemmt. Ein Traumpass auf seinen fr\u00fcheren BVB-Buddy Reus und ein sch\u00f6nes Solo kurz vor Schluss waren insgesamt etwas wenig als Tagesleistung f\u00fcr den hochbegabten Sch\u00fctzen des goldenen WM-Finaltores. &#8220;Wir werden in n\u00e4chster Zeit improvisieren m\u00fcssen&#8221;, gab der Bundestrainer als Losung aus &#8211; und das gilt vermutlich f\u00fcr fast alle Mannschaftsteile.<\/p>\n","protected":false},"excerpt":{"rendered":"<p>M\u00fchsamer Auftakt der EM-Qualifikation: Beim hart erk\u00e4mpften Erfolg \u00fcber Schottland l\u00e4sst die deutsche Nationalmannschaft viele W\u00fcnsche offen. Der Bundestrainer wirbt vorsorglich um Geduld: &#8220;Wir werden improvisieren m\u00fcssen.&#8221;<\/p>\n","protected":false},"author":2,"featured_media":1488,"comment_status":"open","ping_status":"open","sticky":false,"template":"","format":"standard","meta":{"ngg_post_thumbnail":0,"jetpack_post_was_ever_published":false,"_jetpack_newsletter_access":"","jetpack_publicize_message":"","jetpack_is_tweetstorm":false,"jetpack_publicize_feature_enabled":true,"jetpack_social_post_already_shared":true,"jetpack_social_options":{"image_generator_settings":{"template":"highway","enabled":false}}},"categories":[14],"tags":[72,57,250,151,58,17,152,154],"jetpack_publicize_connections":[],"jetpack_featured_media_url":"https:\/\/i0.wp.com\/www.athletic-brandao.de\/wp-content\/uploads\/2014\/09\/westfalenstern.jpg?fit=150%2C150","jetpack_shortlink":"https:\/\/wp.me\/p2zHXD-nS","jetpack_sharing_enabled":true,"jetpack_likes_enabled":true,"_links":{"self":[{"href":"http:\/\/www.athletic-brandao.de\/index.php?rest_route=\/wp\/v2\/posts\/1480"}],"collection":[{"href":"http:\/\/www.athletic-brandao.de\/index.php?rest_route=\/wp\/v2\/posts"}],"about":[{"href":"http:\/\/www.athletic-brandao.de\/index.php?rest_route=\/wp\/v2\/types\/post"}],"author":[{"embeddable":true,"href":"http:\/\/www.athletic-brandao.de\/index.php?rest_route=\/wp\/v2\/users\/2"}],"replies":[{"embeddable":true,"href":"http:\/\/www.athletic-brandao.de\/index.php?rest_route=%2Fwp%2Fv2%2Fcomments&post=1480"}],"version-history":[{"count":12,"href":"http:\/\/www.athletic-brandao.de\/index.php?rest_route=\/wp\/v2\/posts\/1480\/revisions"}],"predecessor-version":[{"id":1501,"href":"http:\/\/www.athletic-brandao.de\/index.php?rest_route=\/wp\/v2\/posts\/1480\/revisions\/1501"}],"wp:featuredmedia":[{"embeddable":true,"href":"http:\/\/www.athletic-brandao.de\/index.php?rest_route=\/wp\/v2\/media\/1488"}],"wp:attachment":[{"href":"http:\/\/www.athletic-brandao.de\/index.php?rest_route=%2Fwp%2Fv2%2Fmedia&parent=1480"}],"wp:term":[{"taxonomy":"category","embeddable":true,"href":"http:\/\/www.athletic-brandao.de\/index.php?rest_route=%2Fwp%2Fv2%2Fcategories&post=1480"},{"taxonomy":"post_tag","embeddable":true,"href":"http:\/\/www.athletic-brandao.de\/index.php?rest_route=%2Fwp%2Fv2%2Ftags&post=1480"}],"curies":[{"name":"wp","href":"https:\/\/api.w.org\/{rel}","templated":true}]}}