{"id":1539,"date":"2014-09-25T02:17:27","date_gmt":"2014-09-25T00:17:27","guid":{"rendered":"http:\/\/www.athletic-brandao.de\/?p=1539"},"modified":"2014-10-02T15:36:48","modified_gmt":"2014-10-02T13:36:48","slug":"das-%e2%80%a8abwehrchaos-kostet-dortmund-erneut-punkte","status":"publish","type":"post","link":"http:\/\/www.athletic-brandao.de\/?p=1539","title":{"rendered":"Das \u2028Abwehrchaos kostet Dortmund erneut Punkte"},"content":{"rendered":"<p>Mit einem Kraftakt rettet die Borussia ein Remis gegen das bisherige Schlusslicht VfB Stuttgart. Doch das gro\u00dfe Manko des BVB wird zum wiederholten Mal in dieser Saison \u00fcberdeutlich.<!--more--><\/p>\n<p>Direkt nach der Partie im fr\u00fcheren Westfalenstadion ging der BVB noch mal gro\u00df in die Offensive, um zumindest die Meinungshoheit zur\u00fcckzuerobern. \u201eWir haben das letzte Tor geschossen, also sind wir der gef\u00fchlte Sieger\u201c, sagte Borussia Dortmunds Trainer J\u00fcrgen Klopp nach dem am Ende dramatischen 2:2 gegen den VfB Stuttgart. Defensive ist nun mal kein schwarz-gelbes Ding in dieser Saison, da unterscheidet sich der oberste PR-Aktivist der Westfalen in keinster Weise von seiner eigenen Mannschaft. Denn die offenbarte selbst gegen das bisherige Schlusslicht der Liga teils eklatante M\u00e4ngel im R\u00fcckw\u00e4rtsgang.<\/p>\n<p><strong>Klopp muss an Grundlegendes erinnern<\/strong><br \/>\n\u201eEs fehlt uns an defensiven Qualit\u00e4ten, ganz klar\u201c, gab Mats Hummels freim\u00fctig zu. Der neue Kapit\u00e4n der Borussia ging in der Analyse voran. \u201eWir haben bereits neun Gegentore nach f\u00fcnf Spielen. Das m\u00fcssen wir als Team besser verteidigen.&#8221; Bewusst bezog er alle Mannschaftsteile mit ein, denn in fast \u00e4hnlicher Besetzung hatte der BVB vor einer Woche noch eine beeindruckende Pressing- und Gegenpressing-Gala gegen den FC Arsenal hingelegt. Der Nationalspieler selbst feierte nun gegen Stuttgart sein Saisondeb\u00fct, brachte aber erst ein wenig Stabilit\u00e4t ins Spiel, als es schon fast zu sp\u00e4t war: Als Joker Hummels in der 74. Minute auf den Platz kam, hatte Torwart Roman Weidenfeller schon zwei Mal hinter sich greifen m\u00fcssen.<\/p>\n<p>\u201eWas wir f\u00fcr Gegentore bekommen, ist einfach Quatsch\u201c, ereiferte sich auch Trainer Klopp in der Nachbetrachtung. Wie schon beim verpatzten Bundesliga-Auftakt gegen Leverkusen oder zuletzt bei der Pleite in Mainz fielen auch die beiden Treffer der bislang so harmlosen Stuttgarter auf ausdr\u00fcckliche Einladung des BVB. Beim 0:1 kurz nach der Pause durch Daniel Didavi hatte Dortmund mehrfach die M\u00f6glichkeit, den Ball ganz simpel zu kl\u00e4ren. Doch weder Sokratis, Ciro Immobile noch Marcel Schmelzer nutzten ihre Chance. Stattdessen reklamierten die Dortmunder lieber bei Christian Gentners finalem Pass an den F\u00fcnfmeterraum. \u201eWir winken da Abseits, war es aber wohl nicht. Die Situation endet erst, wenn der Schiedsrichter pfeift\u201c, f\u00fchlte sich Klopp bem\u00fc\u00dfigt, an Grundlegendes zu erinnern.<\/p>\n<p><strong>Stuttgart verpasst die Entscheidung<\/strong><br \/>\nDie Szene beim zweiten Gegentor brachte ihn sogar noch mehr auf die Palme: \u201eDas habe ich in 209 Spielen f\u00fcr den BVB auch noch nicht erlebt, dass wir mal mit Eins gegen Zwei in der eigenen Abwehr stehen\u201c, schimpfte Klopp und brachte sein Jubil\u00e4um als neuer Rekordcoach der Dortmunder noch l\u00e4ssig mit ein. \u00c4hnlich l\u00e4ssig hatte Schmelzer in der 68. Minute in eben jenem Eins gegen Zwei zu kl\u00e4ren versucht. Doch der Pass des linken Au\u00dfenverteidigers landete in den F\u00fc\u00dfen von Timo Werner, der keine M\u00fche hatte, erneut Didavi f\u00fcr das 0:2 freizuspielen. \u201eWir machen zwei gravierende Fehler. Was wir mit den H\u00e4nden aufbauen, rei\u00dfen wir mit dem Hintern wieder ein\u201c, urteilte Klopp und hatte dabei bestimmt auch den Ungl\u00fccksraben Schmelzer im Sinn.<\/p>\n<p>Das waren nicht die einzigen schwachen Aktionen der BVB-Defensive gegen eine Stuttgarter Mannschaft, die doch eigentlich ohne Selbstvertrauen und mit nur einem einzigen mickrigen Trefferchen nach Westfalen gereist war. Schon im ersten Durchgang kamen Gentner und Werner gef\u00e4hrlich vors Tor der Gastgeber (10., 23.). Selbst nach Hummels Einwechslung gab es eine weitere Riesenchance. Doch weder Gentner noch Joker Vedad Ibisevic vermochten das Missverst\u00e4ndnis zwischen dem Abwehrchef des BVB und seinem langj\u00e4hrigen Partner in der Innenverteidigung, Neven Subotic, zu nutzen (84.). \u201eDa h\u00e4tten wir das 3:1 machen m\u00fcssen\u201c, \u00e4rgerte sich VfB-Trainer Armin Veh sp\u00e4ter. Es w\u00e4re der Deckel auf die Partie gewesen, und der erste Saisonsieg \u00fcberhaupt f\u00fcr die Schwaben, die erst kurz vor der Partie ihren Sportvorstand Fredi Bobic vor die T\u00fcr gesetzt hatten.<\/p>\n<p><strong>Kagawa gl\u00e4nzt nur ein einziges Mal<\/strong><br \/>\nAuch dank der fehlenden Kaltschn\u00e4uzigkeit der Stuttgarter durfte sich der Favorit am Ende doch noch \u00fcber einen Punkt freuen. Denn erst brachte Pierre-Emerick Aubameyang den BVB nach Vorarbeit von Lukasz Piszczek wieder auf 1:2 ran (73.). Vier Minuten vor Ende der regul\u00e4ren Spielzeit rettete Ciro Immobile dem BVB mit seinem Treffer aus spitzem Winkel das Remis. VfB-Keeper Sven Ulreich hatte sich zuvor bei Schmelzers scharfer Freisto\u00df-Flanke versch\u00e4tzt. Wenn VfB-Nationalspieler Antonio R\u00fcdiger in der Nachspielzeit bei Piszczeks Gewaltschuss nicht goldrichtig auf der Linie gestanden h\u00e4tte, w\u00e4re sogar noch der Sieg raus gesprungen.<\/p>\n<p>\u201eEin 3:2 w\u00e4re des Guten zuviel gewesen\u201c, erkannte aber auch Klopp an. Denn insgesamt hatte seine Mannschaft extrem viel Leerlauf gezeigt. Bis zur frenetisch gefeierten Aufholjagd in der letzten Viertelstunde klappte bei Dortmund auch nach vorne fast nichts. Im Spielaufbau unterliefen Milos Jojic Fehler im Minutentakt, es war das wohl schlechteste Spiel des Serben im BVB-Dress. Ganz vorne war Shinji Kagawa damit \u00fcberfordert, Offensivszenen zu erfinden. Einzig sein Lattentreffer (33.) war sehenswert.<\/p>\n<p><strong>Schalke k\u00f6nnte am BVB vorbeiziehen<\/strong><br \/>\nNicht die besten Aussichten also f\u00fcr den ambitionierten Vizemeister, der zudem auch am kommenden Wochenende weiter auf seine hoch begabten Kreativkr\u00e4fte Marco Reus, Henrich Mchitarjan und Ilkay G\u00fcndogan verzichten muss. Neben vielen anderen Verletzten. Samstag steht das Prestigeduell auf Schalke an, und auf einmal k\u00f6nnte der noch schlechter gestartete Revierrivale mit einem Sieg sogar an den Westfalen vorbeiziehen, die sich inzwischen im Niemandsland der noch jungen Bundesliga-Tabelle wiederfinden. Aber das ist vermutlich zu defensiv gedacht f\u00fcr einen Klub wie dem BVB. Dessen Fans hatten schon nach Abpfiff die Meinungshoheit \u00fcbernommen und waren lautstark zum Angriff \u00fcbergegangen: \u201eWir woll\u2018n den Derbysieg.\u201c<\/p>\n","protected":false},"excerpt":{"rendered":"<p>Mit einem Kraftakt rettet die Borussia ein Remis gegen das bisherige Schlusslicht VfB Stuttgart. Doch das gro\u00dfe Manko des BVB wird zum wiederholten Mal in dieser Saison \u00fcberdeutlich.<\/p>\n","protected":false},"author":2,"featured_media":0,"comment_status":"open","ping_status":"open","sticky":false,"template":"","format":"standard","meta":{"ngg_post_thumbnail":0,"jetpack_post_was_ever_published":false,"_jetpack_newsletter_access":"","jetpack_publicize_message":"","jetpack_is_tweetstorm":false,"jetpack_publicize_feature_enabled":true,"jetpack_social_post_already_shared":true,"jetpack_social_options":{"image_generator_settings":{"template":"highway","enabled":false}}},"categories":[27,14],"tags":[16,246,33,98,158],"jetpack_publicize_connections":[],"jetpack_featured_media_url":"","jetpack_shortlink":"https:\/\/wp.me\/p2zHXD-oP","jetpack_sharing_enabled":true,"jetpack_likes_enabled":true,"_links":{"self":[{"href":"http:\/\/www.athletic-brandao.de\/index.php?rest_route=\/wp\/v2\/posts\/1539"}],"collection":[{"href":"http:\/\/www.athletic-brandao.de\/index.php?rest_route=\/wp\/v2\/posts"}],"about":[{"href":"http:\/\/www.athletic-brandao.de\/index.php?rest_route=\/wp\/v2\/types\/post"}],"author":[{"embeddable":true,"href":"http:\/\/www.athletic-brandao.de\/index.php?rest_route=\/wp\/v2\/users\/2"}],"replies":[{"embeddable":true,"href":"http:\/\/www.athletic-brandao.de\/index.php?rest_route=%2Fwp%2Fv2%2Fcomments&post=1539"}],"version-history":[{"count":9,"href":"http:\/\/www.athletic-brandao.de\/index.php?rest_route=\/wp\/v2\/posts\/1539\/revisions"}],"predecessor-version":[{"id":1548,"href":"http:\/\/www.athletic-brandao.de\/index.php?rest_route=\/wp\/v2\/posts\/1539\/revisions\/1548"}],"wp:attachment":[{"href":"http:\/\/www.athletic-brandao.de\/index.php?rest_route=%2Fwp%2Fv2%2Fmedia&parent=1539"}],"wp:term":[{"taxonomy":"category","embeddable":true,"href":"http:\/\/www.athletic-brandao.de\/index.php?rest_route=%2Fwp%2Fv2%2Fcategories&post=1539"},{"taxonomy":"post_tag","embeddable":true,"href":"http:\/\/www.athletic-brandao.de\/index.php?rest_route=%2Fwp%2Fv2%2Ftags&post=1539"}],"curies":[{"name":"wp","href":"https:\/\/api.w.org\/{rel}","templated":true}]}}