{"id":1663,"date":"2014-12-10T13:38:19","date_gmt":"2014-12-10T11:38:19","guid":{"rendered":"http:\/\/www.athletic-brandao.de\/?p=1663"},"modified":"2014-12-10T14:04:08","modified_gmt":"2014-12-10T12:04:08","slug":"dortmunds-t-frage-vergeblicher-punktsieg-fuer-langerak","status":"publish","type":"post","link":"http:\/\/www.athletic-brandao.de\/?p=1663","title":{"rendered":"Dortmunds T-Frage: vergeblicher Punktsieg f\u00fcr Langerak?"},"content":{"rendered":"<p>Beim Remis gegen Anderlecht macht der BVB-Keeper mit einer Glanzparade beste Eigenwerbung. Ob das im Wettstreit mit dem Konkurrenten Roman Weidenfeller wirklich weiterhilft, ist aber fraglich.<!--more--><\/p>\n<p><strong>Nur zw\u00f6lf Minuten dauerte es, bis Mitchell Langerak zum ersten Mal wirklich beweisen durfte, warum er zurzeit im Tor von Borussia Dortmund steht. Beim Stande von 0:0 st\u00fcrmte Aleksandar Mitrovic alleine auf die provisorische Nummer eins des BVB zu, doch der Angreifer des RSC Anderlecht scheiterte am Australier. Souver\u00e4n verhinderte der Keeper einen fr\u00fchen R\u00fcckstand im letzten Vorrundenspiel der Champions League und wahrte damit Dortmunds Chance auf Rang eins in der Gruppe D.<\/strong><\/p>\n<p>Am Ende hie\u00df es 1:1, und neben beiden Teams konnte sich auch Langerak als Punktsieger f\u00fchlen. Doch ob ihm die Glanzparade im Duell mit Weltmeister Roman Weidenfeller um den Platz im Tor des Vizemeisters auch mittelfristig wirklich weiterhilft?<\/p>\n<p><strong>Langerak: &#8220;Keine Ahnung, wie es weitergeht&#8221;<\/strong><br \/>\n&#8220;Roman ist die Nummer eins, ich bin die Nummer zwei. Etwas anderes w\u00fcrde ich nur sagen, wenn ich schon 40 oder 50 Spiele gemacht h\u00e4tte&#8221;, sagte der Australier nach der Partie ganz bescheiden. Damit erwiderte er die H\u00f6flichkeit des Kontrahenten, der ihm vor dem viel beachteten Wechsel im Tor der wankenden Liga-Gr\u00f6\u00dfe als fairer Sportsmann Gl\u00fcck gew\u00fcnscht hatte.<\/p>\n<p>Eine klare, anders lautende Aussage von BVB-Trainer J\u00fcrgen Klopp gibt es zu dieser Personalie bislang nicht, das best\u00e4tigt auch Langerak. &#8220;Ich habe keine Ahnung, wie es weitergeht. Aber es war sch\u00f6n, heute in der Champions League zu spielen.&#8221; Klopp mag sich bislang nicht festlegen, offenbar befindet sich der Coach noch in der Findungsphase, was die Reichweite dieser wichtigen Entscheidung angeht.<\/p>\n<p><strong>Keine schnelle Rolle r\u00fcckw\u00e4rts<\/strong><br \/>\nDer Wechsel von Langerak auf Weidenfeller vor f\u00fcnf Tagen war f\u00fcr Klopp das gr\u00f6\u00dftm\u00f6gliche Zeichen, das er der Mannschaft in der Stunde der schlimmsten Krise als Bundesliga-Schlusslicht geben konnte. Niemand ist sich seines Platzes sicher, sollte das hei\u00dfen, nicht einmal ein Weltmeister mit der Erfahrung aus 321 Liga-Partien f\u00fcr den BVB.<\/p>\n<p>F\u00fcr den Moment hat das funktioniert, im Spiel gegen die TSG Hoffenheim riss sich das Team endlich zusammen und erk\u00e4mpfte sich mit stark verbesserter Einstellung einen 1:0-Sieg, der als Befreiungsschlag verstanden wurde und von dem sich Dortmund die Trendwende erhofft. Langerak hatte dabei nicht eine einzige M\u00f6glichkeit, sein K\u00f6nnen unter Beweis zu stellen, aber darauf kam es letztlich auch nicht an. Dass Klopp aber nach dem vom Ergebnis her gelungenen Experiment keine Rolle r\u00fcckw\u00e4rts machen konnte, versteht sich von selbst.<\/p>\n<p><strong>Nach der Winterpause wird Weidenfeller gebraucht<\/strong><br \/>\nDas muss jedoch nicht so bleiben, jedenfalls mittelfristig. Wahrscheinlich erscheint, dass Langerak zun\u00e4chst die Hinrunde als Nummer eins weiterspielt, in der Winterpause aber die Karten neu gemischt werden. Denn alles andere w\u00e4re fahrl\u00e4ssig vom BVB. Nationalspieler Langerak ist gerade erst f\u00fcr Australiens vorl\u00e4ufigen Kader des Asien Cups nominiert worden, der vom 9. bis zum 31. Januar ausgetragen wird. &#8220;Ich will dabei sein. Es ist eine Ehre f\u00fcr mich&#8221;, sagte der Keeper. Die Nummer zwei der Socceroos wird also vermutlich die komplette Bundesliga-Vorbereitung verpassen und &#8211; falls seine Nationalmannschaft weit kommt &#8211; auch den R\u00fcckrunden-Auftakt in Leverkusen.<\/p>\n<p>Es deutet also einiges darauf hin, Weidenfeller nach der Winterpause wieder ins BVB-Tor zur\u00fcckzuholen. Daf\u00fcr spricht auch, dass Klopp inzwischen bem\u00fcht ist, im Verh\u00e4ltnis zum degradierten Weidenfeller zu deeskalieren. &#8220;Ich vertraue Roman zu hundert Prozent&#8221;, sagte Klopp schon zuletzt und legte nun nach: &#8220;Es war abgesprochen, dass Mitch das Champions-League-Spiel kriegt. Das hat mit der Gesamtsituation nichts zu tun.&#8221;<\/p>\n<p><strong>Stolze Serie &#8211; mit einem Makel<\/strong><br \/>\nEine rein sportliche Entscheidung bei diesem Torwartr\u00e4tsel ist kaum zu sehen. Beide Keeper liegen in ihrem Leistungsverm\u00f6gen dicht beieinander. Weidenfeller hat zwar j\u00fcngst einige Schw\u00e4chen gezeigt, wie in K\u00f6ln oder Frankfurt in der Liga. Seine Defizite als mitspielender Torwart sind ohnehin seit Jahren bekannt. Daf\u00fcr d\u00fcrfte der 34-J\u00e4hrige seinem Herausforderer in Sachen Reaktionsst\u00e4rke auf der Linie immer noch \u00fcberlegen sein. Au\u00dferdem spielt er im Mannschaftsgef\u00fcge eine bedeutende Rolle.<\/p>\n<p>Langerak ist vielleicht der etwas bessere Fu\u00dfballer und niemand beim BVB hat ein mulmiges Gef\u00fchl, wenn er aushilft. Aber als \u00fcberragender Nachwuchskeeper der Marke Neuer, als &#8220;logischer Nachfolger Weidenfellers&#8221; ist er in den vier Jahren beim Revierklub aber auch nicht aufgefallen. Zwar wird bei jeder Gelegenheit auf seine stolze Serie verwiesen, in der Liga \u00fcberhaupt erst ein Spiel verloren zu haben. Dass er in 12 Bundesliga-Auftritten aber auch schon 16 Gegentreffer kassierte, f\u00e4llt meistens wohlwollend unter den Tisch.<\/p>\n<p><strong>Beide Keeper auf dem Pr\u00fcfstand<\/strong><br \/>\nGut m\u00f6glich, dass nach der Winterpause das Wechselspielchen auf dieser so neuralgischen Position erst einmal weitergeht. Ebenso gut m\u00f6glich, dass der BVB inzwischen nach einer externen L\u00f6sung f\u00fcr die Torwartfrage sucht. Sicher kann sich jedenfalls keiner der beiden aktuellen Kontrahenten in Dortmund mehr f\u00fchlen.<\/p>\n","protected":false},"excerpt":{"rendered":"<p>Beim Remis gegen Anderlecht macht der BVB-Keeper mit einer Glanzparade beste Eigenwerbung. Ob das im Wettstreit mit dem Konkurrenten Roman Weidenfeller wirklich weiterhilft, ist aber fraglich.<\/p>\n","protected":false},"author":2,"featured_media":0,"comment_status":"open","ping_status":"open","sticky":false,"template":"","format":"standard","meta":{"ngg_post_thumbnail":0,"jetpack_post_was_ever_published":false,"_jetpack_newsletter_access":"","jetpack_publicize_message":"","jetpack_is_tweetstorm":false,"jetpack_publicize_feature_enabled":true,"jetpack_social_post_already_shared":true,"jetpack_social_options":{"image_generator_settings":{"template":"highway","enabled":false}}},"categories":[66,14],"tags":[16,248,33,173,139,159],"jetpack_publicize_connections":[],"jetpack_featured_media_url":"","jetpack_shortlink":"https:\/\/wp.me\/p2zHXD-qP","jetpack_sharing_enabled":true,"jetpack_likes_enabled":true,"_links":{"self":[{"href":"http:\/\/www.athletic-brandao.de\/index.php?rest_route=\/wp\/v2\/posts\/1663"}],"collection":[{"href":"http:\/\/www.athletic-brandao.de\/index.php?rest_route=\/wp\/v2\/posts"}],"about":[{"href":"http:\/\/www.athletic-brandao.de\/index.php?rest_route=\/wp\/v2\/types\/post"}],"author":[{"embeddable":true,"href":"http:\/\/www.athletic-brandao.de\/index.php?rest_route=\/wp\/v2\/users\/2"}],"replies":[{"embeddable":true,"href":"http:\/\/www.athletic-brandao.de\/index.php?rest_route=%2Fwp%2Fv2%2Fcomments&post=1663"}],"version-history":[{"count":6,"href":"http:\/\/www.athletic-brandao.de\/index.php?rest_route=\/wp\/v2\/posts\/1663\/revisions"}],"predecessor-version":[{"id":1672,"href":"http:\/\/www.athletic-brandao.de\/index.php?rest_route=\/wp\/v2\/posts\/1663\/revisions\/1672"}],"wp:attachment":[{"href":"http:\/\/www.athletic-brandao.de\/index.php?rest_route=%2Fwp%2Fv2%2Fmedia&parent=1663"}],"wp:term":[{"taxonomy":"category","embeddable":true,"href":"http:\/\/www.athletic-brandao.de\/index.php?rest_route=%2Fwp%2Fv2%2Fcategories&post=1663"},{"taxonomy":"post_tag","embeddable":true,"href":"http:\/\/www.athletic-brandao.de\/index.php?rest_route=%2Fwp%2Fv2%2Ftags&post=1663"}],"curies":[{"name":"wp","href":"https:\/\/api.w.org\/{rel}","templated":true}]}}