{"id":1667,"date":"2014-12-10T13:48:02","date_gmt":"2014-12-10T11:48:02","guid":{"rendered":"http:\/\/www.athletic-brandao.de\/?p=1667"},"modified":"2015-01-11T21:48:35","modified_gmt":"2015-01-11T19:48:35","slug":"dortmunds-notelf-laeuft-auf-der-felge-zum-maximalziel","status":"publish","type":"post","link":"http:\/\/www.athletic-brandao.de\/?p=1667","title":{"rendered":"Dortmunds Notelf l\u00e4uft auf der Felge zum &#8220;Maximalziel&#8221;"},"content":{"rendered":"<p>Mit Sahin und Co. knapp zu Rang eins: Im Gruppenfinale der Champions League gegen den RSC Anderlecht feiern gleich drei Dortmunder Sorgenkinder ihr Comeback.<!--more--><\/p>\n<p><strong>\u00dcber die Art und Weise, wie Borussia Dortmund seine Sorgenkinder ins Team integriert, l\u00e4sst sich vermutlich die gesamte Hinrunde des Klubs definieren. W\u00e4hrend anderswo die Langzeitverletzten behutsam an den Wettbewerb herangef\u00fchrt werden, m\u00fcssen die taumelnden Schwarz-Gelben ihre Helden stets ins kalte Wasser werfen.<\/strong><\/p>\n<p>Das war bei Ilkay G\u00fcndogan so, als er vor einigen Wochen nach \u00fcber einem Jahr Zwangspause direkt in der Bundesliga-Startelf gebraucht wurde. Und im letzten Gruppenspiel der Champions League war das nun nicht anders: Nuri Sahin etwa feierte beim 1:1 gegen den RSC Anderlecht sein Saisondeb\u00fct und musste in der wild durcheinander gewirbelten Dortmunder Notelf gleich 90 Minuten durchhalten.<\/p>\n<p><strong>Team bleibt trotz Umstellungen in der Spur<\/strong><br \/>\n&#8220;Morgen wird bestimmt ein Schei\u00dftag&#8221;, sagte Sahin nach der beeindruckenden Energieleistung &#8211; ebenso gl\u00fccklich wie fix und fertig: &#8220;Ich habe Fu\u00dfball so vermisst.&#8221; Sieben Monate stand das Dortmunder Urgestein nicht in einem Pflichtspiel auf dem Platz, doch weil der BVB kurz vor der Partie in der K\u00f6nigsklasse in Mats Hummels und Lukasz Piszczek erneut zwei prominente Ausf\u00e4lle zu beklagen hatte, musste der Mittelfeldstratege pl\u00f6tzlich helfen, gegen die Belgier Rang eins in der Gruppe D zu sichern.<\/p>\n<p>Mit Erfolg, denn trotz des sp\u00e4ten Ausgleichs durch Aleksandar Mitrovic (84.) qualifizierte sich Borussia Dortmund zum dritten Mal in Folge als Gruppenspieger f\u00fcr das Achtelfinale der K\u00f6nigsklasse. &#8220;Maximalziel erreicht, alles gut&#8221;, bilanzierte Klopp sp\u00e4ter zufrieden, obwohl nur ein Remis heraussprang, das viele W\u00fcnsche offen lie\u00df. Die Quintessenz f\u00fcr den BVB-Trainer f\u00fcr die kommenden Aufgaben war aber: &#8220;Trotz aller Umstellungen ist die Mannschaft in der Spur geblieben.&#8221;<\/p>\n<p><strong>Klopp: &#8220;Uns sind die Kr\u00e4fte ausgegangen&#8221;<\/strong><br \/>\nDass sich der BVB zu einer weiteren Gala wie in den ersten vier Partien der Champions League aufschwingen w\u00fcrde, war nach den turbulenten letzten Wochen aber auch nicht zu erwarten. &#8220;Die Mannschaft musste bei\u00dfen&#8221;, erkl\u00e4rte Klopp und entschuldigte damit auch die deutlichen Unsicherheiten in der Defensive sowie die mangelnde Chancenverwertung im Spiel nach vorn.<\/p>\n<p>Im Vergleich zum j\u00fcngsten Liga-Sieg \u00fcber Hoffenheim hatte er sein Team gleich auf sechs Positionen ver\u00e4ndert. In der Abwehr r\u00fcckten Erik Durm und Matthias Ginter zur\u00fcck in die Startelf, Kevin Gro\u00dfkreutz und Shinji Kagawa halfen mit Sahin in der Schaltzentrale aus, im Sturm bekam Ciro Immobile eine neue Chance. Und nach Sebastian Kehls Rippenprellung musste G\u00fcndogan vom offensiven zur\u00fcck ins defensive Mittelfeld. Zum Ende der Partie warf Klopp dann sogar noch Oliver Kirch und Jakub Blaszczykowski f\u00fcr einige Minuten ins Geschehen &#8211; auch diese beiden seit Ewigkeiten ohne Spielpraxis. &#8220;Hintenraus sind uns die Kr\u00e4fte ausgegangen&#8221;, erkl\u00e4rte der Coach.<\/p>\n<p><strong>Klopp bittet um Geduld bei Mchitarjan<\/strong><br \/>\nF\u00fcr alle Freunde der Borussia war das erfolgreiche Comeback des Trios aus dem BVB-Lazarett immerhin ein Lichtblick. Genau wie der neuerlich starke Auftritt G\u00fcndogans. In einigen Szenen erinnerte der Spielgestalter schon wieder an seine Glanzzeiten. Immer wieder gelangen ihm tolle P\u00e4sse, die das Spielfeld \u00f6ffneten. Wenn seine Teamkollegen die Geniestreiche besser umgesetzt h\u00e4tten, w\u00e4re der BVB locker mit dem f\u00fcnften Sieg im sechsten Spiel der Vorrunde vom Platz gegangen.<\/p>\n<p>Alleine Henrich Mchitarjan besa\u00df vier Riesenchancen. Doch der Armenier hat fu\u00dfballerisch die Seuche. Wie in der 82. Minute, als er ein sensationelles Solo nicht mit dem Treffer kr\u00f6nen konnte. &#8220;Das haut ihm nat\u00fcrlich ins Geb\u00e4lk&#8221;, nahm Klopp seinen ebenso eifrigen wie gl\u00fccklosen Antreiber in Schutz und k\u00fcndigte an: &#8220;Wir m\u00fcssen ihm jetzt helfen.&#8221; Denn langsam beginnt auch das geduldige BVB-Publikum die Geduld zu verlieren mit dem Hochbegabten, der sich so viele M\u00f6glichkeiten erspielt wie kaum ein anderer offensiver Mittelfeldspieler in Europa. &#8220;Wir brauchen ihn wie das Wasser&#8221;, sagte Klopp und bat um Zeit: &#8220;Der Tag wird kommen, da geht bei Miki der Knopf auf und er trifft zwei, drei Mal in einen Spiel.&#8221;<\/p>\n<p><strong>Immobile in allerbester St\u00fcrmer-Manier<\/strong><br \/>\nNur einen Treffer, aber immerhin schon seinen vierten in der Champions League erzielte dagegen Ciro Immobile gegen Anderlecht. Der oft kritisierte St\u00fcrmer erwacht in der K\u00f6nigsklasse regelm\u00e4\u00dfig zum Leben. Auch gegen die frechen Belgier, die sich als Gruppendritter hinter dem FC Arsenal mit dem Einzug in die Europa League tr\u00f6sten konnten, verdiente er sich sein Erfolgserlebnis. &#8220;Er ist ein K\u00e4mpfer&#8221;, lobte Klopp seine einzige Sturmspitze.<\/p>\n<p>Bereits im ersten Durchgang erarbeitete sich Immobile drei gute Chancen, ehe er in der 58. Minute nach Sahins perfektem Pass in allerbester St\u00fcrmer-Manier zur zwischenzeitlichen F\u00fchrung abschloss. &#8220;Das Tor hat mir sehr gut getan&#8221;, sagte der 24-J\u00e4hrige, der beim BVB noch auf den Durchbruch wartet. Wie seine Kollegen blickte Immobile nach dem Spiel aber bereits nach vorne und w\u00fcnschte sich aus den kommenden Ligapartien m\u00f6glichst viele Punkte. &#8220;Dann k\u00f6nnen wir alle etwas entspannter Weihnachten feiern.&#8221;<\/p>\n<p><strong>Die n\u00e4chsten Sorgenkinder kommen zur\u00fcck<\/strong><br \/>\nBeim n\u00e4chsten Spiel in Berlin ist jedenfalls personell wieder etwas Entspannung angesagt. Die R\u00fcckkehr von Au\u00dfenverteidiger Piszczek ist &#8220;auf keinen Fall gef\u00e4hrdet&#8221;, wie Klopp verriet. Bei den R\u00fcckenproblemen von Kapit\u00e4n Hummels geht der Trainer davon aus, &#8220;dass wir das hinbekommen&#8221;. Und auch Antreiber Kehl wird trotz Pferdekuss und Rippenprellung alles versuchen, f\u00fcr den Liga-Endspurt fit zu sein. Dann k\u00f6nnte der BVB mit etwas Verz\u00f6gerung versuchen, was er sich eigentlich schon f\u00fcr Anderlecht vorgenommen hatte: N\u00e4mlich sich mit der vermeintlich besten Mannschaft endlich mehr Sicherheit zu erarbeiten.<\/p>\n","protected":false},"excerpt":{"rendered":"<p>Mit Sahin und Co. knapp zu Rang eins: Im Gruppenfinale der Champions League gegen den RSC Anderlecht feiern gleich drei Dortmunder Sorgenkinder ihr Comeback.<\/p>\n","protected":false},"author":2,"featured_media":0,"comment_status":"open","ping_status":"open","sticky":false,"template":"","format":"standard","meta":{"ngg_post_thumbnail":0,"jetpack_post_was_ever_published":false,"_jetpack_newsletter_access":"","jetpack_publicize_message":"","jetpack_is_tweetstorm":false,"jetpack_publicize_feature_enabled":true,"jetpack_social_post_already_shared":true,"jetpack_social_options":{"image_generator_settings":{"template":"highway","enabled":false}}},"categories":[66,14],"tags":[16,248,33,175,159],"jetpack_publicize_connections":[],"jetpack_featured_media_url":"","jetpack_shortlink":"https:\/\/wp.me\/p2zHXD-qT","jetpack_sharing_enabled":true,"jetpack_likes_enabled":true,"_links":{"self":[{"href":"http:\/\/www.athletic-brandao.de\/index.php?rest_route=\/wp\/v2\/posts\/1667"}],"collection":[{"href":"http:\/\/www.athletic-brandao.de\/index.php?rest_route=\/wp\/v2\/posts"}],"about":[{"href":"http:\/\/www.athletic-brandao.de\/index.php?rest_route=\/wp\/v2\/types\/post"}],"author":[{"embeddable":true,"href":"http:\/\/www.athletic-brandao.de\/index.php?rest_route=\/wp\/v2\/users\/2"}],"replies":[{"embeddable":true,"href":"http:\/\/www.athletic-brandao.de\/index.php?rest_route=%2Fwp%2Fv2%2Fcomments&post=1667"}],"version-history":[{"count":2,"href":"http:\/\/www.athletic-brandao.de\/index.php?rest_route=\/wp\/v2\/posts\/1667\/revisions"}],"predecessor-version":[{"id":1669,"href":"http:\/\/www.athletic-brandao.de\/index.php?rest_route=\/wp\/v2\/posts\/1667\/revisions\/1669"}],"wp:attachment":[{"href":"http:\/\/www.athletic-brandao.de\/index.php?rest_route=%2Fwp%2Fv2%2Fmedia&parent=1667"}],"wp:term":[{"taxonomy":"category","embeddable":true,"href":"http:\/\/www.athletic-brandao.de\/index.php?rest_route=%2Fwp%2Fv2%2Fcategories&post=1667"},{"taxonomy":"post_tag","embeddable":true,"href":"http:\/\/www.athletic-brandao.de\/index.php?rest_route=%2Fwp%2Fv2%2Ftags&post=1667"}],"curies":[{"name":"wp","href":"https:\/\/api.w.org\/{rel}","templated":true}]}}