{"id":1675,"date":"2015-01-11T21:46:54","date_gmt":"2015-01-11T19:46:54","guid":{"rendered":"http:\/\/www.athletic-brandao.de\/?p=1675"},"modified":"2015-01-18T19:40:09","modified_gmt":"2015-01-18T17:40:09","slug":"bvb-hoffnungstraeger-kampl-verzichtet-gerne-auf-die-schonfrist","status":"publish","type":"post","link":"http:\/\/www.athletic-brandao.de\/?p=1675","title":{"rendered":"BVB-Hoffnungstr\u00e4ger Kampl verzichtet gerne auf die Schonfrist"},"content":{"rendered":"<p>F\u00fcr den Neuzugang sind alle Dortmund-Regeln au\u00dfer Kraft gesetzt &#8211; er muss sofort einschlagen, damit die Krise bew\u00e4ltigt wird. Sorgen macht ihm das aber nicht.<!--more--><\/p>\n<p><strong>Wenn alle so anpacken w\u00fcrden wie Kevin Kampls Clan &#8211; Borussia Dortmund st\u00fcnde aktuell sicher nicht auf dem vorletzten Tabellenlatz. Bei seiner ersten Pressekonferenz in Diensten des BVB im Trainingslager in La Manga verriet der Neue, dass seine Br\u00fcder ihn als Jugendlicher zum Training chauffierten, um den gemeinsamen Familien-Traum von der Profikarriere eines Kampl nicht aufzugeben.<\/strong><\/p>\n<p>Als das nicht mehr funktionierte, machte kurzerhand die Mutter den F\u00fchrerschein. Mit 50 Jahren noch. Auch dank dieser R\u00fcckendeckung kann der Filius heute frech verk\u00fcnden: \u201eIch bin mit meiner Entwicklung nicht am Ende. Ich will erst beim BVB an meine Grenzen sto\u00dfen.\u201c <\/p>\n<p><strong>Komplett auf Angriff gepolt<\/strong><br \/>\nGenau so einen haben sie gesucht beim taumelnden Vizemeister. Einen, der alles dem gro\u00dfen Ziel unterordnet und in der von Selbstzweifeln geplagten Krisentruppe frische Impulse setzt. Kampls klare Botschaft zum Start an der Costa Calida: \u201eIch will Vollgas geben.\u201c In jedem zweiten Satz tritt der Mittelfeldwirbler derart aufs Gaspedal. Offensiv, angriffslustig, die Zukunft im Blick.<\/p>\n<p>\u201eIch kann nicht weniger als hundert Prozent\u201c, hatte der Wintereinkauf des Tabellensiebzehnten der Bundesliga schon bei seiner Verpflichtung get\u00f6nt, als w\u00fcrde er sich als Redenschreiber von Chefmotivator J\u00fcrgen Klopp bewerben. In Spanien legt er nun nach: \u201eDortmund geh\u00f6rt nicht da unten rein. Ich glaube fest daran, dass wir da rauskommen.\u201c Der 24-J\u00e4hrige ist auf Angriff gepolt, und das ist auch gut so. Denn eine andere Chance hat er nicht.<\/p>\n<p><strong>Mit den Stars zu spielen, ist was extrem Sch\u00f6nes<\/strong><br \/>\nIm Gegensatz zu s\u00e4mtlichen Eink\u00e4ufen der j\u00fcngeren Vergangenheit besitzt der slowenische Nationalspieler null Schonfrist. Angesichts der Krise bei Schwarz-Gelb hat der f\u00fcr 12 Millionen Euro von Red Bull Salzburg losgeeiste Allrounder sofort einzuschlagen. \u201eKampl muss f\u00fcnf Stars ersetzen\u201c, titelte der Boulevard bei seiner Verpflichtung, die eigentlich erst f\u00fcr den Sommer geplant war. In der Tat herrscht im ohnehin schw\u00e4chelnden BVB-Mittelfeld Anfang 2015 ein Vakuum: Pierre-Emerick Aubameyang jagt mit Gabun den Afrika-Cup, Shinji Kagawa m\u00f6chte mit Japan Asienmeister werden, Henrich Mchitarjan braucht Zeit, um nach seinem Muskelb\u00fcndelriss wieder fit zu werden.<\/p>\n<p>Und schlie\u00dflich fehlt Jakub Blaszczykowski nach fast einem Jahr Wettkampfpause die Spielpraxis. Einzig Dauer-Sorgenkind Marco Reus scheint schon Fortschritte zu machen nach seinem Au\u00dfenbandabriss. Er steht unter Spaniens Sonne wieder im Teamtraining. Kampl sieht trotzdem lieber das ganze Bild: \u201eMit diesen ganzen Stars zusammenzuspielen, ist etwas extrem Sch\u00f6nes.\u201c<\/p>\n<p><strong>&#8220;Dortmund hat sich die meiste M\u00fche gegeben&#8221;<\/strong><br \/>\nGlaubt man Kampls fr\u00fcheren Trainern und F\u00f6rderern hat der schm\u00e4chtige Tempodribbler mit Gegenpressing-Vorliebe absolut das Zeug dazu, beim BVB einzuschlagen. \u201eEr passt zu Borussia wie die Faust aufs Auge\u201c, sagte Pele Wollitz, der Kampl einst beim Drittligisten VfL Osnabr\u00fcck trainierte. \u201eDer Wechsel in die Bundesliga ist ein logische Schritt\u201c, urteilte Red-Bull-Sportdirektor Ralf Rangnick, der ihn eigentlich nach Leipzig umtopfen wollte, damit das dortige Franchise schnell den Weg in die deutsche Eliteliga schafft.<\/p>\n<p>Auch sein fr\u00fcherer Salzburg-Trainer Roger Schmidt h\u00e4tte ihn am liebsten zu seinem neuen Klub Bayer Leverkusen nachgeholt. Doch letztlich besa\u00df der BVB die besten Argumente. \u201eDortmund hat sich die meiste M\u00fche gegeben, mich zu holen\u201c, sagte Kampl.<\/p>\n<p><strong>F\u00fcr die hohe Abl\u00f6se kann er nichts<\/strong><br \/>\nKampl gilt als technisch versiert. Er kann auf s\u00e4mtlichen Positionen im Mittelfeld eingesetzt werden. In Salzburg spielte er oft auf Halbrechts. \u201eAber in der Nationalmannschaft stand ich meist auf der 10\u201c, f\u00fcgt Kampl schnell hinzu. Stets wird seine aggressive, unerm\u00fcdliche Spielweise hervorgehoben, die f\u00fcr den Vollgasfu\u00dfball perfekt geeignet ist, der Dortmund fr\u00fcher auszeichnete. Bei Red Bull lief das Offensivspiel \u00fcber den schm\u00e4chtigen Slowenen, der bei 1,80 Meter K\u00f6rpergr\u00f6\u00dfe nur 65 Kilo auf die Waage bringt.<\/p>\n<p>Ein fu\u00dfballerisches Leichtgewicht muss er deswegen nicht sein, schlie\u00dflich erzielte er in \u00d6sterreich 18 Treffer in 74 Ligaspielen und war zudem an zahlreichen Toren beteiligt. Ob er aber dem nahe liegenden Vergleich mit BVB-Star Reus standh\u00e4lt, mit dem er sich nicht nur die wilde Frisur teilt, geh\u00f6rt zu den spannendsten Fragen der R\u00fcckrunde. F\u00fcr die hohe Abl\u00f6sesumme kann ja er nichts, sie d\u00fcrfte zum Teil auch der Dortmunder Druck-Situation geschuldet sein.<\/p>\n<p><strong>Mannschaft ohne inneren Kompass<\/strong><br \/>\nDass er nach 14 Jahren fu\u00dfballerischer Ausbildung bei Bayer Leverkusen den unorthodoxen Umweg \u00fcber F\u00fcrth, Osnabr\u00fcck Aalen und schlie\u00dflich Salzburg nehmen musste, um ans Ziel zu kommen, spricht per se nicht gegen den selbstbewussten Kicker. Dennoch gilt es nun zu beweisen, dass ihm den Sprung aufs n\u00e4chste Level wirklich gelingt. Kampl kennt die Herausforderung &#8211; und hoffentlich die Antwort: \u201eIn der Bundesliga ist alles noch mal intensiver. Aber ich bin in dem Alter, um den Schritt zu schaffen.\u201c<\/p>\n<p>Dabei ist nicht nur die Intensit\u00e4t h\u00f6her, auch die Umst\u00e4nde sind vertrackt. Kampl trifft auf eine Mannschaft, die ihren inneren Kompass verloren hat und sportlich kaum bei der Eingew\u00f6hnung helfen kann. Auf der menschlichen Ebene soll ihm Zimmernachbar Erik Durm beim Einstieg in die neuen Welt helfen. Kein schlechter Schachzug des BVB, vielleicht f\u00e4rbt im Nobelhotel Principe Felipe ja auch Selbstvertrauen von Kampl auf den zuletzt blassen Weltmeister ab.<\/p>\n<p><strong>Klopps neuer Bruder im Geiste<\/strong><br \/>\nInteressant d\u00fcrfte zudem sein, wie die eingefleischten BVB-Fans reagieren. Schlie\u00dflich wettern die Hardcore-Traditionalisten gern gegen alle \u201eDosen\u201c-Spieler, die f\u00fcr die ungeliebten Klubs des Brauseherstellers auflaufen. Das in NRW aufgewachsene Gastarbeiterkind Kampl kann Stallgeruch dagegenhalten, schlie\u00dflich war er in jungen Jahren \u201eein BVB-Fanatiker\u201c, f\u00fcr den nun mit dem Wechsel in die Westfalenmetropole &#8211; 50 Kilometer Luftlinie vom Geburtsort Solingen entfernt &#8211; ein \u201eRiesentraum in Erf\u00fcllung geht\u201c.<\/p>\n<p>Die Anh\u00e4nger k\u00f6nnen ihm die Verbundenheit ruhig abnehmen. Genau in dem Moment, als er sich per Handschlag auf den Wechsel festlegte, fiel in Freiburg der Ausgleich f\u00fcr Hannover, der den BVB zum Ende der Hinrunde knapp vor der H\u00f6chststrafe Rang 18 bewahrte. \u201eDa hat er zum ersten Mal f\u00fcr den BVB gejubelt\u201c, berichtete Trainer Klopp \u00fcber seinen neuen Bruder im Geiste: \u201eAlso sind wir schon zwei, die hundertprozentig vom Klassenerhalt \u00fcberzeugt sind.\u201c<\/p>\n","protected":false},"excerpt":{"rendered":"<p>F\u00fcr den Neuzugang sind alle Dortmund-Regeln au\u00dfer Kraft gesetzt &#8211; er muss sofort einschlagen, damit die Krise bew\u00e4ltigt wird. Sorgen macht ihm das aber nicht.<\/p>\n","protected":false},"author":2,"featured_media":1679,"comment_status":"open","ping_status":"open","sticky":false,"template":"","format":"standard","meta":{"ngg_post_thumbnail":0,"jetpack_post_was_ever_published":false,"_jetpack_newsletter_access":"","jetpack_publicize_message":"","jetpack_is_tweetstorm":false,"jetpack_publicize_feature_enabled":true,"jetpack_social_post_already_shared":true,"jetpack_social_options":{"image_generator_settings":{"template":"highway","enabled":false}}},"categories":[27,14],"tags":[16,33,176],"jetpack_publicize_connections":[],"jetpack_featured_media_url":"https:\/\/i0.wp.com\/www.athletic-brandao.de\/wp-content\/uploads\/2015\/01\/kampl2.jpg?fit=150%2C150","jetpack_shortlink":"https:\/\/wp.me\/p2zHXD-r1","jetpack_sharing_enabled":true,"jetpack_likes_enabled":true,"_links":{"self":[{"href":"http:\/\/www.athletic-brandao.de\/index.php?rest_route=\/wp\/v2\/posts\/1675"}],"collection":[{"href":"http:\/\/www.athletic-brandao.de\/index.php?rest_route=\/wp\/v2\/posts"}],"about":[{"href":"http:\/\/www.athletic-brandao.de\/index.php?rest_route=\/wp\/v2\/types\/post"}],"author":[{"embeddable":true,"href":"http:\/\/www.athletic-brandao.de\/index.php?rest_route=\/wp\/v2\/users\/2"}],"replies":[{"embeddable":true,"href":"http:\/\/www.athletic-brandao.de\/index.php?rest_route=%2Fwp%2Fv2%2Fcomments&post=1675"}],"version-history":[{"count":9,"href":"http:\/\/www.athletic-brandao.de\/index.php?rest_route=\/wp\/v2\/posts\/1675\/revisions"}],"predecessor-version":[{"id":1685,"href":"http:\/\/www.athletic-brandao.de\/index.php?rest_route=\/wp\/v2\/posts\/1675\/revisions\/1685"}],"wp:featuredmedia":[{"embeddable":true,"href":"http:\/\/www.athletic-brandao.de\/index.php?rest_route=\/wp\/v2\/media\/1679"}],"wp:attachment":[{"href":"http:\/\/www.athletic-brandao.de\/index.php?rest_route=%2Fwp%2Fv2%2Fmedia&parent=1675"}],"wp:term":[{"taxonomy":"category","embeddable":true,"href":"http:\/\/www.athletic-brandao.de\/index.php?rest_route=%2Fwp%2Fv2%2Fcategories&post=1675"},{"taxonomy":"post_tag","embeddable":true,"href":"http:\/\/www.athletic-brandao.de\/index.php?rest_route=%2Fwp%2Fv2%2Ftags&post=1675"}],"curies":[{"name":"wp","href":"https:\/\/api.w.org\/{rel}","templated":true}]}}