{"id":1686,"date":"2015-01-18T19:39:18","date_gmt":"2015-01-18T17:39:18","guid":{"rendered":"http:\/\/www.athletic-brandao.de\/?p=1686"},"modified":"2015-02-14T03:36:50","modified_gmt":"2015-02-14T01:36:50","slug":"bilanz-la-manga-rueckschlag-fuer-die-raetselhafte-borussia","status":"publish","type":"post","link":"http:\/\/www.athletic-brandao.de\/?p=1686","title":{"rendered":"Bilanz La Manga: R\u00fcckschlag f\u00fcr die r\u00e4tselhafte Borussia"},"content":{"rendered":"<p>Der abstiegsbedrohte Vizemeister wollte eigentlich mit einem guten Gef\u00fchl aus dem Trainingslager heimkehren. Doch nach neun Tagen in Spanien scheint die Zahl der Baustellen nicht kleiner geworden zu sein.<!--more--><\/p>\n<p><strong>Sebastian Kehl hatte schon wieder genug. Mit schmerzverzerrtem Gesicht bahnte er sich den Weg aus dem Stadion Jose Rico Perez in Alicante in Richtung Mannschaftsbus. Den linken Arm in einer Schlinge, mit dem rechten die l\u00e4dierte Schulter haltend.<\/strong><\/p>\n<p>&#8220;Die war kurz raus, und dann wieder drin. Scheint etwas mehr zu sein&#8221;, sagte der fr\u00fchere Kapit\u00e4n nach dem 1:0-Sieg im Testspiel gegen Steaua Bukarest zerknirscht. Das neue Jahr beginnt f\u00fcr Borussia Dortmund so schlimm, wie das alte aufgeh\u00f6rt hat.<\/p>\n<p><strong>&#8220;Diese Wochen sind Gold wert&#8221;<\/strong><br \/>\nZur Konstanz des Schreckens kommt beim BVB die Konstanz des R\u00e4tselhaften. Denn ebenso wenig wie sich in der Hinrunde der f\u00fcrchterliche Absturz der Westfalen auf Tabellenplatz 17 allein mit Verletzungspech erkl\u00e4ren lie\u00df, kann man nach neun Tagen Wintertrainingslager den Puls des gerupften Vizemeisters f\u00fchlen.<\/p>\n<p>Der Trainer ist bem\u00fcht, den Start als Aufbruchstimmung zu verkaufen. Dem WDR sagte er S\u00e4tze wie: &#8220;Diese Wochen sind Gold wert. Die Mannschaft ist voller Lust und Vorfreude.&#8221; Auch sieht er sein Team &#8220;einen bedeutenden Schritt weiter&#8221; nach der Grundlagenarbeit an der Costa Calida.<\/p>\n<p><strong>Nur Kampl ist der Spa\u00df anzusehen<\/strong><br \/>\nAndererseits hat das Team mit zwei knappen Siegen in den Testspielen zwar defensiv an Stabilit\u00e4t gewonnen, aber offensiv nur ansatzweise Selbstvertrauen tanken k\u00f6nnen. Selbst Berufsoptimist J\u00fcrgen Klopp zieht in La Manga nur f\u00fcr Gruppen-Selfies mit den Fans kurz pflichtbewusst die Mundwinkel hoch.<\/p>\n<p>Ansonsten verspr\u00fcht er den Charme eines Campingplatzwarts, dem Halbstarke den Feierabend versaut haben. Bei den Spielern ist einzig dem frechen Neuzugang Kevin Kampl echte Freude auf die zweite Saisonh\u00e4lfte anzusehen.<\/p>\n<p><strong>Blick hinter die Kulissen kaum m\u00f6glich<\/strong><br \/>\nIst ja klar, dass beim BVB nach der schw\u00e4chsten Hinserie seit 43 Jahren keiner \u00f6ffentlich den Clown gibt. Ob die Borussia aber nun besonders konzentriert zu Werke gegangen ist, oder ob dem Klub weiter die j\u00fcngsten Schockmomente aus Frankfurt, Berlin oder Bremen nachh\u00e4ngen, l\u00e4sst sich kaum feststellen.<\/p>\n<p>Der Blick hinter die Kulissen ist verstellt. Der sonst so kommunikative Klopp hat die Medienarbeit fast auf Null zur\u00fcckgefahren und stand nur nach den Tests gegen Sion und Bukarest kurz zur allgemeinen Verf\u00fcgung. Selbst der Zugang zu Spielern war beschr\u00e4nkt. Die westf\u00e4lische Wagenburg will nicht an das Hinrunden-Desaster erinnert werden. 2014 ist abgehakt, der Blick geht nach vorne.<\/p>\n<p><strong>Angeschlagene Spieler mit durchgeschleppt<\/strong><br \/>\nF\u00fcr Borussia Dortmund war es vermutlich das wichtigste Wintertrainingslager der j\u00fcngeren Geschichte. Wie ein angeschlagener Boxer, der auf den Gong wartet &#8211; so sehnlichst hatten alle Beteiligten das Ende der ersten Saisonh\u00e4lfte herbei gesehnt, um aus der &#8220;Negativspirale&#8221;, so Sportdirektor Michael Zorc, auszubrechen.<\/p>\n<p>Die M\u00f6glichkeit, sich endlich sammeln zu k\u00f6nnen und nicht unter dem Druck der englischen Wochen Ergebnisse produzieren zu m\u00fcssen, sollte dem BVB gut tun. Mental, um mit ein wenig Abstand nach den Gr\u00fcnden f\u00fcr den Absturz zu forschen und daraus Schl\u00fcsse zu ziehen. Aber auch k\u00f6rperlich, schlie\u00dflich schleppt das Team seit Saisonbeginn angeschlagene Spieler mit durch.<\/p>\n<p><strong>Das n\u00e4chste Quartett angeschlagen<\/strong><br \/>\nPersonell schien zun\u00e4chst Besserung in Sicht, doch schon zum Start der Vorbereitung gab es den ersten R\u00fcckschlag, als sich Mittelfeld-Ass Sven Bender im ersten Mannschaftstraining des Jahres 2015 am Knie verletzte. Vor dem Testspiel gegen den FC Sion zog sich Au\u00dfenverteidiger Erik Durm einen Muskelfaserriss zu. Beide verpassen die komplette Vorbereitung, vom Liga-Start ganz zu schweigen.<\/p>\n<p>Nun kommt der m\u00f6gliche Ausfall des fr\u00fcheren Kapit\u00e4ns Kehl dazu, falls er sich die Schulter ausgekugelt haben sollte &#8211; der gebeutelte BVB wartet gebannt auf die Diagnose. Kevin Gro\u00dfkreutz dagegen hat beim Spiel gegen Steaua wohl noch Gl\u00fcck im Ungl\u00fcck gehabt, er f\u00e4llt nach Klubangaben mit einem Au\u00dfenbandanriss nur f\u00fcr eine Woche aus.<\/p>\n<p><strong>Ramos und Mchitarjan brauchen noch Zeit<\/strong><br \/>\nDie Probleme sind auch so schon gravierend genug. Adrian Ramos, dem seit Wochen diffus &#8220;muskul\u00e4re Probleme&#8221; attestiert werden, absolvierte in La Manga fast ausschlie\u00dflich Einzeltraining. &#8220;Individuelle Trainingssteuerung&#8221; hei\u00dft das im BVB-Jargon, und galt auch f\u00fcr Henrich Mchitarjan, der nach seinem Muskelb\u00fcndelriss lediglich Runde um Runde um den Platz drehte.<\/p>\n<p>Verteidiger Sokratis musste nach seinem Wadenbeinbruch mehrfach beim Teamtraining aussetzen. Marco Reus macht nach seinem Au\u00dfenbandriss zwar Fortschritte und kam gegen Steaua erstmals seit zwei Monaten zum Startelfeinsatz. Er konnte aber nicht alle Einheiten bis zum Ende ausf\u00fchren. Au\u00dferdem ist der Kader vorerst um Pierre-Emerick Aubameyang reduziert, der beim Afrika-Cup eingreift. Shinji Kagawa und Mitch Langerak sind f\u00fcr Japan und Australien beim Asien-Cup im Einsatz.<\/p>\n<p><strong>Steckt doch eine Faser Lewandowski in Immobile?<\/strong><br \/>\nTrotzdem bilanzierte Sportdirektor Zorc zufrieden: &#8220;Wir k\u00f6nnen jetzt wieder sehr intensiv und deutlich h\u00f6here Umf\u00e4nge trainieren und Abl\u00e4ufe einstudieren, damit sich in einer gr\u00f6\u00dferen Gruppe auch wieder Automatismen bilden.&#8221; Bei der in der Tat konzentriert wirkenden Arbeit, die oft von ausf\u00fchrlichen Erl\u00e4uterungen des Trainers eingerahmt wurde, ergab sich auch Gelegenheit f\u00fcr Detailarbeit. Selbst was Grundlegendes wie Torsch\u00fcsse angeht.<\/p>\n<p>Angesichts der katastrophalen Chancenverwertung der Hinrunde naheliegend. Ebenso, St\u00fcrmer Ciro Immobile die Ballannahme mit dem R\u00fccken zum Tor \u00fcben zu lassen, auch wenn Dolmetscher Massimo Mariotti als Aushilfsgegner nur mit viel Fantasie einen Jerome-Boateng-Klon abgibt. In Dortmund haben sie die Hoffnung noch nicht aufgegeben, im Italiener Immobile ein paar Fasern Robert Lewandowskis zu entdecken.<\/p>\n<p><strong>In zwei Wochen bei Bayer z\u00e4hlt&#8217;s<\/strong><br \/>\nOb das alles reicht, um im Abstiegskampf zu bestehen? &#8220;Der Trainer hat bestimmt einen Plan&#8221;, sagte Mittelfeldspieler Jakub Blaszczykowski einmal und verspr\u00fchte damit nur halbherzig Zuversicht. Auch die Aufarbeitung der Krise bleibt r\u00e4tselhaft. &#8220;Wir haben nicht viele Fehler gemacht&#8221;, verk\u00fcndete Klopp zwischenzeitlich &#8211; angesichts des vorletzten Tabellenplatzes kann man sich \u00fcber diese Aussage nur wundern.<\/p>\n<p>Immerhin bleiben den Dortmundern weitere zwei Wochen, um die in La Manga geschaffene Grundlage bis zum R\u00fcckrundenstart bei Bayer Leverkusen zu verstetigen und auszubauen.<\/p>\n","protected":false},"excerpt":{"rendered":"<p>Der abstiegsbedrohte Vizemeister wollte eigentlich mit einem guten Gef\u00fchl aus dem Trainingslager heimkehren. Doch nach neun Tagen in Spanien scheint die Zahl der Baustellen nicht kleiner geworden zu sein.<\/p>\n","protected":false},"author":2,"featured_media":1689,"comment_status":"open","ping_status":"open","sticky":false,"template":"","format":"standard","meta":{"ngg_post_thumbnail":0,"jetpack_post_was_ever_published":false,"_jetpack_newsletter_access":"","jetpack_publicize_message":"","jetpack_is_tweetstorm":false,"jetpack_publicize_feature_enabled":true,"jetpack_social_post_already_shared":true,"jetpack_social_options":{"image_generator_settings":{"template":"highway","enabled":false}}},"categories":[27,14],"tags":[16,37,33,177,38],"jetpack_publicize_connections":[],"jetpack_featured_media_url":"https:\/\/i0.wp.com\/www.athletic-brandao.de\/wp-content\/uploads\/2015\/01\/bvb.jpg?fit=150%2C150","jetpack_shortlink":"https:\/\/wp.me\/p2zHXD-rc","jetpack_sharing_enabled":true,"jetpack_likes_enabled":true,"_links":{"self":[{"href":"http:\/\/www.athletic-brandao.de\/index.php?rest_route=\/wp\/v2\/posts\/1686"}],"collection":[{"href":"http:\/\/www.athletic-brandao.de\/index.php?rest_route=\/wp\/v2\/posts"}],"about":[{"href":"http:\/\/www.athletic-brandao.de\/index.php?rest_route=\/wp\/v2\/types\/post"}],"author":[{"embeddable":true,"href":"http:\/\/www.athletic-brandao.de\/index.php?rest_route=\/wp\/v2\/users\/2"}],"replies":[{"embeddable":true,"href":"http:\/\/www.athletic-brandao.de\/index.php?rest_route=%2Fwp%2Fv2%2Fcomments&post=1686"}],"version-history":[{"count":5,"href":"http:\/\/www.athletic-brandao.de\/index.php?rest_route=\/wp\/v2\/posts\/1686\/revisions"}],"predecessor-version":[{"id":1693,"href":"http:\/\/www.athletic-brandao.de\/index.php?rest_route=\/wp\/v2\/posts\/1686\/revisions\/1693"}],"wp:featuredmedia":[{"embeddable":true,"href":"http:\/\/www.athletic-brandao.de\/index.php?rest_route=\/wp\/v2\/media\/1689"}],"wp:attachment":[{"href":"http:\/\/www.athletic-brandao.de\/index.php?rest_route=%2Fwp%2Fv2%2Fmedia&parent=1686"}],"wp:term":[{"taxonomy":"category","embeddable":true,"href":"http:\/\/www.athletic-brandao.de\/index.php?rest_route=%2Fwp%2Fv2%2Fcategories&post=1686"},{"taxonomy":"post_tag","embeddable":true,"href":"http:\/\/www.athletic-brandao.de\/index.php?rest_route=%2Fwp%2Fv2%2Ftags&post=1686"}],"curies":[{"name":"wp","href":"https:\/\/api.w.org\/{rel}","templated":true}]}}