{"id":1729,"date":"2015-03-15T13:43:42","date_gmt":"2015-03-15T11:43:42","guid":{"rendered":"http:\/\/www.athletic-brandao.de\/?p=1729"},"modified":"2015-03-15T13:43:42","modified_gmt":"2015-03-15T11:43:42","slug":"dortmunds-t-frage-was-wird-wohl-aus-weidenfeller","status":"publish","type":"post","link":"http:\/\/www.athletic-brandao.de\/?p=1729","title":{"rendered":"Dortmunds T-Frage: Was wird wohl aus Weidenfeller?"},"content":{"rendered":"<p>Im Krisenjahr des BVB k\u00e4mpft auch Roman Weidenfeller um die fr\u00fchere Topform. Die Klub-Ikone hofft auf einen letzten gro\u00dfen Vertrag bei den Westfalen, doch ausgerechnet an diesem kritischen Zeitpunkt der Karriere hat der Keeper nicht die besten Karten. <a href=\"http:\/\/www.zdfsport.de\/zweifel-an-der-nummer-eins-was-wird-aus-roman-weidenfeller-fragen-sich-die-bvb-fans-37550034.html\">mehr<\/a><\/p>\n","protected":false},"excerpt":{"rendered":"<p>Im Krisenjahr des BVB k\u00e4mpft auch Roman Weidenfeller um die fr\u00fchere Topform. Die Klub-Ikone hofft auf einen letzten gro\u00dfen Vertrag bei den Westfalen, doch ausgerechnet an diesem kritischen Zeitpunkt der Karriere hat der Keeper nicht die besten Karten. mehr<\/p>\n","protected":false},"author":2,"featured_media":0,"comment_status":"open","ping_status":"open","sticky":false,"template":"","format":"standard","meta":{"ngg_post_thumbnail":0,"jetpack_post_was_ever_published":false,"_jetpack_newsletter_access":"","jetpack_publicize_message":"","jetpack_is_tweetstorm":false,"jetpack_publicize_feature_enabled":true,"jetpack_social_post_already_shared":true,"jetpack_social_options":{"image_generator_settings":{"template":"highway","enabled":false}}},"categories":[27,14],"tags":[16,246,139],"jetpack_publicize_connections":[],"jetpack_featured_media_url":"","jetpack_shortlink":"https:\/\/wp.me\/p2zHXD-rT","jetpack_sharing_enabled":true,"jetpack_likes_enabled":true,"_links":{"self":[{"href":"http:\/\/www.athletic-brandao.de\/index.php?rest_route=\/wp\/v2\/posts\/1729"}],"collection":[{"href":"http:\/\/www.athletic-brandao.de\/index.php?rest_route=\/wp\/v2\/posts"}],"about":[{"href":"http:\/\/www.athletic-brandao.de\/index.php?rest_route=\/wp\/v2\/types\/post"}],"author":[{"embeddable":true,"href":"http:\/\/www.athletic-brandao.de\/index.php?rest_route=\/wp\/v2\/users\/2"}],"replies":[{"embeddable":true,"href":"http:\/\/www.athletic-brandao.de\/index.php?rest_route=%2Fwp%2Fv2%2Fcomments&post=1729"}],"version-history":[{"count":1,"href":"http:\/\/www.athletic-brandao.de\/index.php?rest_route=\/wp\/v2\/posts\/1729\/revisions"}],"predecessor-version":[{"id":1730,"href":"http:\/\/www.athletic-brandao.de\/index.php?rest_route=\/wp\/v2\/posts\/1729\/revisions\/1730"}],"wp:attachment":[{"href":"http:\/\/www.athletic-brandao.de\/index.php?rest_route=%2Fwp%2Fv2%2Fmedia&parent=1729"}],"wp:term":[{"taxonomy":"category","embeddable":true,"href":"http:\/\/www.athletic-brandao.de\/index.php?rest_route=%2Fwp%2Fv2%2Fcategories&post=1729"},{"taxonomy":"post_tag","embeddable":true,"href":"http:\/\/www.athletic-brandao.de\/index.php?rest_route=%2Fwp%2Fv2%2Ftags&post=1729"}],"curies":[{"name":"wp","href":"https:\/\/api.w.org\/{rel}","templated":true}]}}