{"id":1735,"date":"2015-03-17T17:30:46","date_gmt":"2015-03-17T15:30:46","guid":{"rendered":"http:\/\/www.athletic-brandao.de\/?p=1735"},"modified":"2015-03-19T17:31:23","modified_gmt":"2015-03-19T15:31:23","slug":"guendogan-gibt-beim-bvb-den-takt-vor","status":"publish","type":"post","link":"http:\/\/www.athletic-brandao.de\/?p=1735","title":{"rendered":"G\u00fcndogan gibt beim BVB den Takt vor"},"content":{"rendered":"<p>Der Nationalspieler ist einer der Motoren des Aufschwungs, Borussia Dortmund w\u00fcrde liebend gerne mit ihm verl\u00e4ngern. Doch wie im Mittelfeld des BVB bestimmt G\u00fcndogan auch in Vertragsfragen den Rhythmus. Im Achtelfinal-R\u00fcckspiel der Champions League gegen Juventus Turin kann sich der Nationalspieler f\u00fcr Europas Topklubs in Stellung bringen. <a href=\"http:\/\/www.zdfsport.de\/vor-dem-champions-league-spiel-gegen-juventus-turin-bei-borussia-dortmund-ist-guendogan-der-hoffnungstraeger-37599858.html\">mehr<\/a><\/p>\n","protected":false},"excerpt":{"rendered":"<p>Der Nationalspieler ist einer der Motoren des Aufschwungs, Borussia Dortmund w\u00fcrde liebend gerne mit ihm verl\u00e4ngern. Doch wie im Mittelfeld des BVB bestimmt G\u00fcndogan auch in Vertragsfragen den Rhythmus. Im Achtelfinal-R\u00fcckspiel der Champions League gegen Juventus Turin kann sich der &hellip; <a href=\"http:\/\/www.athletic-brandao.de\/?p=1735\">Weiterlesen <span class=\"meta-nav\">&rarr;<\/span><\/a><\/p>\n","protected":false},"author":2,"featured_media":0,"comment_status":"open","ping_status":"open","sticky":false,"template":"","format":"standard","meta":{"ngg_post_thumbnail":0,"jetpack_post_was_ever_published":false,"_jetpack_newsletter_access":"","jetpack_publicize_message":"","jetpack_is_tweetstorm":false,"jetpack_publicize_feature_enabled":true,"jetpack_social_post_already_shared":true,"jetpack_social_options":{"image_generator_settings":{"template":"highway","enabled":false}}},"categories":[66,14],"tags":[16,248,171,183],"jetpack_publicize_connections":[],"jetpack_featured_media_url":"","jetpack_shortlink":"https:\/\/wp.me\/p2zHXD-rZ","jetpack_sharing_enabled":true,"jetpack_likes_enabled":true,"_links":{"self":[{"href":"http:\/\/www.athletic-brandao.de\/index.php?rest_route=\/wp\/v2\/posts\/1735"}],"collection":[{"href":"http:\/\/www.athletic-brandao.de\/index.php?rest_route=\/wp\/v2\/posts"}],"about":[{"href":"http:\/\/www.athletic-brandao.de\/index.php?rest_route=\/wp\/v2\/types\/post"}],"author":[{"embeddable":true,"href":"http:\/\/www.athletic-brandao.de\/index.php?rest_route=\/wp\/v2\/users\/2"}],"replies":[{"embeddable":true,"href":"http:\/\/www.athletic-brandao.de\/index.php?rest_route=%2Fwp%2Fv2%2Fcomments&post=1735"}],"version-history":[{"count":2,"href":"http:\/\/www.athletic-brandao.de\/index.php?rest_route=\/wp\/v2\/posts\/1735\/revisions"}],"predecessor-version":[{"id":1737,"href":"http:\/\/www.athletic-brandao.de\/index.php?rest_route=\/wp\/v2\/posts\/1735\/revisions\/1737"}],"wp:attachment":[{"href":"http:\/\/www.athletic-brandao.de\/index.php?rest_route=%2Fwp%2Fv2%2Fmedia&parent=1735"}],"wp:term":[{"taxonomy":"category","embeddable":true,"href":"http:\/\/www.athletic-brandao.de\/index.php?rest_route=%2Fwp%2Fv2%2Fcategories&post=1735"},{"taxonomy":"post_tag","embeddable":true,"href":"http:\/\/www.athletic-brandao.de\/index.php?rest_route=%2Fwp%2Fv2%2Ftags&post=1735"}],"curies":[{"name":"wp","href":"https:\/\/api.w.org\/{rel}","templated":true}]}}