{"id":1827,"date":"2015-05-31T18:22:54","date_gmt":"2015-05-31T16:22:54","guid":{"rendered":"http:\/\/www.athletic-brandao.de\/?p=1827"},"modified":"2015-07-04T18:59:55","modified_gmt":"2015-07-04T16:59:55","slug":"klopps-bvb-leises-ende-einer-echten-liebe","status":"publish","type":"post","link":"http:\/\/www.athletic-brandao.de\/?p=1827","title":{"rendered":"Klopps BVB: Leises Ende einer &#8220;echten Liebe&#8221;"},"content":{"rendered":"<p>Mit einer Finalniederlage im DFB-Pokal geht die \u00c4ra J\u00fcrgen Klopp bei Borussia Dortmund zu Ende. Ern\u00fcchternd, unspektakul\u00e4r und fast ein wenig unangemessen. F\u00fcr ein schwarz-gelbes Happy End ist einfach kein Platz. Dem Mythos wird das aber nicht schaden. <a href=\"http:\/\/www.zdfsport.de\/juergen-klopp-haette-dem-bvb-zum-abschied-gerne-noch-den-pokaltitel-geschenkt.-seinem-mythos-wird-die-niederlage-aber-nicht-schaden-38680334.html\" target=\"_blank\">zum Artikel<\/a><\/p>\n","protected":false},"excerpt":{"rendered":"<p>Mit einer Finalniederlage im DFB-Pokal geht die \u00c4ra J\u00fcrgen Klopp bei Borussia Dortmund zu Ende. Ern\u00fcchternd, unspektakul\u00e4r und fast ein wenig unangemessen. F\u00fcr ein schwarz-gelbes Happy End ist einfach kein Platz. Dem Mythos wird das aber nicht schaden. zum Artikel<\/p>\n","protected":false},"author":2,"featured_media":1828,"comment_status":"open","ping_status":"open","sticky":false,"template":"","format":"standard","meta":{"ngg_post_thumbnail":0,"jetpack_post_was_ever_published":false,"_jetpack_newsletter_access":"","jetpack_publicize_message":"","jetpack_is_tweetstorm":false,"jetpack_publicize_feature_enabled":true,"jetpack_social_post_already_shared":true,"jetpack_social_options":{"image_generator_settings":{"template":"highway","enabled":false}}},"categories":[138,14],"tags":[16,249,102,33,78],"jetpack_publicize_connections":[],"jetpack_featured_media_url":"https:\/\/i0.wp.com\/www.athletic-brandao.de\/wp-content\/uploads\/2015\/05\/ballspielfinale.jpg?fit=150%2C150","jetpack_shortlink":"https:\/\/wp.me\/p2zHXD-tt","jetpack_sharing_enabled":true,"jetpack_likes_enabled":true,"_links":{"self":[{"href":"http:\/\/www.athletic-brandao.de\/index.php?rest_route=\/wp\/v2\/posts\/1827"}],"collection":[{"href":"http:\/\/www.athletic-brandao.de\/index.php?rest_route=\/wp\/v2\/posts"}],"about":[{"href":"http:\/\/www.athletic-brandao.de\/index.php?rest_route=\/wp\/v2\/types\/post"}],"author":[{"embeddable":true,"href":"http:\/\/www.athletic-brandao.de\/index.php?rest_route=\/wp\/v2\/users\/2"}],"replies":[{"embeddable":true,"href":"http:\/\/www.athletic-brandao.de\/index.php?rest_route=%2Fwp%2Fv2%2Fcomments&post=1827"}],"version-history":[{"count":2,"href":"http:\/\/www.athletic-brandao.de\/index.php?rest_route=\/wp\/v2\/posts\/1827\/revisions"}],"predecessor-version":[{"id":1830,"href":"http:\/\/www.athletic-brandao.de\/index.php?rest_route=\/wp\/v2\/posts\/1827\/revisions\/1830"}],"wp:featuredmedia":[{"embeddable":true,"href":"http:\/\/www.athletic-brandao.de\/index.php?rest_route=\/wp\/v2\/media\/1828"}],"wp:attachment":[{"href":"http:\/\/www.athletic-brandao.de\/index.php?rest_route=%2Fwp%2Fv2%2Fmedia&parent=1827"}],"wp:term":[{"taxonomy":"category","embeddable":true,"href":"http:\/\/www.athletic-brandao.de\/index.php?rest_route=%2Fwp%2Fv2%2Fcategories&post=1827"},{"taxonomy":"post_tag","embeddable":true,"href":"http:\/\/www.athletic-brandao.de\/index.php?rest_route=%2Fwp%2Fv2%2Ftags&post=1827"}],"curies":[{"name":"wp","href":"https:\/\/api.w.org\/{rel}","templated":true}]}}