{"id":1833,"date":"2015-05-28T01:40:27","date_gmt":"2015-05-27T23:40:27","guid":{"rendered":"http:\/\/www.athletic-brandao.de\/?p=1833"},"modified":"2015-05-31T18:42:54","modified_gmt":"2015-05-31T16:42:54","slug":"fc-sevilla-mehr-als-nur-koenige-der-zweiten-klasse","status":"publish","type":"post","link":"http:\/\/www.athletic-brandao.de\/?p=1833","title":{"rendered":"Unai Emery und der FC Sevilla: mehr als nur K\u00f6nige der zweiten Klasse"},"content":{"rendered":"<p>Gro\u00dfe Show in Warschau: Die Spanier steigen mit dem Erfolg \u00fcber Dnipro Dnipropetrovsk zum Rekordsieger in der Europa League auf. In der Stunde des Triumphes zeigt Sevilla aber vor allem gro\u00dfe Demut. <a href=\"http:\/\/www.t-online.de\/sport\/fussball\/europa-league\/id_74162120\/fc-sevilla-gewinnt-europa-league-mehr-als-nur-koenige-2-klasse.html\" target=\"_blank\">zum Artikel<\/a><\/p>\n","protected":false},"excerpt":{"rendered":"<p>Gro\u00dfe Show in Warschau: Die Spanier steigen mit dem Erfolg \u00fcber Dnipro Dnipropetrovsk zum Rekordsieger in der Europa League auf. In der Stunde des Triumphes zeigt Sevilla aber vor allem gro\u00dfe Demut. zum Artikel<\/p>\n","protected":false},"author":2,"featured_media":1834,"comment_status":"open","ping_status":"open","sticky":false,"template":"","format":"standard","meta":{"ngg_post_thumbnail":0,"jetpack_post_was_ever_published":false,"_jetpack_newsletter_access":"","jetpack_publicize_message":"","jetpack_is_tweetstorm":false,"jetpack_publicize_feature_enabled":true,"jetpack_social_post_already_shared":true,"jetpack_social_options":{"image_generator_settings":{"template":"highway","enabled":false}}},"categories":[188],"tags":[206,251,205,102,207],"jetpack_publicize_connections":[],"jetpack_featured_media_url":"https:\/\/i0.wp.com\/www.athletic-brandao.de\/wp-content\/uploads\/2015\/05\/sevilla.jpg?fit=150%2C150","jetpack_shortlink":"https:\/\/wp.me\/p2zHXD-tz","jetpack_sharing_enabled":true,"jetpack_likes_enabled":true,"_links":{"self":[{"href":"http:\/\/www.athletic-brandao.de\/index.php?rest_route=\/wp\/v2\/posts\/1833"}],"collection":[{"href":"http:\/\/www.athletic-brandao.de\/index.php?rest_route=\/wp\/v2\/posts"}],"about":[{"href":"http:\/\/www.athletic-brandao.de\/index.php?rest_route=\/wp\/v2\/types\/post"}],"author":[{"embeddable":true,"href":"http:\/\/www.athletic-brandao.de\/index.php?rest_route=\/wp\/v2\/users\/2"}],"replies":[{"embeddable":true,"href":"http:\/\/www.athletic-brandao.de\/index.php?rest_route=%2Fwp%2Fv2%2Fcomments&post=1833"}],"version-history":[{"count":3,"href":"http:\/\/www.athletic-brandao.de\/index.php?rest_route=\/wp\/v2\/posts\/1833\/revisions"}],"predecessor-version":[{"id":1837,"href":"http:\/\/www.athletic-brandao.de\/index.php?rest_route=\/wp\/v2\/posts\/1833\/revisions\/1837"}],"wp:featuredmedia":[{"embeddable":true,"href":"http:\/\/www.athletic-brandao.de\/index.php?rest_route=\/wp\/v2\/media\/1834"}],"wp:attachment":[{"href":"http:\/\/www.athletic-brandao.de\/index.php?rest_route=%2Fwp%2Fv2%2Fmedia&parent=1833"}],"wp:term":[{"taxonomy":"category","embeddable":true,"href":"http:\/\/www.athletic-brandao.de\/index.php?rest_route=%2Fwp%2Fv2%2Fcategories&post=1833"},{"taxonomy":"post_tag","embeddable":true,"href":"http:\/\/www.athletic-brandao.de\/index.php?rest_route=%2Fwp%2Fv2%2Ftags&post=1833"}],"curies":[{"name":"wp","href":"https:\/\/api.w.org\/{rel}","templated":true}]}}