{"id":1854,"date":"2015-07-28T16:18:55","date_gmt":"2015-07-28T14:18:55","guid":{"rendered":"http:\/\/www.athletic-brandao.de\/?p=1854"},"modified":"2015-08-07T11:34:06","modified_gmt":"2015-08-07T09:34:06","slug":"tueftler-tuchel-nimmt-dortmund-fuer-sich-ein","status":"publish","type":"post","link":"http:\/\/www.athletic-brandao.de\/?p=1854","title":{"rendered":"T\u00fcftler Tuchel nimmt Dortmund f\u00fcr sich ein"},"content":{"rendered":"<p>In den ersten vier Wochen: Der neue BVB-Trainer \u00fcberzeugt mit der Liebe zum Detail, guter Laune, und \u00fcberraschender Offenheit. <a href=\"http:\/\/www.t-online.de\/sport\/fussball\/bundesliga\/id_74851678\/bvb-coach-thomas-tuchel-nimmt-dortmund-fuer-sich-ein.html\" target=\"_blank\">zum Artikel<\/a><\/p>\n","protected":false},"excerpt":{"rendered":"<p>In den ersten vier Wochen: Der neue BVB-Trainer \u00fcberzeugt mit der Liebe zum Detail, guter Laune, und \u00fcberraschender Offenheit. zum Artikel<\/p>\n","protected":false},"author":2,"featured_media":1855,"comment_status":"open","ping_status":"open","sticky":false,"template":"","format":"standard","meta":{"ngg_post_thumbnail":0,"jetpack_post_was_ever_published":false,"_jetpack_newsletter_access":"","jetpack_publicize_message":"","jetpack_is_tweetstorm":false,"jetpack_publicize_feature_enabled":true,"jetpack_social_post_already_shared":true,"jetpack_social_options":{"image_generator_settings":{"template":"highway","enabled":false}}},"categories":[27,14],"tags":[16,204],"jetpack_publicize_connections":[],"jetpack_featured_media_url":"https:\/\/i0.wp.com\/www.athletic-brandao.de\/wp-content\/uploads\/2015\/07\/tuchel1.jpg?fit=150%2C150","jetpack_shortlink":"https:\/\/wp.me\/p2zHXD-tU","jetpack_sharing_enabled":true,"jetpack_likes_enabled":true,"_links":{"self":[{"href":"http:\/\/www.athletic-brandao.de\/index.php?rest_route=\/wp\/v2\/posts\/1854"}],"collection":[{"href":"http:\/\/www.athletic-brandao.de\/index.php?rest_route=\/wp\/v2\/posts"}],"about":[{"href":"http:\/\/www.athletic-brandao.de\/index.php?rest_route=\/wp\/v2\/types\/post"}],"author":[{"embeddable":true,"href":"http:\/\/www.athletic-brandao.de\/index.php?rest_route=\/wp\/v2\/users\/2"}],"replies":[{"embeddable":true,"href":"http:\/\/www.athletic-brandao.de\/index.php?rest_route=%2Fwp%2Fv2%2Fcomments&post=1854"}],"version-history":[{"count":2,"href":"http:\/\/www.athletic-brandao.de\/index.php?rest_route=\/wp\/v2\/posts\/1854\/revisions"}],"predecessor-version":[{"id":1857,"href":"http:\/\/www.athletic-brandao.de\/index.php?rest_route=\/wp\/v2\/posts\/1854\/revisions\/1857"}],"wp:featuredmedia":[{"embeddable":true,"href":"http:\/\/www.athletic-brandao.de\/index.php?rest_route=\/wp\/v2\/media\/1855"}],"wp:attachment":[{"href":"http:\/\/www.athletic-brandao.de\/index.php?rest_route=%2Fwp%2Fv2%2Fmedia&parent=1854"}],"wp:term":[{"taxonomy":"category","embeddable":true,"href":"http:\/\/www.athletic-brandao.de\/index.php?rest_route=%2Fwp%2Fv2%2Fcategories&post=1854"},{"taxonomy":"post_tag","embeddable":true,"href":"http:\/\/www.athletic-brandao.de\/index.php?rest_route=%2Fwp%2Fv2%2Ftags&post=1854"}],"curies":[{"name":"wp","href":"https:\/\/api.w.org\/{rel}","templated":true}]}}