{"id":1860,"date":"2015-07-22T16:27:26","date_gmt":"2015-07-22T14:27:26","guid":{"rendered":"http:\/\/www.athletic-brandao.de\/?p=1860"},"modified":"2015-07-28T16:27:49","modified_gmt":"2015-07-28T14:27:49","slug":"gedraenge-im-bvb-maschinenraum","status":"publish","type":"post","link":"http:\/\/www.athletic-brandao.de\/?p=1860","title":{"rendered":"Gedr\u00e4nge im BVB-Maschinenraum"},"content":{"rendered":"<p>Das Mittelfeld ist die gro\u00dfe Baustelle bei Borussia Dortmund. Trainer Thomas Tuchel muss aus einem kaum greifbaren \u00dcberangebot an Spielern ein funktionierendes Antriebsaggregat entwickeln. Aber so hat es der T\u00fcftler wohl auch gewollt. <a href=\"http:\/\/www.zdfsport.de\/fussball-bundesliga-borussia-dortmund-tuchel-hat-die-qual-der-wahl-39382214.html\" target=\"_blank\">zum Artikel<\/a><\/p>\n","protected":false},"excerpt":{"rendered":"<p>Das Mittelfeld ist die gro\u00dfe Baustelle bei Borussia Dortmund. Trainer Thomas Tuchel muss aus einem kaum greifbaren \u00dcberangebot an Spielern ein funktionierendes Antriebsaggregat entwickeln. Aber so hat es der T\u00fcftler wohl auch gewollt. zum Artikel<\/p>\n","protected":false},"author":2,"featured_media":1861,"comment_status":"open","ping_status":"open","sticky":false,"template":"","format":"standard","meta":{"ngg_post_thumbnail":0,"jetpack_post_was_ever_published":false,"_jetpack_newsletter_access":"","jetpack_publicize_message":"","jetpack_is_tweetstorm":false,"jetpack_publicize_feature_enabled":true,"jetpack_social_post_already_shared":true,"jetpack_social_options":{"image_generator_settings":{"template":"highway","enabled":false}}},"categories":[27,14],"tags":[16,171,40,204],"jetpack_publicize_connections":[],"jetpack_featured_media_url":"https:\/\/i0.wp.com\/www.athletic-brandao.de\/wp-content\/uploads\/2015\/07\/gedraenge.jpg?fit=150%2C150","jetpack_shortlink":"https:\/\/wp.me\/p2zHXD-u0","jetpack_sharing_enabled":true,"jetpack_likes_enabled":true,"_links":{"self":[{"href":"http:\/\/www.athletic-brandao.de\/index.php?rest_route=\/wp\/v2\/posts\/1860"}],"collection":[{"href":"http:\/\/www.athletic-brandao.de\/index.php?rest_route=\/wp\/v2\/posts"}],"about":[{"href":"http:\/\/www.athletic-brandao.de\/index.php?rest_route=\/wp\/v2\/types\/post"}],"author":[{"embeddable":true,"href":"http:\/\/www.athletic-brandao.de\/index.php?rest_route=\/wp\/v2\/users\/2"}],"replies":[{"embeddable":true,"href":"http:\/\/www.athletic-brandao.de\/index.php?rest_route=%2Fwp%2Fv2%2Fcomments&post=1860"}],"version-history":[{"count":1,"href":"http:\/\/www.athletic-brandao.de\/index.php?rest_route=\/wp\/v2\/posts\/1860\/revisions"}],"predecessor-version":[{"id":1862,"href":"http:\/\/www.athletic-brandao.de\/index.php?rest_route=\/wp\/v2\/posts\/1860\/revisions\/1862"}],"wp:featuredmedia":[{"embeddable":true,"href":"http:\/\/www.athletic-brandao.de\/index.php?rest_route=\/wp\/v2\/media\/1861"}],"wp:attachment":[{"href":"http:\/\/www.athletic-brandao.de\/index.php?rest_route=%2Fwp%2Fv2%2Fmedia&parent=1860"}],"wp:term":[{"taxonomy":"category","embeddable":true,"href":"http:\/\/www.athletic-brandao.de\/index.php?rest_route=%2Fwp%2Fv2%2Fcategories&post=1860"},{"taxonomy":"post_tag","embeddable":true,"href":"http:\/\/www.athletic-brandao.de\/index.php?rest_route=%2Fwp%2Fv2%2Ftags&post=1860"}],"curies":[{"name":"wp","href":"https:\/\/api.w.org\/{rel}","templated":true}]}}