{"id":1867,"date":"2015-07-24T16:39:39","date_gmt":"2015-07-24T14:39:39","guid":{"rendered":"http:\/\/www.athletic-brandao.de\/?p=1867"},"modified":"2015-07-28T16:41:03","modified_gmt":"2015-07-28T14:41:03","slug":"projekt-neuanfang-guendogan-und-die-echte-liebe-auf-bewaehrung","status":"publish","type":"post","link":"http:\/\/www.athletic-brandao.de\/?p=1867","title":{"rendered":"Projekt Neuanfang: Ilkay G\u00fcndogan und die Echte Liebe auf Bew\u00e4hrung"},"content":{"rendered":"<p>Dortmunds Mittelfeld-Ass will die Wechselposse vergessen machen und greift mit klarem Kopf nach gro\u00dfen Zielen. Er geh\u00f6rt nun wieder voll und ganz dem BVB &#8211; zumindest f\u00fcr ein Jahr. <a href=\"http:\/\/www.t-online.de\/sport\/fussball\/bundesliga\/id_74818522\/ilkay-guendogan-beim-bvb-echte-liebe-auf-bewaehrung.html\">zum Artikel<\/a><\/p>\n","protected":false},"excerpt":{"rendered":"<p>Dortmunds Mittelfeld-Ass will die Wechselposse vergessen machen und greift mit klarem Kopf nach gro\u00dfen Zielen. Er geh\u00f6rt nun wieder voll und ganz dem BVB &#8211; zumindest f\u00fcr ein Jahr. zum Artikel<\/p>\n","protected":false},"author":2,"featured_media":1868,"comment_status":"open","ping_status":"open","sticky":false,"template":"","format":"standard","meta":{"ngg_post_thumbnail":0,"jetpack_post_was_ever_published":false,"_jetpack_newsletter_access":"","jetpack_publicize_message":"","jetpack_is_tweetstorm":false,"jetpack_publicize_feature_enabled":true,"jetpack_social_post_already_shared":true,"jetpack_social_options":{"image_generator_settings":{"template":"highway","enabled":false}}},"categories":[27,14],"tags":[16,210,171,204],"jetpack_publicize_connections":[],"jetpack_featured_media_url":"https:\/\/i0.wp.com\/www.athletic-brandao.de\/wp-content\/uploads\/2015\/07\/ilkay.jpg?fit=150%2C150","jetpack_shortlink":"https:\/\/wp.me\/p2zHXD-u7","jetpack_sharing_enabled":true,"jetpack_likes_enabled":true,"_links":{"self":[{"href":"http:\/\/www.athletic-brandao.de\/index.php?rest_route=\/wp\/v2\/posts\/1867"}],"collection":[{"href":"http:\/\/www.athletic-brandao.de\/index.php?rest_route=\/wp\/v2\/posts"}],"about":[{"href":"http:\/\/www.athletic-brandao.de\/index.php?rest_route=\/wp\/v2\/types\/post"}],"author":[{"embeddable":true,"href":"http:\/\/www.athletic-brandao.de\/index.php?rest_route=\/wp\/v2\/users\/2"}],"replies":[{"embeddable":true,"href":"http:\/\/www.athletic-brandao.de\/index.php?rest_route=%2Fwp%2Fv2%2Fcomments&post=1867"}],"version-history":[{"count":2,"href":"http:\/\/www.athletic-brandao.de\/index.php?rest_route=\/wp\/v2\/posts\/1867\/revisions"}],"predecessor-version":[{"id":1870,"href":"http:\/\/www.athletic-brandao.de\/index.php?rest_route=\/wp\/v2\/posts\/1867\/revisions\/1870"}],"wp:featuredmedia":[{"embeddable":true,"href":"http:\/\/www.athletic-brandao.de\/index.php?rest_route=\/wp\/v2\/media\/1868"}],"wp:attachment":[{"href":"http:\/\/www.athletic-brandao.de\/index.php?rest_route=%2Fwp%2Fv2%2Fmedia&parent=1867"}],"wp:term":[{"taxonomy":"category","embeddable":true,"href":"http:\/\/www.athletic-brandao.de\/index.php?rest_route=%2Fwp%2Fv2%2Fcategories&post=1867"},{"taxonomy":"post_tag","embeddable":true,"href":"http:\/\/www.athletic-brandao.de\/index.php?rest_route=%2Fwp%2Fv2%2Ftags&post=1867"}],"curies":[{"name":"wp","href":"https:\/\/api.w.org\/{rel}","templated":true}]}}