{"id":1876,"date":"2015-08-07T11:26:40","date_gmt":"2015-08-07T09:26:40","guid":{"rendered":"http:\/\/www.athletic-brandao.de\/?p=1876"},"modified":"2015-08-16T12:11:17","modified_gmt":"2015-08-16T10:11:17","slug":"tuchels-training-traegt-erste-fruechte","status":"publish","type":"post","link":"http:\/\/www.athletic-brandao.de\/?p=1876","title":{"rendered":"Tuchels Training tr\u00e4gt erste Fr\u00fcchte"},"content":{"rendered":"<p>Der Kantersieg \u00fcber den Wolfsberger AC kann kein Gradmesser sein. Aber bei Borussia Dortmund ist gut eine Woche vor Bundesliga-Start eine deutliche Lernkurve zu erkennen. <a href=\"http:\/\/www.t-online.de\/sport\/fussball\/europa-league\/id_74981822\/bei-borussia-dortmund-traegt-tuchels-training-die-ersten-fruechte.html\" target=\"_blank\">zum Artikel<\/a><\/p>\n","protected":false},"excerpt":{"rendered":"<p>Der Kantersieg \u00fcber den Wolfsberger AC kann kein Gradmesser sein. Aber bei Borussia Dortmund ist gut eine Woche vor Bundesliga-Start eine deutliche Lernkurve zu erkennen. zum Artikel<\/p>\n","protected":false},"author":2,"featured_media":0,"comment_status":"open","ping_status":"open","sticky":false,"template":"","format":"standard","meta":{"ngg_post_thumbnail":0,"jetpack_post_was_ever_published":false,"_jetpack_newsletter_access":"","jetpack_publicize_message":"","jetpack_is_tweetstorm":false,"jetpack_publicize_feature_enabled":true,"jetpack_social_post_already_shared":true,"jetpack_social_options":{"image_generator_settings":{"template":"highway","enabled":false}}},"categories":[27,14],"tags":[16,251,137,204],"jetpack_publicize_connections":[],"jetpack_featured_media_url":"","jetpack_shortlink":"https:\/\/wp.me\/p2zHXD-ug","jetpack_sharing_enabled":true,"jetpack_likes_enabled":true,"_links":{"self":[{"href":"http:\/\/www.athletic-brandao.de\/index.php?rest_route=\/wp\/v2\/posts\/1876"}],"collection":[{"href":"http:\/\/www.athletic-brandao.de\/index.php?rest_route=\/wp\/v2\/posts"}],"about":[{"href":"http:\/\/www.athletic-brandao.de\/index.php?rest_route=\/wp\/v2\/types\/post"}],"author":[{"embeddable":true,"href":"http:\/\/www.athletic-brandao.de\/index.php?rest_route=\/wp\/v2\/users\/2"}],"replies":[{"embeddable":true,"href":"http:\/\/www.athletic-brandao.de\/index.php?rest_route=%2Fwp%2Fv2%2Fcomments&post=1876"}],"version-history":[{"count":1,"href":"http:\/\/www.athletic-brandao.de\/index.php?rest_route=\/wp\/v2\/posts\/1876\/revisions"}],"predecessor-version":[{"id":1877,"href":"http:\/\/www.athletic-brandao.de\/index.php?rest_route=\/wp\/v2\/posts\/1876\/revisions\/1877"}],"wp:attachment":[{"href":"http:\/\/www.athletic-brandao.de\/index.php?rest_route=%2Fwp%2Fv2%2Fmedia&parent=1876"}],"wp:term":[{"taxonomy":"category","embeddable":true,"href":"http:\/\/www.athletic-brandao.de\/index.php?rest_route=%2Fwp%2Fv2%2Fcategories&post=1876"},{"taxonomy":"post_tag","embeddable":true,"href":"http:\/\/www.athletic-brandao.de\/index.php?rest_route=%2Fwp%2Fv2%2Ftags&post=1876"}],"curies":[{"name":"wp","href":"https:\/\/api.w.org\/{rel}","templated":true}]}}