{"id":1910,"date":"2015-09-03T20:44:51","date_gmt":"2015-09-03T18:44:51","guid":{"rendered":"http:\/\/www.athletic-brandao.de\/?p=1910"},"modified":"2016-08-28T17:13:51","modified_gmt":"2016-08-28T15:13:51","slug":"neven-subotic-fluechtling-fussballprofi-philantrop","status":"publish","type":"post","link":"http:\/\/www.athletic-brandao.de\/?p=1910","title":{"rendered":"Neven Subotic: Fl\u00fcchtling, Fu\u00dfballprofi, Philantrop"},"content":{"rendered":"<p>Borussia Dortmunds Abwehrspieler entspricht ganz und gar nicht dem g\u00e4ngigen Typus des modernen Fu\u00dfballprofis. Wenn die Kollegen chillen, ist Subotic in wohlt\u00e4tiger Mission unterwegs. Auch, weil seine eigene Lebensgeschichte es so vorsieht.<!--more--><\/p>\n<p>(*Dieser Artikel lief am 5.9.2015 bei <a href=\"http:\/\/www.zdfsport.de\/aktuelles-sportstudio-mit-dem-thema-fluechtlinge-im-fussball-und-den-studiogaesten-neven-subotic-abdihafid-ahmed-und-olaf-butterbrod-39941120.html\" target=\"_blank\">zdfsport.de<\/a>*)<\/p>\n<p><strong>Es sind die \u00fcblichen Fotostrecken des Sommers: &#8220;Hier entspannen die Stars&#8221; oder &#8220;So relaxen die Bundesliga-Helden&#8221;. K\u00f6rnige Paparazzi-Fotos von Mario G\u00f6tze auf einer Luxus-Yacht im Mittelmeer, oder Bayern-Kollege Jerome Boateng, der aus Brooklyn Selfies mit Rap-Mogul Jay Z tweetet.<\/strong><\/p>\n<p>Und Neven Subotic? Der BVB-Verteidiger meldet sich per Tagebuch aus der Tigray-Region, einem der \u00e4rmsten Landstriche \u00c4thiopiens. Warum? &#8220;Ich bin nicht nur Fu\u00dfballer. Darauf m\u00f6chte ich nicht reduziert werden.&#8221;<\/p>\n<p><strong>Mit Rucksack und Laptop zum Training<\/strong><br \/>\nDer 26-J\u00e4hrige hat vor gut drei Jahren eine Stiftung gegr\u00fcndet, mit der er Projekte in Afrika unterst\u00fctzt. Fu\u00dfball in Mosambik, den Bau von Brunnen und sanit\u00e4ren Anlagen in \u00c4thiopien. Mehr als eine halbe Million Euro Spenden hat er schon aufgetrieben. &#8220;Insgesamt haben wir 24 Projekte gestiftet und die Lebensumst\u00e4nde f\u00fcr Tausende von Kindern verbessert&#8221;, sagt er stolz.<\/p>\n<p>Auch die j\u00fcngste Sommerpause der Bundesliga nutzte Subotic, um sich 17 Tage lang vor Ort ein Bild zu machen: um Fortschritte zu \u00fcberpr\u00fcfen und die Menschen pers\u00f6nlich kennenzulernen. Die Reisen sind auch Belohnung: &#8220;Wenn uns die Leute ins Gesicht strahlen &#8211; dieses Feedback ist die gr\u00f6\u00dfte Motivation.&#8221;<\/p>\n<p>F\u00fcr Subotic ist das l\u00e4ngst mehr als ein Hobby: &#8220;Daf\u00fcr stecke ich viel zu viel Zeit, Herz und Geld in die Stiftung. Es ist t\u00e4gliche Arbeit&#8221;, sagt er. Der Verteidiger kommt mit Rucksack und Laptop zum BVB-Training, um die Pausen f\u00fcr seine Stiftung zu nutzen.<\/p>\n<p>Er beantwortet Mails, bedankt sich f\u00fcr Spenden, st\u00f6\u00dft neue Ideen an, organisiert. Jeder Euro kommt ans Ziel, s\u00e4mtliche Nebenkosten zahlt er selbst. &#8220;Es ist mein Lebenswerk&#8221;, sagt der Fu\u00dfball-Million\u00e4r.<\/p>\n<p><strong>Selbst ein Fl\u00fcchtling gewesen<\/strong><br \/>\nAls B\u00fcrgerkriegsfl\u00fcchtling hat er selbst die Schattenseiten des Lebens erfahren &#8211; und welche Hoffnung durch Hilfe entsteht. Subotics Familie entkam 1990 dem Bosnien-Krieg und fand in Sch\u00f6mberg bei Pforzheim Unterschlupf &#8211; unterm Dach eines Vereinsheims.<\/p>\n<p>Vater Zeljko und Mutter Svjetlana schufteten in mehreren Jobs. Obwohl das Geld nicht immer reichte, schickten sie Lebensmittel und Medizin in die fr\u00fchere Heimat. 1999 drohte die Abschiebung, die Subotics mussten wieder von vorne anfangen &#8211; und gingen in die USA. Verwandte in Salt Lake City gaben dort Hilfe zur Selbsthilfe. Pr\u00e4gend f\u00fcr den heranwachsenden Neven: &#8220;Von dem, was ich bekommen habe, m\u00f6chte ich einiges zur\u00fcckgeben. Das halte ich f\u00fcr meine Pflicht.&#8221;<\/p>\n<p><strong>Kein Profi von der Stange<\/strong><br \/>\nSeine Fu\u00dfballkarriere passt perfekt in diesen gebrochenen Lebenslauf: Die Familie zog f\u00fcr die tennisbegeisterte Tochter Natalija nach Florida, in die N\u00e4he der ber\u00fchmten Akademie von Nick Bollettieri. Doch Profisportler wurde am Ende Neven, weil er beim Kicken im nahegelegenen Park vom Co-Trainer der amerikanischen U-17 entdeckt wurde. \u00dcber ein Uni-Team und diverse US-Jugendmannschaften schaffte er es bis zum Probetraining bei Mainz 05 &#8211; der Rest ist Geschichte.<\/p>\n<p>Ein Profi von der Stange kommt bei solch einer Vita nicht heraus: Seine Wohnmobil-Tour in der Winterpause 2010\/11 ist bei den Fans Legende. Ebenso die Party im Dortmunder Kreuzviertel, als er nach dem Gewinn der ersten Meisterschaft mit dem BVB in die City fuhr und umringt von staunenden Anh\u00e4ngern auf seinem Autodach mitfeierte.<\/p>\n<p><strong>Spontaner Typ<\/strong><br \/>\n&#8220;Oberk\u00f6rper frei, ohne Schuhe wie ein Asi&#8221; &#8211; mit dieser Anekdote verewigte sich der Weltb\u00fcrger sogar im Buch &#8220;Dortmunder Jungs&#8221;. Er ist ein Profi zum Anfassen, ein respektvoller Typ, der spontan beim Jubil\u00e4um eines Klub-Fanzines vorbeischneien kann oder pers\u00f6nlich bei Spendern vor der T\u00fcr steht, um sich zu bedanken.<\/p>\n<p>Beim BVB wird er wertgesch\u00e4tzt f\u00fcr seinen Anteil an der \u00c4ra Klopp, die er von Beginn an mit pr\u00e4gte. Und f\u00fcr seine Treue &#8211; obwohl immer die Premier League lockte. Inzwischen geht er ins achte Jahr in Dortmund &#8211; nie war er l\u00e4nger an einem Ort. Oder f\u00fcr sein K\u00e4mpferherz: Nach schwerer Knieverletzung arbeitete er sich zielstrebig zur\u00fcck. Da erwachte wohl das Fl\u00fcchtlingskind in ihm, das immer ein wenig mehr leisten will als die anderen.<\/p>\n<p><strong>Derzeit in der zweiten Reihe<\/strong><br \/>\nDie Leidenszeit hat Dortmunds Nummer vier eher angespornt als umgeworfen, genau wie die schwache vergangene Saison oder die Tatsache, dass er zurzeit bei Schwarz-Gelb nur in zweiter Reihe steht. Bei allem Ehrgeiz sieht Subotic stets das gro\u00dfe Bild: &#8220;Es ist ein Ziel, dass die Leute irgendwann nicht Neven, den Fu\u00dfballprofi sehen, sondern Neven den Stiftungspr\u00e4sidenten.&#8221;<\/p>\n<p>&#8212;&#8212;&#8212;&#8212;&#8211;Neven Subotic im \u00dcberblick&#8212;&#8212;&#8212;&#8212;-<\/p>\n<p>Neven Subotic wechselte im Sommer 2008 als 19-J\u00e4hriger vom damaligen Zweitligisten FSV Mainz zu Borussia Dortmund und formte dort mit Mats Hummels den zun\u00e4chst bel\u00e4chelten &#8220;Kinderriegel&#8221;. Schon in der ersten Saison \u00fcberzeugte der Innenverteidiger mit tollen Zweikampfwerten, gro\u00dfer \u00dcbersicht und Kopfballst\u00e4rke.<\/p>\n<p>Mit Dortmund feierte Subotic den Gewinn zweier Meistertitel und des DFB-Pokals sowie den Einzug ins Finale der Champions League. In der Saison 2013\/14 setzte ein Kreuz- und Innenbandriss Dortmunds Nummer vier au\u00dfer Gefecht.<\/p>\n<p>International w\u00e4re der 1988 in Banja Luka im heutigen Bosnien-Herzegowina geborene Fu\u00dfballer f\u00fcr vier Verb\u00e4nde startberechtigt gewesen. Nachdem er einige U-Teams der USA durchlaufen hatte, entschied er sich 2009 f\u00fcr Serbien. Seine Familie lebt heute in New York.<\/p>\n","protected":false},"excerpt":{"rendered":"<p>Borussia Dortmunds Abwehrspieler entspricht ganz und gar nicht dem g\u00e4ngigen Typus des modernen Fu\u00dfballprofis. Wenn die Kollegen chillen, ist Subotic in wohlt\u00e4tiger Mission unterwegs. Auch, weil seine eigene Lebensgeschichte es so vorsieht.<\/p>\n","protected":false},"author":2,"featured_media":0,"comment_status":"open","ping_status":"open","sticky":false,"template":"","format":"standard","meta":{"ngg_post_thumbnail":0,"jetpack_post_was_ever_published":false,"_jetpack_newsletter_access":"","jetpack_publicize_message":"","jetpack_is_tweetstorm":false,"jetpack_publicize_feature_enabled":true,"jetpack_social_post_already_shared":true,"jetpack_social_options":{"image_generator_settings":{"template":"highway","enabled":false}}},"categories":[27,14],"tags":[215,16,216,213,214],"jetpack_publicize_connections":[],"jetpack_featured_media_url":"","jetpack_shortlink":"https:\/\/wp.me\/p2zHXD-uO","jetpack_sharing_enabled":true,"jetpack_likes_enabled":true,"_links":{"self":[{"href":"http:\/\/www.athletic-brandao.de\/index.php?rest_route=\/wp\/v2\/posts\/1910"}],"collection":[{"href":"http:\/\/www.athletic-brandao.de\/index.php?rest_route=\/wp\/v2\/posts"}],"about":[{"href":"http:\/\/www.athletic-brandao.de\/index.php?rest_route=\/wp\/v2\/types\/post"}],"author":[{"embeddable":true,"href":"http:\/\/www.athletic-brandao.de\/index.php?rest_route=\/wp\/v2\/users\/2"}],"replies":[{"embeddable":true,"href":"http:\/\/www.athletic-brandao.de\/index.php?rest_route=%2Fwp%2Fv2%2Fcomments&post=1910"}],"version-history":[{"count":3,"href":"http:\/\/www.athletic-brandao.de\/index.php?rest_route=\/wp\/v2\/posts\/1910\/revisions"}],"predecessor-version":[{"id":2038,"href":"http:\/\/www.athletic-brandao.de\/index.php?rest_route=\/wp\/v2\/posts\/1910\/revisions\/2038"}],"wp:attachment":[{"href":"http:\/\/www.athletic-brandao.de\/index.php?rest_route=%2Fwp%2Fv2%2Fmedia&parent=1910"}],"wp:term":[{"taxonomy":"category","embeddable":true,"href":"http:\/\/www.athletic-brandao.de\/index.php?rest_route=%2Fwp%2Fv2%2Fcategories&post=1910"},{"taxonomy":"post_tag","embeddable":true,"href":"http:\/\/www.athletic-brandao.de\/index.php?rest_route=%2Fwp%2Fv2%2Ftags&post=1910"}],"curies":[{"name":"wp","href":"https:\/\/api.w.org\/{rel}","templated":true}]}}