{"id":1913,"date":"2015-09-18T10:36:49","date_gmt":"2015-09-18T08:36:49","guid":{"rendered":"http:\/\/www.athletic-brandao.de\/?p=1913"},"modified":"2015-09-21T10:33:03","modified_gmt":"2015-09-21T08:33:03","slug":"ginter-und-park-neues-bvb-glueck-auf-den-fluegeln","status":"publish","type":"post","link":"http:\/\/www.athletic-brandao.de\/?p=1913","title":{"rendered":"Ginter und Park: neues BVB-Gl\u00fcck auf den Fl\u00fcgeln"},"content":{"rendered":"<p>Beim dramatischen Dortmunder Sieg \u00fcber den FC Krasnodar gl\u00e4nzen beide Au\u00dfenverteidiger. Trainer Tuchels Europa-League-T\u00fcftelei geht auf &#8211; aber erst in allerletzter Sekunde. <a href=\"http:\/\/www.t-online.de\/sport\/fussball\/europa-league\/id_75467480\/bvb-feiert-neue-fluegelzange-mit-ginter-und-park.html\" target=\"_blank\">zum Artikel<\/a><\/p>\n","protected":false},"excerpt":{"rendered":"<p>Beim dramatischen Dortmunder Sieg \u00fcber den FC Krasnodar gl\u00e4nzen beide Au\u00dfenverteidiger. Trainer Tuchels Europa-League-T\u00fcftelei geht auf &#8211; aber erst in allerletzter Sekunde. zum Artikel<\/p>\n","protected":false},"author":2,"featured_media":0,"comment_status":"open","ping_status":"open","sticky":false,"template":"","format":"standard","meta":{"ngg_post_thumbnail":0,"jetpack_post_was_ever_published":false,"_jetpack_newsletter_access":"","jetpack_publicize_message":"","jetpack_is_tweetstorm":false,"jetpack_publicize_feature_enabled":true,"jetpack_social_post_already_shared":true,"jetpack_social_options":{"image_generator_settings":{"template":"highway","enabled":false}}},"categories":[188,14],"tags":[16,251,218,217,170,204],"jetpack_publicize_connections":[],"jetpack_featured_media_url":"","jetpack_shortlink":"https:\/\/wp.me\/p2zHXD-uR","jetpack_sharing_enabled":true,"jetpack_likes_enabled":true,"_links":{"self":[{"href":"http:\/\/www.athletic-brandao.de\/index.php?rest_route=\/wp\/v2\/posts\/1913"}],"collection":[{"href":"http:\/\/www.athletic-brandao.de\/index.php?rest_route=\/wp\/v2\/posts"}],"about":[{"href":"http:\/\/www.athletic-brandao.de\/index.php?rest_route=\/wp\/v2\/types\/post"}],"author":[{"embeddable":true,"href":"http:\/\/www.athletic-brandao.de\/index.php?rest_route=\/wp\/v2\/users\/2"}],"replies":[{"embeddable":true,"href":"http:\/\/www.athletic-brandao.de\/index.php?rest_route=%2Fwp%2Fv2%2Fcomments&post=1913"}],"version-history":[{"count":1,"href":"http:\/\/www.athletic-brandao.de\/index.php?rest_route=\/wp\/v2\/posts\/1913\/revisions"}],"predecessor-version":[{"id":1914,"href":"http:\/\/www.athletic-brandao.de\/index.php?rest_route=\/wp\/v2\/posts\/1913\/revisions\/1914"}],"wp:attachment":[{"href":"http:\/\/www.athletic-brandao.de\/index.php?rest_route=%2Fwp%2Fv2%2Fmedia&parent=1913"}],"wp:term":[{"taxonomy":"category","embeddable":true,"href":"http:\/\/www.athletic-brandao.de\/index.php?rest_route=%2Fwp%2Fv2%2Fcategories&post=1913"},{"taxonomy":"post_tag","embeddable":true,"href":"http:\/\/www.athletic-brandao.de\/index.php?rest_route=%2Fwp%2Fv2%2Ftags&post=1913"}],"curies":[{"name":"wp","href":"https:\/\/api.w.org\/{rel}","templated":true}]}}