{"id":1923,"date":"2015-09-21T10:32:39","date_gmt":"2015-09-21T08:32:39","guid":{"rendered":"http:\/\/www.athletic-brandao.de\/?p=1923"},"modified":"2015-09-28T11:13:42","modified_gmt":"2015-09-28T09:13:42","slug":"dortmund-setzt-ein-dickes-ausrufezeichen","status":"publish","type":"post","link":"http:\/\/www.athletic-brandao.de\/?p=1923","title":{"rendered":"Borussia Dortmund setzt ein Ausrufezeichen"},"content":{"rendered":"<p>Selbst ohne Offensivstar Marco Reus besteht der BVB die Reifepr\u00fcfung gegen Bayer Leverkusen. In dieser Form k\u00f6nnte Schwarz-Gelb sogar dem FC Bayern gef\u00e4hrlich werden. <a href=\"http:\/\/www.t-online.de\/sport\/fussball\/bundesliga\/id_75494716\/borussia-dortmund-dominiert-leverkusen-kampfansage-an-fc-bayern.html\" target=\"_blank\">zum Artikel<\/a><\/p>\n","protected":false},"excerpt":{"rendered":"<p>Selbst ohne Offensivstar Marco Reus besteht der BVB die Reifepr\u00fcfung gegen Bayer Leverkusen. In dieser Form k\u00f6nnte Schwarz-Gelb sogar dem FC Bayern gef\u00e4hrlich werden. zum Artikel<\/p>\n","protected":false},"author":2,"featured_media":0,"comment_status":"open","ping_status":"open","sticky":false,"template":"","format":"standard","meta":{"ngg_post_thumbnail":0,"jetpack_post_was_ever_published":false,"_jetpack_newsletter_access":"","jetpack_publicize_message":"","jetpack_is_tweetstorm":false,"jetpack_publicize_feature_enabled":true,"jetpack_social_post_already_shared":true,"jetpack_social_options":{"image_generator_settings":{"template":"highway","enabled":false}}},"categories":[27,14],"tags":[141,16,246,155,204],"jetpack_publicize_connections":[],"jetpack_featured_media_url":"","jetpack_shortlink":"https:\/\/wp.me\/p2zHXD-v1","jetpack_sharing_enabled":true,"jetpack_likes_enabled":true,"_links":{"self":[{"href":"http:\/\/www.athletic-brandao.de\/index.php?rest_route=\/wp\/v2\/posts\/1923"}],"collection":[{"href":"http:\/\/www.athletic-brandao.de\/index.php?rest_route=\/wp\/v2\/posts"}],"about":[{"href":"http:\/\/www.athletic-brandao.de\/index.php?rest_route=\/wp\/v2\/types\/post"}],"author":[{"embeddable":true,"href":"http:\/\/www.athletic-brandao.de\/index.php?rest_route=\/wp\/v2\/users\/2"}],"replies":[{"embeddable":true,"href":"http:\/\/www.athletic-brandao.de\/index.php?rest_route=%2Fwp%2Fv2%2Fcomments&post=1923"}],"version-history":[{"count":2,"href":"http:\/\/www.athletic-brandao.de\/index.php?rest_route=\/wp\/v2\/posts\/1923\/revisions"}],"predecessor-version":[{"id":1931,"href":"http:\/\/www.athletic-brandao.de\/index.php?rest_route=\/wp\/v2\/posts\/1923\/revisions\/1931"}],"wp:attachment":[{"href":"http:\/\/www.athletic-brandao.de\/index.php?rest_route=%2Fwp%2Fv2%2Fmedia&parent=1923"}],"wp:term":[{"taxonomy":"category","embeddable":true,"href":"http:\/\/www.athletic-brandao.de\/index.php?rest_route=%2Fwp%2Fv2%2Fcategories&post=1923"},{"taxonomy":"post_tag","embeddable":true,"href":"http:\/\/www.athletic-brandao.de\/index.php?rest_route=%2Fwp%2Fv2%2Ftags&post=1923"}],"curies":[{"name":"wp","href":"https:\/\/api.w.org\/{rel}","templated":true}]}}