{"id":1926,"date":"2015-09-28T11:12:49","date_gmt":"2015-09-28T09:12:49","guid":{"rendered":"http:\/\/www.athletic-brandao.de\/?p=1926"},"modified":"2015-10-03T10:02:21","modified_gmt":"2015-10-03T08:02:21","slug":"naechster-bvb-patzer-dicke-luft-vor-der-woche-der-wahrheit","status":"publish","type":"post","link":"http:\/\/www.athletic-brandao.de\/?p=1926","title":{"rendered":"N\u00e4chster BVB-Patzer: dicke Luft vor der Woche der Wahrheit"},"content":{"rendered":"<p>Borussia Dortmund entdeckt die schlechte Laune &#8211; ausgerechnet vor dem Europa-League-Highlight in Saloniki und dem Liga-Showdown in M\u00fcnchen. Nach dem verschenkten Sieg gegen Darmstadt 98 muss Trainer Tuchel seinen gefrusteten Kapit\u00e4n einfangen, wirkt aber auch selbst etwas d\u00fcnnh\u00e4utig. <a href=\"http:\/\/www.t-online.de\/sport\/fussball\/bundesliga\/id_75581760\/bvb-patzt-erneut-dicke-luft-vor-woche-der-wahrheit.html\" target=\"_blank\">zum Artikel<\/a><\/p>\n","protected":false},"excerpt":{"rendered":"<p>Borussia Dortmund entdeckt die schlechte Laune &#8211; ausgerechnet vor dem Europa-League-Highlight in Saloniki und dem Liga-Showdown in M\u00fcnchen. Nach dem verschenkten Sieg gegen Darmstadt 98 muss Trainer Tuchel seinen gefrusteten Kapit\u00e4n einfangen, wirkt aber auch selbst etwas d\u00fcnnh\u00e4utig. zum Artikel<\/p>\n","protected":false},"author":2,"featured_media":0,"comment_status":"open","ping_status":"open","sticky":false,"template":"","format":"standard","meta":{"ngg_post_thumbnail":0,"jetpack_post_was_ever_published":false,"_jetpack_newsletter_access":"","jetpack_publicize_message":"","jetpack_is_tweetstorm":false,"jetpack_publicize_feature_enabled":true,"jetpack_social_post_already_shared":true,"jetpack_social_options":{"image_generator_settings":{"template":"highway","enabled":false}}},"categories":[27,14],"tags":[16,246,98,220,204],"jetpack_publicize_connections":[],"jetpack_featured_media_url":"","jetpack_shortlink":"https:\/\/wp.me\/p2zHXD-v4","jetpack_sharing_enabled":true,"jetpack_likes_enabled":true,"_links":{"self":[{"href":"http:\/\/www.athletic-brandao.de\/index.php?rest_route=\/wp\/v2\/posts\/1926"}],"collection":[{"href":"http:\/\/www.athletic-brandao.de\/index.php?rest_route=\/wp\/v2\/posts"}],"about":[{"href":"http:\/\/www.athletic-brandao.de\/index.php?rest_route=\/wp\/v2\/types\/post"}],"author":[{"embeddable":true,"href":"http:\/\/www.athletic-brandao.de\/index.php?rest_route=\/wp\/v2\/users\/2"}],"replies":[{"embeddable":true,"href":"http:\/\/www.athletic-brandao.de\/index.php?rest_route=%2Fwp%2Fv2%2Fcomments&post=1926"}],"version-history":[{"count":5,"href":"http:\/\/www.athletic-brandao.de\/index.php?rest_route=\/wp\/v2\/posts\/1926\/revisions"}],"predecessor-version":[{"id":1932,"href":"http:\/\/www.athletic-brandao.de\/index.php?rest_route=\/wp\/v2\/posts\/1926\/revisions\/1932"}],"wp:attachment":[{"href":"http:\/\/www.athletic-brandao.de\/index.php?rest_route=%2Fwp%2Fv2%2Fmedia&parent=1926"}],"wp:term":[{"taxonomy":"category","embeddable":true,"href":"http:\/\/www.athletic-brandao.de\/index.php?rest_route=%2Fwp%2Fv2%2Fcategories&post=1926"},{"taxonomy":"post_tag","embeddable":true,"href":"http:\/\/www.athletic-brandao.de\/index.php?rest_route=%2Fwp%2Fv2%2Ftags&post=1926"}],"curies":[{"name":"wp","href":"https:\/\/api.w.org\/{rel}","templated":true}]}}