{"id":1936,"date":"2015-10-08T10:07:44","date_gmt":"2015-10-08T08:07:44","guid":{"rendered":"http:\/\/www.athletic-brandao.de\/?p=1936"},"modified":"2016-08-28T16:55:26","modified_gmt":"2016-08-28T14:55:26","slug":"nationalmannschaft-bastian-schweinsteiger-spuert-die-verfolger-im-nacken","status":"publish","type":"post","link":"http:\/\/www.athletic-brandao.de\/?p=1936","title":{"rendered":"Nationalmannschaft: Bastian Schweinsteiger sp\u00fcrt die Verfolger im Nacken"},"content":{"rendered":"<p>F\u00fcr seinen Kapit\u00e4n setzt der Bundestrainer schon mal das Leistungsprinzip au\u00dfer Kraft &#8211; mit Blick auf die EM-Qualifikation sogar aus gutem Grund. Ob das f\u00fcr die Entwicklung der DFB-Elf langfristig Sinn macht, scheint aufgrund der jungen Nachr\u00fccker zumindest fraglich.<!--more--><\/p>\n<p><em>(*Dieser Artikel lief am 8.10.2015 bei <a href=\"http:\/\/www.zdfsport.de\/dfbelf-fussball-em-qualifikation-irland-gegen-deutschland-in-dublin-40447984.html\" target=\"_blank\">zdfsport.de<\/a>*)<\/em><\/p>\n<p><strong><br \/>\nStatt &#8220;Fu\u00dfballgott&#8221; nennen sie ihn jetzt &#8220;Mr. Calm&#8221; &#8211; den Herrn der Ruhe. Fans und Teamkollegen bei Manchester United sch\u00e4tzen an ihrem neuen Strategen Bastian Schweinsteiger die F\u00e4higkeit, das Spiel zu entschleunigen. Bei einem Weltmeister, der seine Karriere auf Eigenschaften wie Power und Dynamik gr\u00fcndete, hat dieser Kosename aber auch einen Beigeschmack.<\/strong><\/p>\n<p>Denn f\u00fcr den 31-J\u00e4hrigen, der bei der EM-Qualifikationsaufgabe in Irland mit seinem 114. L\u00e4nderspiel auf Rang vier der Rekordnationalspielervorr\u00fcckt, ist es das letzte untr\u00fcgliche Zeichen, deutlicher als jedes ergraute Haar: Er ist im Herbst seiner Karriere angekommen.<\/p>\n<p><strong>F\u00fcr Wucht und Tempo der Falsche<\/strong><br \/>\nEs geh\u00f6rt zu den spannendsten Fragen, welche Konsequenz sich daraus f\u00fcr das DFB-Team ergibt. Schon Schweinsteigers Bef\u00f6rderung zum Kapit\u00e4n vor einem Jahr war eher die hoch verdiente Belohnung f\u00fcr vergangene Leistungen als eine Entscheidung f\u00fcr die Zukunft.<\/p>\n<p>Als &#8220;emotionaler Leader&#8221; kann der fr\u00fchere M\u00fcnchner beim Turnier in Frankreich eine wichtige Rolle spielen. Au\u00dferhalb des Platzes sowieso, das hat der WM-Held als Integrationsfigur in Brasilien bewiesen. Auch auf dem Rasen, wenn gegen Europas Elite tonnenweise Erfahrung, robuste Zweikampfh\u00e4rte und eine sichere Passquote gefragt sind. So wie nun in Dublin, gegen die mit aller Macht um ihre EM-Chance k\u00e4mpfenden Iren. &#8220;Das wird ein Abnutzungskampf&#8221;, ist sich Bundestrainer Joachim L\u00f6w sicher.<\/p>\n<p><strong>&#8220;Trecker auf der Schnellstra\u00dfe&#8221;<\/strong><br \/>\nAber um tief stehende Gegner mit Wucht und Tempo aus den Angeln zu heben und dabei gegen schnelle Konter gewappnet zu sein &#8211; auf diese Standardaufgabe der Nationalmannschaft passen Schweinsteigers Qualit\u00e4ten eher weniger. Auch wenn ihm der englische Boulevard mit der Bezeichnung &#8220;Trecker auf der Schnellstra\u00dfe&#8221; sicher nicht gerecht wird.<\/p>\n<p>Andererseits hat es einen Grund, warum der FC Bayern seinen Publikumsliebling vor der Saison f\u00fcr l\u00e4ppische neun Millionen Euro auf die Insel ziehen lie\u00df &#8211; ohne auff\u00e4lligen Qualit\u00e4tsverlust und ohne gr\u00f6\u00dfere Fanproteste.<\/p>\n<p><strong>Kaum Experimente<\/strong><br \/>\nIm DFB-Team profitierte Schweinsteiger von der anfangs holprigen EM-Qualifikation: Der Wille zu Experimenten auf der wichtigen Position im defensiven Mittelfeld blieb beim Bundestrainer \u00fcberschaubar.<\/p>\n<p>Aktuell kommt Deutschlands Nummer 7 die extrem kurze Vorbereitung zugute. Gleich 17 Spieler des Kaders waren noch Sonntag im Klub-Einsatz. Mit lediglich einer gemeinsamen Trainingseinheit gehen die Weltmeister in die Partie bei den Boys in Green.<\/p>\n<p><strong>Laborversuche<\/strong><br \/>\nF\u00fcr das Gruppenfinale gegen Georgien gilt \u00c4hnliches. F\u00fcr letzte Laborversuche sieht L\u00f6w &#8220;keine Veranlassung, dazu sind diese Spiele zu wichtig\u201c. Der Bundestrainer kann ruhigen Gewissens an seiner Tradition festhalten, verdiente Kr\u00e4fte unabh\u00e4ngig von der Formkurve zu st\u00fctzen, weil sie alle Automatismen kennen.<\/p>\n<p>Sp\u00e4testens mit dem EM-Ticket in der Tasche wird sich L\u00f6w Gedanken machen m\u00fcssen, welche L\u00f6sung perspektivisch die beste ist. Die \u00f6ffentliche Diskussion ist l\u00e4ngst im Gange.<\/p>\n<p><strong>&#8220;\u00dcberangebot an Ausnahmespielern&#8221;<\/strong><br \/>\n&#8220;Im Mittelfeld haben wir ein \u00dcberangebot an Ausnahmespielern\u201c, gestand L\u00f6w bereits \u00f6fters ein. Ihn plagt mehr als nur ein Luxusproblem, obwohl er zurzeit nicht einmal die n\u00e4chste Generation der so genannten Sechser auf der Rechnung hat: Liverpools Emre Can, Bayern-Youngster Joshua Kimmich oder Dortmunds Shooting-Star Julian Weigl.<\/p>\n<p>Schon im aktuellen Kader steht mit Ball-Artist Toni Kroos eine Konstante bereit, in Kilometerfresser Christoph Kramer eine Variable. Sami Khedira feierte gerade ein vielversprechendes Comeback bei seinem neuen Klub Juventus Turin. Mit ihm ist sp\u00e4testens 2016 bei den Tests gegen England und Italien wieder fest zu rechnen.<\/p>\n<p><strong>G\u00fcndogan lauert<\/strong><br \/>\nVor allem dem fast sieben Jahre j\u00fcngeren Ilkay G\u00fcndogan kann das Festhalten am verletzungsanf\u00e4lligen Schweinsteiger nicht gefallen. Der Dortmunder dr\u00e4ngt mit Verve nach vorne und will endlich die Rolle ausf\u00fcllen, die L\u00f6w f\u00fcr ihn schon zur WM 2014 vorgesehen hatte, ehe eine schwere R\u00fcckenverletzung alle Pl\u00e4ne durchkreuzte.<\/p>\n<p>Nun spielt das BVB-Ass wieder eine starke Saison, daran \u00e4ndert auch Dortmunds Debakel in M\u00fcnchen wenig. G\u00fcndogan punktete im j\u00fcngsten Quali-Doppelpack, brachte als Joker im Topduell gegen Polen enorm viel Schwung und erzielte in Schottland den Siegtreffer. &#8220;Ilkay hat das Tempo und die Beweglichkeit zur\u00fcck. Er ist mit Blick auf 2016 und die WM 2018 ein unglaublich wichtiger Spieler&#8221;, sagte der Bundestrainer unl\u00e4ngst.<\/p>\n<p>In den j\u00fcngsten Partien ging L\u00f6w dem Aufstellungs-Dilemma aus dem Weg. Weil Marco Reus fehlte, konnte er Mesut \u00d6zil auf die vakante linke Seite schieben und G\u00fcndogan offensiv spielen lassen &#8211; von Schweinsteiger abgesichert. Wenn alle Stars an Bord und in Form sind, wird diese Art Rettungsrotation aber nicht funktionieren &#8211; jedenfalls nicht, ohne andere H\u00e4rtef\u00e4lle zu produzieren.<\/p>\n","protected":false},"excerpt":{"rendered":"<p>F\u00fcr seinen Kapit\u00e4n setzt der Bundestrainer schon mal das Leistungsprinzip au\u00dfer Kraft &#8211; mit Blick auf die EM-Qualifikation sogar aus gutem Grund. Ob das f\u00fcr die Entwicklung der DFB-Elf langfristig Sinn macht, scheint aufgrund der jungen Nachr\u00fccker zumindest fraglich.<\/p>\n","protected":false},"author":2,"featured_media":0,"comment_status":"open","ping_status":"open","sticky":false,"template":"","format":"standard","meta":{"ngg_post_thumbnail":0,"jetpack_post_was_ever_published":false,"_jetpack_newsletter_access":"","jetpack_publicize_message":"","jetpack_is_tweetstorm":false,"jetpack_publicize_feature_enabled":true,"jetpack_social_post_already_shared":true,"jetpack_social_options":{"image_generator_settings":{"template":"highway","enabled":false}}},"categories":[144,14],"tags":[71,72,151,73,58],"jetpack_publicize_connections":[],"jetpack_featured_media_url":"","jetpack_shortlink":"https:\/\/wp.me\/p2zHXD-ve","jetpack_sharing_enabled":true,"jetpack_likes_enabled":true,"_links":{"self":[{"href":"http:\/\/www.athletic-brandao.de\/index.php?rest_route=\/wp\/v2\/posts\/1936"}],"collection":[{"href":"http:\/\/www.athletic-brandao.de\/index.php?rest_route=\/wp\/v2\/posts"}],"about":[{"href":"http:\/\/www.athletic-brandao.de\/index.php?rest_route=\/wp\/v2\/types\/post"}],"author":[{"embeddable":true,"href":"http:\/\/www.athletic-brandao.de\/index.php?rest_route=\/wp\/v2\/users\/2"}],"replies":[{"embeddable":true,"href":"http:\/\/www.athletic-brandao.de\/index.php?rest_route=%2Fwp%2Fv2%2Fcomments&post=1936"}],"version-history":[{"count":5,"href":"http:\/\/www.athletic-brandao.de\/index.php?rest_route=\/wp\/v2\/posts\/1936\/revisions"}],"predecessor-version":[{"id":2032,"href":"http:\/\/www.athletic-brandao.de\/index.php?rest_route=\/wp\/v2\/posts\/1936\/revisions\/2032"}],"wp:attachment":[{"href":"http:\/\/www.athletic-brandao.de\/index.php?rest_route=%2Fwp%2Fv2%2Fmedia&parent=1936"}],"wp:term":[{"taxonomy":"category","embeddable":true,"href":"http:\/\/www.athletic-brandao.de\/index.php?rest_route=%2Fwp%2Fv2%2Fcategories&post=1936"},{"taxonomy":"post_tag","embeddable":true,"href":"http:\/\/www.athletic-brandao.de\/index.php?rest_route=%2Fwp%2Fv2%2Ftags&post=1936"}],"curies":[{"name":"wp","href":"https:\/\/api.w.org\/{rel}","templated":true}]}}