{"id":1965,"date":"2015-11-19T13:20:22","date_gmt":"2015-11-19T11:20:22","guid":{"rendered":"http:\/\/www.athletic-brandao.de\/?p=1965"},"modified":"2015-12-05T11:35:03","modified_gmt":"2015-12-05T09:35:03","slug":"buerki-der-musterschueler-mit-dem-kaugummi-tick","status":"publish","type":"post","link":"http:\/\/www.athletic-brandao.de\/?p=1965","title":{"rendered":"BVB-Keeper B\u00fcrki: der Mustersch\u00fcler mit dem Kaugummi-Tick"},"content":{"rendered":"<p>Unspektakul\u00e4r, aber doch souver\u00e4n hat sich Roman B\u00fcrki als Nummer eins im Tor von Borussia Dortmund etabliert. Kleinere R\u00fcckschl\u00e4ge nimmt ihm keiner \u00fcbel, denn beim BVB sind sie sicher: Der Wow-Effekt kommt noch.*<!--more--><\/p>\n<p><strong>Es ist sein lieb gewonnenes Ritual vor jedem Spiel: Roman B\u00fcrki kickt seinen Kaugummi \u00fcber die eigene Torlinie und sagt sich: &#8220;Das ist das einzige, was heute reingeht.&#8221; Vor Borussia Dortmunds Gastspiel beim Hamburger SV hat das f\u00fcnf Mal in dieser Saison geklappt, da blieb der Keeper in der Bundesliga und im DFB-Pokal ohne Gegentor.<\/strong><\/p>\n<p>Bei 14 Pflichtspielen eine ordentliche Quote. Aber sicher auch eine, die der 25-J\u00e4hrige deutlich ausbauen will. Denn der Schweizer ist extrem lernwillig und hat ehrgeizige Ziele.<\/p>\n<p><strong>Der n\u00e4chste Schritt<\/strong><br \/>\n&#8220;Im Training musst du fast das Licht ausschalten, damit er aufh\u00f6rt. Er will sich immer verbessern und weiter arbeiten. Er ist ein Gl\u00fccksfall f\u00fcr jeden Trainer&#8221;, sagt Patrick Foletti, der die Torh\u00fcter der Schweizer Nationalmannschaft ausbildet. Dortmunds Trainer Thomas Tuchel wird das sofort unterschreiben, sonst h\u00e4tte er B\u00fcrki nicht zu Saisonbeginn zum Stammkeeper bef\u00f6rdert. Anstelle der BVB-Ikone Roman Weidenfeller.<\/p>\n<p>Flei\u00dfige Sonderschichten des Modellathleten B\u00fcrki haben bei der Entscheidungsfindung vermutlich ebenso wenig geschadet wie sein gesundes Selbstvertrauen. Schon in in der Vorbereitung  hatte der 3,5-Millionen-Euro-Neuzugang vom SC Freiburg mutig verk\u00fcndet: &#8220;Ich will auf dem h\u00f6chsten Level spielen und bin immer bereit f\u00fcr den n\u00e4chsten Schritt.&#8221;<\/p>\n<p><strong>Kein Problem mit Weidenfeller<\/strong><br \/>\nDank seiner offenen Art ist B\u00fcrki schnell angekommen bei Schwarz-Gelb. Die Fans m\u00f6gen die Zuverl\u00e4ssigkeit ihrer Nummer 38. Aber auch, dass er sich via Twitter f\u00fcr ein Gegentor selbst auf die Schippe nehmen kann oder seine Vorderleute hemds\u00e4rmelig in die vergessenen Ecken des fr\u00fcheren Westfalenstadions zum Klatschen schickt.<\/p>\n<p>Im Team ist er seit dem ersten Tag integriert. Selbst Konkurrent Weidenfeller und er verstehen sich vorbildlich. B\u00fcrki g\u00f6nnt dem Routinier den Teilzeitjob Europa League und schaut sich Tricks f\u00fcrs eigene Portfolio ab: &#8220;Von Roman kann ich viel lernen&#8221;, sagt der Mustersch\u00fcler dem\u00fctig. Etwa in der Strafraumbeherrschung oder im Duell Eins gegen Eins.<\/p>\n<p><strong>Kalkuliertes Risiko<\/strong><br \/>\nB\u00fcrkis Beitrag zum BVB-Aufschwung ist mit Zahlen bislang schwer zu greifen. Aber ohne seine Ballsicherheit w\u00e4re die dringend n\u00f6tige Evolution des \u00dcberfallfu\u00dfballs hin zur Ballbesitzvariante viel schwieriger. B\u00fcrki kann R\u00fcckp\u00e4sse mit beiden F\u00fc\u00dfen verarbeiten und B\u00e4lle auch unter Druck pr\u00e4zise an den Mann bringen. Das erm\u00f6glicht den Westfalen, ihr nun geduldigeres Aufbauspiel wenn n\u00f6tig tiefer anzulegen, oder die Spieler\u00f6ffnung von der letzten Position zu starten.<\/p>\n<p>Wie sein Vorbild Manuel Neuer agiert B\u00fcrki oft als elfter Feldspieler. Das ist ein Risiko, wie beim Slapstick-Gegentor im Pokal gegen Paderborn zu sehen, aber ein kalkuliertes. Denn es schafft letztlich die Grundlage, die zentralen Abwehrspieler breiter, und die Au\u00dfenverteidiger extrem hoch zu stellen. Die Tormaschine des Tabellenzweiten dankt die mutige Ausrichtung mit bislang 35 Liga-Treffern.<\/p>\n<p><strong>Nationalelfkarriere nimmt Fahrt auf<\/strong><br \/>\nDagegen sind 15 Gegentore der Dortmunder Abwehr verbesserungsw\u00fcrdig. Das wei\u00df auch B\u00fcrki, zur Not schmiert es ihm sein Vater bei der regelm\u00e4\u00dfigen Spielanalyse per Telefon aufs Brot. Allein f\u00fcnf der Treffer kassierte Roman beim FC Bayern, zwei davon gingen auf sein Konto. Kleine R\u00fcckschl\u00e4ge, die aber normal sind und bei den Westfalen keiner \u00fcbel nimmt, solange eine Lernkurve erkennbar bleibt. Die Nervosit\u00e4t, die B\u00fcrki in M\u00fcnchen zeigte, wird sich allein durch die Auftritte in Dortmunds gro\u00dfer Fu\u00dfball-Oper bald legen.<\/p>\n<p>F\u00fcr die anderen Partien wird er den Fokus anpassen: W\u00e4hrend B\u00fcrki fr\u00fcher unter Dauerdruck im Minutentakt gl\u00e4nzte, hei\u00dft es im Tor eines Topteams h\u00e4ufiger: abwarten, hellwach bleiben. &#8220;Das ist der n\u00e4chste Schritt, den Roman machen muss&#8221;, sagt Lehrmeister Foletti nicht ganz uneigenn\u00fctzig. Denn auch in der Schweizer &#8220;Nati&#8221; nimmt B\u00fcrki Fahrt auf: Nach dem Pflichtspieldeb\u00fct Anfang Oktober gegen San Marino macht sich der Bankdr\u00fccker der WM 2014 nun Hoffnung auf Eins\u00e4tze bei der EM in Frankreich.<\/p>\n<p><strong>Den Derbysieg gerettet<\/strong><br \/>\nDass er im \u00dcbrigen auch die Heldenrolle weiter drauf hat wie in Freiburg, wo er trotz Abstiegs neun Mal unbezwungen blieb, zeigte B\u00fcrki im bisher fast reibungslosen Saisonverlauf doppelt: In Mainz und zuletzt im Revierderby gegen Schalke rettete er mit tollen Reflexen den Sieg. Dass genau dieser Wow-Effekt bald viel \u00f6fter zu bestaunen ist, davon sind sie in Dortmund \u00fcberzeugt. Und davon, dass noch mehr Kaugummis die Torlinie des BVB passieren und nichts sonst.<\/p>\n<p>&#8212;&#8212;&#8212;<\/p>\n<p>*Dieser Artikel lief vom 18. bis 21. November bei zdfsport.de. <a href=\"http:\/\/www.zdfsport.de\/am-samstag-ist-bvb-torhueter-roman-buerki-zu-gast-im-aktuellen-sportstudio.-ein-portraet-ueber-den-ehrgeizigen-torhueter-41041488.html\" target=\"_blank\">zum Artikel<\/a><\/p>\n","protected":false},"excerpt":{"rendered":"<p>Unspektakul\u00e4r, aber doch souver\u00e4n hat sich Roman B\u00fcrki als Nummer eins im Tor von Borussia Dortmund etabliert. Kleinere R\u00fcckschl\u00e4ge nimmt ihm keiner \u00fcbel, denn beim BVB sind sie sicher: Der Wow-Effekt kommt noch.*<\/p>\n","protected":false},"author":2,"featured_media":1967,"comment_status":"open","ping_status":"open","sticky":false,"template":"","format":"standard","meta":{"ngg_post_thumbnail":0,"jetpack_post_was_ever_published":false,"_jetpack_newsletter_access":"","jetpack_publicize_message":"","jetpack_is_tweetstorm":false,"jetpack_publicize_feature_enabled":true,"jetpack_social_post_already_shared":true,"jetpack_social_options":{"image_generator_settings":{"template":"highway","enabled":false}}},"categories":[27,14],"tags":[16,209,139,204],"jetpack_publicize_connections":[],"jetpack_featured_media_url":"https:\/\/i0.wp.com\/www.athletic-brandao.de\/wp-content\/uploads\/2015\/11\/buerki.jpg?fit=150%2C150","jetpack_shortlink":"https:\/\/wp.me\/p2zHXD-vH","jetpack_sharing_enabled":true,"jetpack_likes_enabled":true,"_links":{"self":[{"href":"http:\/\/www.athletic-brandao.de\/index.php?rest_route=\/wp\/v2\/posts\/1965"}],"collection":[{"href":"http:\/\/www.athletic-brandao.de\/index.php?rest_route=\/wp\/v2\/posts"}],"about":[{"href":"http:\/\/www.athletic-brandao.de\/index.php?rest_route=\/wp\/v2\/types\/post"}],"author":[{"embeddable":true,"href":"http:\/\/www.athletic-brandao.de\/index.php?rest_route=\/wp\/v2\/users\/2"}],"replies":[{"embeddable":true,"href":"http:\/\/www.athletic-brandao.de\/index.php?rest_route=%2Fwp%2Fv2%2Fcomments&post=1965"}],"version-history":[{"count":6,"href":"http:\/\/www.athletic-brandao.de\/index.php?rest_route=\/wp\/v2\/posts\/1965\/revisions"}],"predecessor-version":[{"id":1971,"href":"http:\/\/www.athletic-brandao.de\/index.php?rest_route=\/wp\/v2\/posts\/1965\/revisions\/1971"}],"wp:featuredmedia":[{"embeddable":true,"href":"http:\/\/www.athletic-brandao.de\/index.php?rest_route=\/wp\/v2\/media\/1967"}],"wp:attachment":[{"href":"http:\/\/www.athletic-brandao.de\/index.php?rest_route=%2Fwp%2Fv2%2Fmedia&parent=1965"}],"wp:term":[{"taxonomy":"category","embeddable":true,"href":"http:\/\/www.athletic-brandao.de\/index.php?rest_route=%2Fwp%2Fv2%2Fcategories&post=1965"},{"taxonomy":"post_tag","embeddable":true,"href":"http:\/\/www.athletic-brandao.de\/index.php?rest_route=%2Fwp%2Fv2%2Ftags&post=1965"}],"curies":[{"name":"wp","href":"https:\/\/api.w.org\/{rel}","templated":true}]}}