{"id":1974,"date":"2015-12-05T11:34:39","date_gmt":"2015-12-05T09:34:39","guid":{"rendered":"http:\/\/www.athletic-brandao.de\/?p=1974"},"modified":"2016-08-28T18:03:53","modified_gmt":"2016-08-28T16:03:53","slug":"das-spiel-der-verdrehten-vorzeichen","status":"publish","type":"post","link":"http:\/\/www.athletic-brandao.de\/?p=1974","title":{"rendered":"Das Spiel der verdrehten Vorzeichen"},"content":{"rendered":"<p>Die vermeintliche Wachabl\u00f6sung ger\u00e4t ins Wanken: W\u00e4hrend Vizemeister VfL Wolfsburg vorm Topspiel mit Problemen k\u00e4mpft, ist Comeback-K\u00fcnstler Borussia Dortmund \u00fcberraschend schnell wieder zur Nummer zwei im deutschen Fu\u00dfball aufger\u00fcckt.<!--more--><\/p>\n<p><em>(*Dieser Artikel lief am 5.12.2015 bei <a href=\"http:\/\/www.zdfsport.de\/vorschau-auf-spiel-der-verdrehten-vorzeichen-wolfsburg-gegen-dortmund-am-15.-spieltag-der-bundesliga-41304848.html\" target=\"_blank\">zdfsport.de<\/a>*)<\/em><\/p>\n<p><strong>Den Dezember 2014 w\u00fcrden die Fans von Borussia Dortmund sicher gerne aus ihrer Erinnerung streichen. Fast genau vor einem Jahr traf der BVB ebenfalls auf den VfL Wolfsburg, Naldos sp\u00e4ter Gegentreffer raubte den Westfalen in einem ihrer besseren Spiele jener Seuchensaison den Sieg.<\/strong><\/p>\n<p>Und damit j\u00e4h die Hoffnung auf eine Trendwende: W\u00e4hrend sich die W\u00f6lfe damals gem\u00fctlich auf Rang zwei einrichteten, verabschiedete sich der BVB wenige Tage sp\u00e4ter auf einem Abstiegsplatz in die Winterpause. Die Ahnung eines schmerzhaften und langfristigen Umbruchs lag in der Luft.<\/p>\n<p><strong>Neues Kr\u00e4fteverh\u00e4ltnis? Von wegen<\/strong><br \/>\n\u201eDie letzten Begegnungen mit dem VfL Wolfsburg sind nicht so positiv f\u00fcr uns gelaufen. Deshalb haben wir einen besonderen Ehrgeiz\u201c, k\u00fcndigte BVB-Sportdirektor Michael Zorc vorm aktuellen Duell mit den Niedersachsen im \u201ekicker\u201c an. Das ungl\u00fcckliche Remis des vergangenen Jahres ist in Dortmund nicht vergessen, ebenso wenig die Niederlage im R\u00fcckspiel.<\/p>\n<p>Und schon gar nicht die Pleite im DFB-Pokalfinale, das doch als vers\u00f6hnlicher Abschluss der \u00c4ra Klopp in die Geschichte eingehen sollte. Stattdessen deuteten Experten das Spiel als Beweis f\u00fcr das neue Kr\u00e4fteverh\u00e4ltnis im deutschen Fu\u00dfball: Wolfsburg w\u00fcrde auch auf Sicht st\u00e4rkster Herausforderer des FC Bayern. <\/p>\n<p><strong>Dortmund k\u00f6nnte Rang zwei zementieren<\/strong><br \/>\nEinen solchen muss die Liga angesichts der M\u00fcnchner \u00dcbermacht wohl l\u00e4nger suchen, und als zweite Kraft steht im vermeintlich holprigen Jahr des \u00dcbergangs pl\u00f6tzlich wieder die Borussia da.<\/p>\n<p>Der Wechsel von Trainer-Ikone J\u00fcrgen Klopp zu Thomas Tuchel und vom letztlich kollabierten System des \u00dcberfallfu\u00dfballs hin zur stabileren Variante mit mehr Ballbesitz hat deutlich besser funktioniert, als selbst die k\u00fchnsten Optimisten dachten. Mit einem Erfolg im Topspiel k\u00f6nnte der BVB die Spitze der Ohne-Bayern-Tabelle mit zehn Punkten Vorsprung vor Wolfsburg zementieren.<\/p>\n<p><strong>Aubameyang schl\u00e4gt die VfL-Offensive<\/strong><br \/>\nDas Selbstvertrauen bei den Westfalen ist zur\u00fcck, auch die Sicherheit des Kombinationsspiels, die um einen geduldigeren Aufbau erweitert wurde. Allein die Abwehr bleibt extrem anf\u00e4llig, sie hat nur zwei Tore weniger (!) zugelassen als zum gleichen Zeitpunkt der Vorsaison.<\/p>\n<p>Dass sich die beiden etatm\u00e4\u00dfigen Innenverteidiger Sokratis und Mats Hummels krank gemeldet haben und wohl auch Julian Weigl als Abr\u00e4umer im defensiven Mittelfeld ausfallen wird, macht die Aufgabe in Wolfsburg nicht leichter. Bislang hat der BVB seine Probleme im R\u00fcckw\u00e4rtsgang aber fast immer oft mit attraktivem Offensivwirbel \u00fcberkompensiert. Satte 40 Treffer stehen in der Liga zu Buche. Pierre-Emerick Aubameyang alleine erzielte mit bislang 17 Treffern nur sechs weniger als alle W\u00f6lfe zusammen.<\/p>\n<p><strong>Wolfsburg hat den De-Bruyne-Blues<\/strong><br \/>\nDieser Punch ist Wolfsburg abhanden gekommen und nat\u00fcrlich h\u00e4ngt das mit dem Abschied von Kevin De Bruyne zusammen. Ohne ihn reiht sich der Vizemeister mit Dortmund bei all jenen Normalo-Klubs ein, die Pep Guardiolas Superbayern kein Paroli bieten k\u00f6nnen. Mit ihm war es anders, zumindest im direkten Duell: Etwa beim denkw\u00fcrdigen 4:1 zum Auftakt der vergangenen R\u00fcckrunde oder beim Gewinn des Supercups im Sommer.<\/p>\n<p>Seit dem Wechsel des Spielmachers zu Manchester City setzte es dagegen eine 1:5-Dem\u00fctigung in der Liga und eine nicht minder herbe 1:3-Heimpleite des entthronten Titelverteidigers in der 2. DFB-Pokalrunde. Zwar spielt Wolfsburg insgesamt keine schlechte Saison. Das Team h\u00e4lt in der Liga Kurs auf die erneute Qualifikation zur Champions League und lie\u00df zuhause nur im Derby gegen Hannover einen Punkt liegen. Zudem k\u00f6nnte der Klub am kommenden Dienstag erstmals ins Achtelfinale der K\u00f6nigsklasse einziehen.<\/p>\n<p><strong>Sch\u00fcrrle und Co. mit Luft nach oben<\/strong><br \/>\nTrotzdem l\u00e4uft nicht alles rund. Die Anspr\u00fcche sind h\u00f6her. Das zeigt schon die kurze Z\u00fcndschnur der Verantwortlichen. Bei den Pleiten in Gladbach und Mainz rasselte der sonst besonnene Trainer Dieter Hecking mit den Schiedsrichtern zusammen. Wiederholt kritisierte Sportdirektor Klaus Allofs \u00f6ffentlich die Spieler.<\/p>\n<p>Vor allem ausw\u00e4rts wird De Bruynes feiner Zauber vermisst, der vergangene Spielzeit mit 10 Treffern und 21 Torvorlagen so traumhaft die Offensive trug. Heute entz\u00fcndet sich Kritik oft am unbest\u00e4ndigen Auftritt von Weltmeister Andr\u00e9 Sch\u00fcrrle. Aber auch Julian Draxler, Max Kruse oder der gegen Dortmund Gelb-Rot gesperrte Dante haben noch Anlaufprobleme.<\/p>\n<p><strong>Der lange Arm der VW-Aff\u00e4re<\/strong><br \/>\nSchwierigkeiten, die sich in den Griff bekommen lassen. Nicht abzusch\u00e4tzen dagegen ist, welche Auswirkung die Volkswagen-Aff\u00e4re auf den Fu\u00dfballstandort Wolfsburg haben k\u00f6nnte. Bislang hat die VfL-Mutter nur das geplante Nachwuchs-Leistungszentrum auf Eis gelegt. Aber sollte VW wirklich zu einer Strafe in zweistelliger Milliardenh\u00f6he verdonnert werden, schr\u00e4nkt das sicher auch den Spielraum des bislang \u00fcppig alimentierten Werksklubs ein.<\/p>\n<p>Der b\u00f6rsennotierte BVB hingegen bewies erst im November bei der Vorlage neuer Quartalszahlen, dass er selbst mit der weniger lukrativen Europa League das Gef\u00fchl eines schmerzhaften Umbruchs vertreiben kann.<\/p>\n","protected":false},"excerpt":{"rendered":"<p>Die vermeintliche Wachabl\u00f6sung ger\u00e4t ins Wanken: W\u00e4hrend Vizemeister VfL Wolfsburg vorm Topspiel mit Problemen k\u00e4mpft, ist Comeback-K\u00fcnstler Borussia Dortmund \u00fcberraschend schnell wieder zur Nummer zwei im deutschen Fu\u00dfball aufger\u00fcckt.<\/p>\n","protected":false},"author":2,"featured_media":0,"comment_status":"open","ping_status":"open","sticky":false,"template":"","format":"standard","meta":{"ngg_post_thumbnail":0,"jetpack_post_was_ever_published":false,"_jetpack_newsletter_access":"","jetpack_publicize_message":"","jetpack_is_tweetstorm":false,"jetpack_publicize_feature_enabled":true,"jetpack_social_post_already_shared":true,"jetpack_social_options":{"image_generator_settings":{"template":"highway","enabled":false}}},"categories":[27,14],"tags":[223,16,246,78],"jetpack_publicize_connections":[],"jetpack_featured_media_url":"","jetpack_shortlink":"https:\/\/wp.me\/p2zHXD-vQ","jetpack_sharing_enabled":true,"jetpack_likes_enabled":true,"_links":{"self":[{"href":"http:\/\/www.athletic-brandao.de\/index.php?rest_route=\/wp\/v2\/posts\/1974"}],"collection":[{"href":"http:\/\/www.athletic-brandao.de\/index.php?rest_route=\/wp\/v2\/posts"}],"about":[{"href":"http:\/\/www.athletic-brandao.de\/index.php?rest_route=\/wp\/v2\/types\/post"}],"author":[{"embeddable":true,"href":"http:\/\/www.athletic-brandao.de\/index.php?rest_route=\/wp\/v2\/users\/2"}],"replies":[{"embeddable":true,"href":"http:\/\/www.athletic-brandao.de\/index.php?rest_route=%2Fwp%2Fv2%2Fcomments&post=1974"}],"version-history":[{"count":3,"href":"http:\/\/www.athletic-brandao.de\/index.php?rest_route=\/wp\/v2\/posts\/1974\/revisions"}],"predecessor-version":[{"id":2041,"href":"http:\/\/www.athletic-brandao.de\/index.php?rest_route=\/wp\/v2\/posts\/1974\/revisions\/2041"}],"wp:attachment":[{"href":"http:\/\/www.athletic-brandao.de\/index.php?rest_route=%2Fwp%2Fv2%2Fmedia&parent=1974"}],"wp:term":[{"taxonomy":"category","embeddable":true,"href":"http:\/\/www.athletic-brandao.de\/index.php?rest_route=%2Fwp%2Fv2%2Fcategories&post=1974"},{"taxonomy":"post_tag","embeddable":true,"href":"http:\/\/www.athletic-brandao.de\/index.php?rest_route=%2Fwp%2Fv2%2Ftags&post=1974"}],"curies":[{"name":"wp","href":"https:\/\/api.w.org\/{rel}","templated":true}]}}