{"id":2001,"date":"2016-08-07T09:52:26","date_gmt":"2016-08-07T07:52:26","guid":{"rendered":"http:\/\/www.athletic-brandao.de\/?p=2001"},"modified":"2016-12-13T11:49:27","modified_gmt":"2016-12-13T09:49:27","slug":"mario-goetze-uebt-sich-in-demut-und-reue","status":"publish","type":"post","link":"http:\/\/www.athletic-brandao.de\/?p=2001","title":{"rendered":"Mario G\u00f6tze \u00fcbt sich in Demut und Reue"},"content":{"rendered":"<p>Die R\u00fcckkehr der Reizfigur verl\u00e4uft \u00fcberraschend sanft. Im Trainingslager in der Schweiz ist das Verh\u00e4ltnis zu den BVB-Fans noch das kleinste Problem. G\u00f6tze k\u00e4mpft bei Borussia Dortmund gegen innere und \u00e4u\u00dfere Zweifel &#8211; und der schwerste Weg steht ihm erst noch bevor.<!--more--><\/p>\n<p>(*Dieser Artikel lief am 7.8.2016 bei <a href=\"http:\/\/www.heute.de\/borussia-dortmund-bvb-mario-goetze-uebt-sich-in-demut-und-reue-44694452.html\" target=\"_blank\">heute.de<\/a>*)<\/p>\n<p><strong>Schon am zweiten Tag des Trainingslagers in Bad Ragaz gibt es Kl\u00e4rungsbedarf. Mit H\u00e4nden und F\u00fc\u00dfen redet BVB-Trainer Thomas Tuchel auf Mario G\u00f6tze ein. W\u00e4hrend der Rest des Teams nach dem intensiven \u00dcbungsspielchen aus der irren Hitze fl\u00fcchtet, bekommt der R\u00fcckkehrer noch eine Nachhilfestunde:<\/strong><\/p>\n<p>Mit dem blauen Reservistenleibchen als B\u00fc\u00dferhemd steht der Weltmeister im Mittelkreis, lauscht dem\u00fctig seinem Fu\u00dfballdozenten und wartet geduldig auf die wenigen auflockernden Scherze des Chefs. F\u00fcnf Minuten braucht der schwitzende G\u00f6tze, um unter Kopfnicken den kurzen Weg in den Schatten zu schaffen.<\/p>\n<p><strong>G\u00f6tzes Zeit in M\u00fcnchen galt als R\u00fcckschritt<\/strong><\/p>\n<p>G\u00f6tzes Comeback in Dortmund ist harte Arbeit, f\u00fcr alle Beteiligten. Das war angesichts der einst entt\u00e4uschten &#8220;echten Liebe&#8221; klar. Doch neben den Fans, die er vor drei Jahren mit dem Wechsel zum Erzrivalen FC Bayern vor den Kopf stie\u00df, hat er noch andere Akteure f\u00fcr sich zur\u00fcckzugewinnen. Das reflexartige Lob alter und neuer Kollegen muss sich erst als belastbar erweisen. &#8220;Mario wei\u00df, dass viel von ihm erwartet wird&#8221;, sagte Sportdirektor Michael Zorc j\u00fcngst. Ob der 22-Millionen-Euro-Transfer im Klub wirklich so harmonisch diskutiert wurde wie \u00f6ffentlich transportiert wird? Es bleibt das sportliche Fragezeichen. Trotz guter Statistiken gilt seine M\u00fcnchner Zeit als Karriere-R\u00fcckschritt.<\/p>\n<p>Noch ist nicht gesichert, ob Trainer Tuchel ein so gro\u00dfer Freund der R\u00fcckholaktion ist wie etwa Hans-Joachim Watzke. Der BVB-Gesch\u00e4ftsf\u00fchrer lobt den WM-Finalheld von 2014 in Dauerschleife: &#8220;Bei uns wird Mario wieder der Alte.&#8221; Beim gr\u00f6\u00dften Umbruch der j\u00fcngeren Vereins-Geschichte mit weiteren sieben Zug\u00e4ngen muss sich selbst f\u00fcr einen Hochbegabten wie G\u00f6tze erst ein Platz finden. Sp\u00e4testens seit der Verpflichtung seines Buddys Andr\u00e9 Sch\u00fcrrle platzen die Fl\u00fcgel vor Talent aus allen N\u00e4hten. Bleibt wohl nur die Schaltzentrale.<\/p>\n<p>Wie selbstverst\u00e4ndlich orientiert sich der 24-J\u00e4hrige dorthin. Mit Shinji Kagawa streitet er um die Planstelle in der Startelf. Beim j\u00fcngsten Testspiel gegen den AFC Sunderland gab Tuchel dem Japaner 67 Minuten lang den Vorzug. Bei defensiverer Ausrichtung ist auch Gonzalo Castro ein Konkurrent, ein Gewinner der Saisonvorbereitung.<\/p>\n<p><strong>Kaum Pfiffe der Fans<\/strong><\/p>\n<p>G\u00f6tzes atmosph\u00e4rischer Einstand geht bislang \u00fcberraschend sanft \u00fcber die B\u00fchne. Bei der Ankunft am Teamhotel Grand Resort Bad Ragaz nimmt ihn die kleine Fan-Schar wohlwollend in Empfang. Die ersten Trainingseinheiten verlaufen ohne St\u00f6rger\u00e4usche. Keine Pfiffe, Hassplakate oder Schm\u00e4hrufe von den gut 300 Schwarz-Gelben am &#8220;Sport-platz Ri-Au&#8221;. Als G\u00f6tze nach der ersten Einheit f\u00fcr Selfies und Autogramme auf die Fans zugeht, ist fast ein wenig Zuneigung zu sp\u00fcren.<\/p>\n<p>Erst beim Sunderland-Spiel im \u00f6sterreichischen Altach werden Pfiffe und b\u00f6se Worte laut &#8211; aber nur wenige, von einer kleinen Minderheit. Das liegt auch am Publikum: viele Urlauber, Familien mit Kindern. Und an der cleveren Orchestrierung eines Transfers, der mit Testballons schon vor Monaten auf Machbarkeit in der BVB-Familie gepr\u00fcft wurde. Erstaunlich ist die gem\u00e4\u00dfigte Fan-Reaktion trotzdem.<\/p>\n<p><strong>Weg vom Schn\u00f6sel-Klischee<\/strong><\/p>\n<p>Auch auf dem Platz zeigt G\u00f6tze Demut. Er stellt sich hinten an wie ein aufger\u00fcckter A-Jugendlicher. Er wird nie laut, zeigt null All\u00fcren, unterdr\u00fcckt fast jedes Grinsen. Beinahe entsteht der Eindruck, selbst am Ball bremse er sich. G\u00f6tze gibt sich keinen \u00c4u\u00dferlichkeiten hin &#8211; abgesehen von der Kurzhaarfrisur, die vom Boulevard als Signal des Aufbruchs interpretiert wird.<\/p>\n<p>Beim letzten Auftritt in Bad Ragaz vor drei Jahren bediente er noch alle Schn\u00f6sel-Klischees, trug im Training Kettchen, strich die \u00c4rmel hoch, um die Muckis zu br\u00e4unen. Nun wirkt er konzentriert und ernst. Selbst seine oft als peinliches Eigen-Marketing wahrgenommenen Social-Media-Auftritte hat er stark eingedampft. Einzig ein Tweet mit dem Baby eines Fans auf dem Arm sah als Symbolfoto dann doch zu bem\u00fcht aus.<\/p>\n<p><strong>G\u00f6tzes Gang nach Canossa<\/strong><\/p>\n<p>Doch wie viel von seiner \u00dcbung in Demut und Reue ist kluge PR-Strategie, wie viel echte L\u00e4uterung? Was davon ist Angst vor Fettn\u00e4pfchen und wie viel Respekt vor einer Bringschuld? &#8220;Mario wei\u00df, dass viel von ihm erwartet wird&#8221;, sagte Sportdirektor Zorc j\u00fcngst und forderte &#8220;Leistung, Leistung, Leistung&#8221;. Die sportliche Antwort wird G\u00f6tze bald geben. F\u00fcr das Verh\u00e4ltnis zu den Fans bleibt dem BVB eine Woche, um gut Wetter zu machen und Botschaften abzusetzen.<\/p>\n<p>Wie in der Pressemitteilung zum Wechsel, als G\u00f6tze seine Bayern-Episode indirekt als Fehler einordnete. Oder wie aktuell im Klub-TV mit dem Gest\u00e4ndnis: &#8220;Ich wollte unbedingt zur\u00fcck&#8221;. Dann wird die S\u00fcdtrib\u00fcne des fr\u00fcheren Westfalenstadions G\u00f6tzes Canossa. Wenn die Borussia am kommenden Sonntag den FC Bayern zum Supercup empf\u00e4ngt, lautet die Frage nicht, ob die Reizfigur ausgepfiffen wird, sondern allein: Wie stark sind Restvorbehalte noch zu h\u00f6ren? Das k\u00f6nnte noch mal unangenehmer werden als eine Nachhilfestunde im Mittelkreis.<\/p>\n","protected":false},"excerpt":{"rendered":"<p>Die R\u00fcckkehr der Reizfigur verl\u00e4uft \u00fcberraschend sanft. Im Trainingslager in der Schweiz ist das Verh\u00e4ltnis zu den BVB-Fans noch das kleinste Problem. G\u00f6tze k\u00e4mpft bei Borussia Dortmund gegen innere und \u00e4u\u00dfere Zweifel &#8211; und der schwerste Weg steht ihm erst &hellip; <a href=\"http:\/\/www.athletic-brandao.de\/?p=2001\">Weiterlesen <span class=\"meta-nav\">&rarr;<\/span><\/a><\/p>\n","protected":false},"author":2,"featured_media":2003,"comment_status":"open","ping_status":"open","sticky":false,"template":"","format":"standard","meta":{"ngg_post_thumbnail":0,"jetpack_post_was_ever_published":false,"_jetpack_newsletter_access":"","jetpack_publicize_message":"","jetpack_is_tweetstorm":false,"jetpack_publicize_feature_enabled":true,"jetpack_social_post_already_shared":true,"jetpack_social_options":{"image_generator_settings":{"template":"highway","enabled":false}}},"categories":[27,14],"tags":[16,44,204],"jetpack_publicize_connections":[],"jetpack_featured_media_url":"https:\/\/i0.wp.com\/www.athletic-brandao.de\/wp-content\/uploads\/2016\/08\/goetze.jpg?fit=150%2C150","jetpack_shortlink":"https:\/\/wp.me\/p2zHXD-wh","jetpack_sharing_enabled":true,"jetpack_likes_enabled":true,"_links":{"self":[{"href":"http:\/\/www.athletic-brandao.de\/index.php?rest_route=\/wp\/v2\/posts\/2001"}],"collection":[{"href":"http:\/\/www.athletic-brandao.de\/index.php?rest_route=\/wp\/v2\/posts"}],"about":[{"href":"http:\/\/www.athletic-brandao.de\/index.php?rest_route=\/wp\/v2\/types\/post"}],"author":[{"embeddable":true,"href":"http:\/\/www.athletic-brandao.de\/index.php?rest_route=\/wp\/v2\/users\/2"}],"replies":[{"embeddable":true,"href":"http:\/\/www.athletic-brandao.de\/index.php?rest_route=%2Fwp%2Fv2%2Fcomments&post=2001"}],"version-history":[{"count":3,"href":"http:\/\/www.athletic-brandao.de\/index.php?rest_route=\/wp\/v2\/posts\/2001\/revisions"}],"predecessor-version":[{"id":2141,"href":"http:\/\/www.athletic-brandao.de\/index.php?rest_route=\/wp\/v2\/posts\/2001\/revisions\/2141"}],"wp:featuredmedia":[{"embeddable":true,"href":"http:\/\/www.athletic-brandao.de\/index.php?rest_route=\/wp\/v2\/media\/2003"}],"wp:attachment":[{"href":"http:\/\/www.athletic-brandao.de\/index.php?rest_route=%2Fwp%2Fv2%2Fmedia&parent=2001"}],"wp:term":[{"taxonomy":"category","embeddable":true,"href":"http:\/\/www.athletic-brandao.de\/index.php?rest_route=%2Fwp%2Fv2%2Fcategories&post=2001"},{"taxonomy":"post_tag","embeddable":true,"href":"http:\/\/www.athletic-brandao.de\/index.php?rest_route=%2Fwp%2Fv2%2Ftags&post=2001"}],"curies":[{"name":"wp","href":"https:\/\/api.w.org\/{rel}","templated":true}]}}