{"id":2005,"date":"2016-08-10T11:01:36","date_gmt":"2016-08-10T09:01:36","guid":{"rendered":"http:\/\/www.athletic-brandao.de\/?p=2005"},"modified":"2016-12-13T12:56:23","modified_gmt":"2016-12-13T10:56:23","slug":"tuchels-grosse-tueftelstunde","status":"publish","type":"post","link":"http:\/\/www.athletic-brandao.de\/?p=2005","title":{"rendered":"Tuchels gro\u00dfe T\u00fcftelstunde"},"content":{"rendered":"<p>Im zweiten Jahr beim BVB ist Thomas Tuchel voll in seinem Element: Der experimentierfreudige Trainer darf sein Team neu erfinden. Doch der Umbruch k\u00f6nnte schwieriger werden als bef\u00fcrchtet, wie der j\u00fcngste Test gegen Bilbao andeutet. Und um Marco Reus gibt es einige Verwirrung.<!--more--><\/p>\n<p>(*Dieser Artikel lief am 10.8.2016 bei zdfsport.de und <a href=\"http:\/\/www.heute.de\/tuchel-tueftelt-bei-borussia-dortmund-und-wirbel-um-marco-reus-44742634.html\" target=\"_blank\">heute.de<\/a>*)<\/p>\n<p><strong>Als die 0:1-Pleite gegen Athletic Bilbao perfekt war, bem\u00fchte sich Thomas Tuchel um eine ruhige, differenzierte Analyse. In einer improvisierten Presserunde im Bauch des Kybunparks von St. Gallen demonstrierte der Coach L\u00e4ssigkeit und referierte mit den H\u00e4nden in den Hosentaschen \u00fcber die Probleme der Saisonvorbereitung. Doch Borussia Dortmunds Coach wippte hin und her, in ihm brodelte es.<\/strong><\/p>\n<p>&#8220;Die Ausschl\u00e4ge nach unten m\u00fcssen weg&#8221;, forderte er nach dem schlechtesten Spiel der Testphase. F\u00fcnf Tage vorm Supercup gegen den FC Bayern und keine drei Wochen vor Beginn der Bundesliga ist der BVB l\u00e4ngst nicht so weit wie erhofft. Dabei war es klar, dass es ein Gro\u00dfprojekt w\u00fcrde, f\u00fcr gut 110 Millionen drei S\u00e4ulen des Teams zu verkaufen und f\u00fcr die gleiche Summe acht Neue zu holen.<\/p>\n<p><strong>&#8220;Nicht an Vorstellungen kleben&#8221;<\/strong><\/p>\n<p>&#8220;Die Kunst des Jetzt ist, nicht an Vorstellungen zu kleben. Sondern alles offen zu beobachten, um einen Stil zu finden&#8221;, philosophierte der Coach schon zum Start der Saisonvorbereitung. An seinem Ideal vom Ballbesitz-Fu\u00dfball will er festhalten, zumal die vergangene Spielzeit f\u00fcr die Borussia in spielerischer Hinsicht ein Quantensprung war. Doch auf den weiteren Weg dorthin mochte sich Tuchel bislang nicht festlegen. Taktik, System und Grundformationen sollen davon abh\u00e4ngig sein, was ihm die Spieler anbieten.<\/p>\n<p>Etwa Ousmane Demb\u00e9l\u00e9, der vorne rechts freche Dribblings zeigt, aber im R\u00fcckw\u00e4rtsgang oft Hilfe braucht. Oder der Hummels-Nachfolger Marc Bartra, dessen Auftritte als Innenverteidiger noch nicht an sein in Barcelona gest\u00e4hltes Ego ran reichen. Oder die Nationalspieler Andr\u00e9 Sch\u00fcrrle und Mario G\u00f6tze, beide gegen Bilbao erstmals in der Startelf. Letzterer hofft, in der kreativen Mitte des Feldes wieder aufzubl\u00fchen, gegen die Basken holte er einen Elfmeter raus, den Pierre-Emerick Aubameyang aber verschoss.<\/p>\n<p><strong>Jede Woche neue Startelf?<\/strong><\/p>\n<p>Alleine das Sichten der diversen Versuchsanordnungen d\u00fcrfte sich bis tief in die Hinrunde ziehen. Zumal sich f\u00fcnf der Neuen noch an unbekannte Trainingsinhalte, Tempo und H\u00e4rte der Bundesliga zu gew\u00f6hnen haben &#8211; und ganz nebenbei an die fremde Sprache und Kultur. &#8220;Viele unserer Spieler sind in diesem Prozess gerade an eine Grenze gesto\u00dfen&#8221;, warb Tuchel nach der schwachen Partie in St. Gallen um Nachsicht und Zeit.<\/p>\n<p>Die Talente im laufenden Liga-Betrieb zu verschmelzen &#8211; da k\u00f6nnte man auch einem Formel-1-Boliden w\u00e4hrend des Rennens die Reifen wechseln. F\u00fcr einen wie Tuchel ist das vermutlich genau die richtige Herausforderung. Es sollte sich keiner wundern, wenn der Taktik-T\u00fcftler jede Woche eine neue Startelf in ge\u00e4nderter Grundformation pr\u00e4sentiert. So wie im ersten Jahr bei Mainz 05. Damals passte der Liga-Novize sein Team jedem Gegner individuell an und f\u00fchrte den Au\u00dfenseiter sensationell auf Rang f\u00fcnf.<\/p>\n<p><strong>Mehr Wettbewerb geht kaum<\/strong><\/p>\n<p>Das \u00dcberwintern in der Champions League ist f\u00fcr den Klub zu wichtig, daher d\u00fcrften vor allem DFB-Pokal und Bundesliga zum Open-Air-Labor werden. Nur St\u00fcrmer Aubameyang ist unantastbar. Im Tor bleibt trotz zweier gleich starker Kandidaten wohl einzig die Frage, ob Roman Weidenfeller Eins\u00e4tze im Pokal geschenkt bekommt. K\u00f6nigsklasse und Bundesliga gehen mit gro\u00dfer Sicherheit an Roman B\u00fcrki. Dagegen scheint \u00fcberall sonst ein Grundkurs Kombinatorik n\u00f6tig. Aus dem 29-Mann-Kader lassen sich zwei fast gleichwertige Teams konstruieren. Auf dem linken Fl\u00fcgel etwa k\u00f6nnten Marco Reus und BVB-Rekordtransfer Sch\u00fcrrle bald um eine Planstelle streiten. Mehr Wettbewerb geht kaum.<\/p>\n<p>Wann Reus allerdings ins Training einsteigt, bleibt fraglich. Nach dem Bilbao-Spiel deutete Tuchel eine l\u00e4ngerfristige Pause an. Sp\u00e4ter beeilte sich der BVB, die Aussage noch in der Nacht einzufangen: Man halte daran fest, dass der Nationalspieler Mitte August in den \u00dcbungsbetrieb zur\u00fcckkehre. So oder so, der Trainer muss darauf achten, die Unwucht zwischen geballter Offensivpower und defensiver Verwundbarkeit zu beseitigen. Dazu hat er nicht nur positionsgetreue Optionen.<\/p>\n<p><strong>Diesmal keine Bayernj\u00e4ger<\/strong><\/p>\n<p>Denn f\u00fcr Unorthodoxes ist &#8220;Rulebreaker&#8221; Tuchel ja bekannt, wie zuletzt in der Vorbereitung wieder zu sehen: Europameister Raphael Guerreiro half beim Test gegen AFC Sunderland im defensiven Mittelfeld aus, Mikel Merino in den letzten beiden Partien als Innenverteidiger und Felix Passlack als Backup hinten rechts. Es w\u00e4re keine \u00dcberraschung, wenn sich Ende der Saison zwei, drei Spieler von ihrer Stammposition verabschiedet h\u00e4tten. Diese Varianten sind f\u00fcr Tuchel ein Segen. Denn schon drohen sich die Youngster gegenseitig zu blockieren.<\/p>\n<p>Ein Shooting-Star wie der erst 17 Jahre alte Christian Pulisic k\u00f6nnte noch in den unteren BVB-Teams spielen. Aber nach einer starken R\u00fcckrunde, die ihn im Sommer zum US-Nationalspieler bef\u00f6rderte, w\u00e4re es eine Degradierung. Bei Guerreiro und Dembel\u00e9 hat sich die Borussia \u00fcberhaupt nur gegen Europas Geldadel durchgesetzt, weil die Aussicht auf regelm\u00e4\u00dfige Eins\u00e4tze lockte. Diese Hoffnung will der Klub sicher nicht entt\u00e4uschen.<\/p>\n<p>Kein Wunder, dass sich die Westfalen beim komplexen Neuanfang Geduld verordnet haben. Die Rolle als Bayernj\u00e4ger lehnen die Chefs deshalb ab. Dass sich der Vizemeister mit deutlich weniger als in der vergangenen Saison zufrieden gibt, sollte die Konkurrenz aber trotz der aktuellen Probleme nicht als selbstverst\u00e4ndlich nehmen. Der ehrgeizige Tuchel hat l\u00e4ngst kapiert, wie der BVB tickt: &#8220;Wir stellen unsere Anspr\u00fcche nicht hinten an.&#8221;<\/p>\n","protected":false},"excerpt":{"rendered":"<p>Im zweiten Jahr beim BVB ist Thomas Tuchel voll in seinem Element: Der experimentierfreudige Trainer darf sein Team neu erfinden. Doch der Umbruch k\u00f6nnte schwieriger werden als bef\u00fcrchtet, wie der j\u00fcngste Test gegen Bilbao andeutet. Und um Marco Reus gibt &hellip; <a href=\"http:\/\/www.athletic-brandao.de\/?p=2005\">Weiterlesen <span class=\"meta-nav\">&rarr;<\/span><\/a><\/p>\n","protected":false},"author":2,"featured_media":0,"comment_status":"open","ping_status":"open","sticky":false,"template":"","format":"standard","meta":{"ngg_post_thumbnail":0,"jetpack_post_was_ever_published":false,"_jetpack_newsletter_access":"","jetpack_publicize_message":"","jetpack_is_tweetstorm":false,"jetpack_publicize_feature_enabled":true,"jetpack_social_post_already_shared":true,"jetpack_social_options":{"image_generator_settings":{"template":"highway","enabled":false}}},"categories":[27,14],"tags":[16,246,204],"jetpack_publicize_connections":[],"jetpack_featured_media_url":"","jetpack_shortlink":"https:\/\/wp.me\/p2zHXD-wl","jetpack_sharing_enabled":true,"jetpack_likes_enabled":true,"_links":{"self":[{"href":"http:\/\/www.athletic-brandao.de\/index.php?rest_route=\/wp\/v2\/posts\/2005"}],"collection":[{"href":"http:\/\/www.athletic-brandao.de\/index.php?rest_route=\/wp\/v2\/posts"}],"about":[{"href":"http:\/\/www.athletic-brandao.de\/index.php?rest_route=\/wp\/v2\/types\/post"}],"author":[{"embeddable":true,"href":"http:\/\/www.athletic-brandao.de\/index.php?rest_route=\/wp\/v2\/users\/2"}],"replies":[{"embeddable":true,"href":"http:\/\/www.athletic-brandao.de\/index.php?rest_route=%2Fwp%2Fv2%2Fcomments&post=2005"}],"version-history":[{"count":3,"href":"http:\/\/www.athletic-brandao.de\/index.php?rest_route=\/wp\/v2\/posts\/2005\/revisions"}],"predecessor-version":[{"id":2154,"href":"http:\/\/www.athletic-brandao.de\/index.php?rest_route=\/wp\/v2\/posts\/2005\/revisions\/2154"}],"wp:attachment":[{"href":"http:\/\/www.athletic-brandao.de\/index.php?rest_route=%2Fwp%2Fv2%2Fmedia&parent=2005"}],"wp:term":[{"taxonomy":"category","embeddable":true,"href":"http:\/\/www.athletic-brandao.de\/index.php?rest_route=%2Fwp%2Fv2%2Fcategories&post=2005"},{"taxonomy":"post_tag","embeddable":true,"href":"http:\/\/www.athletic-brandao.de\/index.php?rest_route=%2Fwp%2Fv2%2Ftags&post=2005"}],"curies":[{"name":"wp","href":"https:\/\/api.w.org\/{rel}","templated":true}]}}