{"id":2014,"date":"2016-08-27T18:49:36","date_gmt":"2016-08-27T16:49:36","guid":{"rendered":"http:\/\/www.athletic-brandao.de\/?p=2014"},"modified":"2016-09-13T08:58:16","modified_gmt":"2016-09-13T06:58:16","slug":"aubameyang-nimmt-das-rennen-auf","status":"publish","type":"post","link":"http:\/\/www.athletic-brandao.de\/?p=2014","title":{"rendered":"Aubameyang nimmt das Rennen auf"},"content":{"rendered":"<p>Dank des St\u00fcrmer-Stars startet Borussia Dortmund mit einem Sieg in die Umbruch-Saison. Doch der m\u00fchsame Erfolg \u00fcber Mainz 05 deutet an, wie viel Arbeit auf die ambitionierten Westfalen in den n\u00e4chsten Wochen noch wartet.<!--more--><\/p>\n<p><strong>Pierre-Emerick Aubameyang hatte es ja vorher schon gewusst. \u201eDas Rennen geht los\u201c, twitterte der BVB-St\u00fcrmer am Abend zuvor, als der Dreierpack seines gro\u00dfen Konkurrenten Robert Lewandowski feststand. Wenige Stunden nach \u201eLewys\u201c Gala mit dem FC Bayern antwortete der Dortmunder dann mit zwei Treffern zum knappen 2:1 (1:0)-Sieg seiner Borussia \u00fcber den 1. FSV Mainz 05. <\/strong><\/p>\n<p>Das Rennen um die Torj\u00e4gerkanone k\u00f6nnte also noch spannender werden als vergangene Saison, in der Aubameyang trotz 25 eigener Treffer noch stolze f\u00fcnf hinter Lewandowski lag. Der Titelkampf dagegen d\u00fcrfte \u00e4hnlich trostlos verlaufen wie in den letzten vier Jahren, jedenfalls wenn man den aktuellen Leistungsstand der beiden Erzrivalen M\u00fcnchen und Dortmund vergleicht.<\/p>\n<p><strong>&#8220;Es macht keinen Spa\u00df, gegen Ousmane zu verteidigen&#8221;<\/strong><br \/>\nDabei gab es aus BVB-Sicht auch hoffnungsvolle Aspekte im fr\u00fcheren Westfalenstadion zu bewundern. So erinnerte Ousmane Demb\u00e9l\u00e9 ans Deb\u00fctjahr von Aubameyang. So wie einst beim Gabuner, ging nun bei nahezu jeder Ballber\u00fchrung des jungen Franzosen ein Raunen durchs Publikum. Mit frechen Dribblings und scharfen Flanken nahm er die BVB-Fans f\u00fcr sich ein. Der 19-J\u00e4hrige war fast nur durch Fouls zu stoppen.<\/p>\n<p>Timing und Pr\u00e4zision fehlen noch ein wenig und den R\u00fcckw\u00e4rtsgang muss Demb\u00e9l\u00e9 wohl erst noch finden. Aber allein, dass der 15-Millionen-Einkauf von Stade Rennes gleich in seinem ersten Bundesliga-Spiel fast alle Ecken und Freist\u00f6\u00dfe treten durfte, zeigt sein fr\u00fches, gutes Standing im Team. Nach der Partie gab es sogar ein Sonderlob vom neuen BVB-Kapit\u00e4n Marcel Schmelzer: \u201eWir kennen seine Tricks ja vom Training. Es macht keinen Spa\u00df, gegen Ousmane zu verteidigen.\u201c<\/p>\n<p><strong>Auch ohne G\u00f6tze und Reus gut aufgestellt<\/strong><br \/>\nNoch deutlicher wusste Demb\u00e9l\u00e9s Fl\u00fcgel-Pendant im ersten Liga-Auftritt f\u00fcr die Dortmunder zu \u00fcberzeugen: Andr\u00e9 Sch\u00fcrrle best\u00e4tigte die schon im DFB-Pokal angedeutete Fr\u00fchform und war an fast allen guten Offensivaktionen der Schwarz-Gelben beteiligt. Immer wieder ging Tuchels fr\u00fcher Mustersch\u00fcler m\u00fchelos am Mainzer Giulio Donati vorbei.<\/p>\n<p>Den F\u00fchrungstreffer (17. Minute) bereitete er perfekt vor, nachdem er nur eine Minute zuvor schon toll f\u00fcr \u201eAuba\u201c aufgelegt hatte. G\u00e4ste-Keeper Jonas L\u00f6ssl hatte insgesamt drei Mal M\u00fche, Sch\u00fcrrles Kracher zu entsch\u00e4rfen (38., 48. und 57.). Eine Minute vor Ende der regul\u00e4ren Spielzeit holte er zudem noch den Aubameyang-Elfmeter heraus, der letztlich den Sieg sicherte. Das ist also die gute Nachricht f\u00fcr alle Borussia-Fans: Auch ohne die verletzten Mario G\u00f6tze und Marco Reus scheint der BVB auf den Fl\u00fcgeln gut aufgestellt zu sein.<\/p>\n<p><strong>Punkt f\u00fcr Mainz durchaus m\u00f6glich<\/strong><br \/>\nDagegen bleibt die Verteidigung eine Baustelle der Borussia. Denn gegen die frechen G\u00e4ste lie\u00df die vom neuen Abwehrchef Sokratis organisierte Viererkette zu viele Chancen zu. Gleich zwei Mal konnten sich die Dortmunder bei Keeper Roman B\u00fcrki bedanken, dass Mainz nicht zum Ausgleich kam. Erst machte sich der Schweizer beim gef\u00e4hrlichen Distanz-Schuss von  Fabian Frei ganz lang (26.). Nur vier Minuten sp\u00e4ter reagierte er stark gegen Karim Onisiwo, der Aushilfs-Rechtsverteidiger Felix Passlack ausgetanzt hatte. <\/p>\n<p>Au\u00dferdem lie\u00dfen Daniel Brosinski (5.) und Christian Clemens drei gut M\u00f6glichkeiten f\u00fcr die 05er liegen. So etwa kurz nach der Pause, als Clemens frei vor B\u00fcrki nicht das Tor traf. Mit viel Gl\u00fcck schob der BVB den f\u00e4lligen Anschlusstreffer in die zweite Minute der Nachspielzeit. Das war dann zu sp\u00e4t f\u00fcr die starken G\u00e4ste, um sich den durchaus verdienten Punkt zu sichern.<\/p>\n<p><strong>&#8220;Eher Maschinchen als Maschine&#8221;<\/strong><br \/>\nNicht immer stimmten die Abst\u00e4nde in der Dortmunder Viererkette, obwohl Hummels-Nachfolger Marc Bartra zu gefallen wusste. Probleme bereitet \u00fcberraschend auch das defensive Mittelfeld. Gonzalo Castro und Sebastian Rode lie\u00dfen &#8211; bei aller offensiven Qualit\u00e4t &#8211; deutlich zu viele B\u00e4lle durchrutschen. Erst mit der Einwechslung von Julian Weigl f\u00fcr Castro wurde das besser, weil die Gewichtung zwischen Spielaufbau und Absicherung nun besser war.<\/p>\n<p>Auch offensiv blieben trotz Aubameyang, Sch\u00fcrrle und Co. etliche W\u00fcnsche offen. \u201eDas war heute eher ein Angriffs- und Passmaschinchen als eine Maschine\u201c, wies Trainer Tuchel ein entsprechendes Kompliment seines Gegen\u00fcbers Martin Schmidt zur\u00fcck. Der Dortmunder Coach bem\u00e4ngelte ungewohnte Nervosit\u00e4t bei seinem Team und ganz konkret eine viel zu niedrige Passfrequenz. Mit einem Erfolg im R\u00fccken l\u00e4sst sich am n\u00f6tigen Feintuning nat\u00fcrlich viel entspannter arbeiten, das wei\u00df auch Tuchel: \u201eDas Ergebnis ist doppelt wichtig, wenn es noch knirscht. So k\u00f6nnen wir weiter in Ruhe Dinge ein\u00fcben und einschleifen.\u201c<\/p>\n","protected":false},"excerpt":{"rendered":"<p>Dank des St\u00fcrmer-Stars startet Borussia Dortmund mit einem Sieg in die Umbruch-Saison. Doch der m\u00fchsame Erfolg \u00fcber Mainz 05 deutet an, wie viel Arbeit auf die ambitionierten Westfalen in den n\u00e4chsten Wochen noch wartet.<\/p>\n","protected":false},"author":2,"featured_media":2015,"comment_status":"open","ping_status":"open","sticky":false,"template":"","format":"standard","meta":{"ngg_post_thumbnail":0,"jetpack_post_was_ever_published":false,"_jetpack_newsletter_access":"","jetpack_publicize_message":"","jetpack_is_tweetstorm":false,"jetpack_publicize_feature_enabled":true,"jetpack_social_post_already_shared":true,"jetpack_social_options":{"image_generator_settings":{"template":"highway","enabled":false}}},"categories":[27,14],"tags":[178,231,16,246,232,204],"jetpack_publicize_connections":[],"jetpack_featured_media_url":"https:\/\/i0.wp.com\/www.athletic-brandao.de\/wp-content\/uploads\/2016\/08\/bvb-mainz.jpg?fit=150%2C150","jetpack_shortlink":"https:\/\/wp.me\/p2zHXD-wu","jetpack_sharing_enabled":true,"jetpack_likes_enabled":true,"_links":{"self":[{"href":"http:\/\/www.athletic-brandao.de\/index.php?rest_route=\/wp\/v2\/posts\/2014"}],"collection":[{"href":"http:\/\/www.athletic-brandao.de\/index.php?rest_route=\/wp\/v2\/posts"}],"about":[{"href":"http:\/\/www.athletic-brandao.de\/index.php?rest_route=\/wp\/v2\/types\/post"}],"author":[{"embeddable":true,"href":"http:\/\/www.athletic-brandao.de\/index.php?rest_route=\/wp\/v2\/users\/2"}],"replies":[{"embeddable":true,"href":"http:\/\/www.athletic-brandao.de\/index.php?rest_route=%2Fwp%2Fv2%2Fcomments&post=2014"}],"version-history":[{"count":16,"href":"http:\/\/www.athletic-brandao.de\/index.php?rest_route=\/wp\/v2\/posts\/2014\/revisions"}],"predecessor-version":[{"id":2031,"href":"http:\/\/www.athletic-brandao.de\/index.php?rest_route=\/wp\/v2\/posts\/2014\/revisions\/2031"}],"wp:featuredmedia":[{"embeddable":true,"href":"http:\/\/www.athletic-brandao.de\/index.php?rest_route=\/wp\/v2\/media\/2015"}],"wp:attachment":[{"href":"http:\/\/www.athletic-brandao.de\/index.php?rest_route=%2Fwp%2Fv2%2Fmedia&parent=2014"}],"wp:term":[{"taxonomy":"category","embeddable":true,"href":"http:\/\/www.athletic-brandao.de\/index.php?rest_route=%2Fwp%2Fv2%2Fcategories&post=2014"},{"taxonomy":"post_tag","embeddable":true,"href":"http:\/\/www.athletic-brandao.de\/index.php?rest_route=%2Fwp%2Fv2%2Ftags&post=2014"}],"curies":[{"name":"wp","href":"https:\/\/api.w.org\/{rel}","templated":true}]}}