{"id":2095,"date":"2016-11-02T10:53:22","date_gmt":"2016-11-02T08:53:22","guid":{"rendered":"http:\/\/www.athletic-brandao.de\/?p=2095"},"modified":"2016-12-13T11:44:42","modified_gmt":"2016-12-13T09:44:42","slug":"raphael-guerreiro-kompakt-batterie-mit-chef-format","status":"publish","type":"post","link":"http:\/\/www.athletic-brandao.de\/?p=2095","title":{"rendered":"Raphael Guerreiro &#8211; Dortmunds Kompakt-Batterie mit Chef-Format"},"content":{"rendered":"<p>Der BVB k\u00e4mpft gegen den Trend und hofft schon f\u00fcr das wichtige R\u00fcckspiel gegen Sporting Lissabon auf frische Impulse seines Europameisters. Perspektivisch hat Raphael Guerreiro der runderneuerten Borussia aber noch viel mehr zu bieten.<!--more--><\/p>\n<p>(*Dieser Artikel lief am 1.11.2016 bei <a href=\"https:\/\/www.zdf.de\/sport\/uefa-champions-league\/fussball-champions-league-borussia-dortmund-sporting-lissabon-100.html\" target=\"_blank\">zdfsport.de<\/a>*)<\/p>\n<p><strong>Nicht einmal 500 Spielminuten hat Raphael Guerreiro f\u00fcr Borussia Dortmund auf dem Buckel. Aber beim BVB wissen sie l\u00e4ngst, was sie an ihrem Europameister haben. Als der Portugiese j\u00fcngst im Endspurt des 171. Revierderbys den Platz enterte, straffte sich die bedenklich taumelnde Borussia deutlich und h\u00e4tte fast doch noch den Erzrivalen Schalke bezwungen.<\/strong><\/p>\n<p>Trotz weniger Eins\u00e4tze ist Guerreiro schon Ballmagnet und Antreiber. Auf der Nummer 13 liegen gro\u00dfe Hoffnungen, dass Schwarz-Gelb die Oktober-Depression vertreibt und nach vier Sieglos-Spielen in der Bundesliga und einem Beinahe-Ausrutscher im DFB-Pokal schnell wieder auf Kurs kommt.<\/p>\n<p><strong>Als Benfica-Fan sicher vorneweg<\/strong><\/p>\n<p>Guerreiro hat seinen Muskelfaserriss auskuriert und das ist wichtig f\u00fcr die Westfalen. Denn das Spiel des BVB wirkt ganz anders, wenn er mit auf dem Platz steht. Der Portugiese ist ein quirliger und zweikampfstarker Techniker mit \u00dcbersicht und gef\u00e4hrlichen Standards. Trotz nur 1,70-Meter L\u00e4nge und 67 Kilo Gewicht ist er fu\u00dfballerisch kein Leichtgewicht. Limits des K\u00f6rpers waren \u201enie ein Problem f\u00fcr mich\u201c, sagt Guerreiro. \u201eIch habe andere Wege gefunden um mitzuhalten.\u201c<\/p>\n<p>Vor allem strahlt er Selbstvertrauen aus und geht mutig voran. Qualit\u00e4ten, die der Umbruch-BVB dringend braucht, zumal im wegweisenden R\u00fcckspiel der K\u00f6nigsklasse gegen Sporting Lissabon. Bei einem Heimsieg w\u00fcrde die Borussia &#8211; mit Guerreiro als Fan des Lokalrivalen Benfica sicher vorneweg &#8211; den Einzug ins Achtelfinale feiern und vorzeitig ein erstes Saisonziel erreichen. Damit k\u00f6nnte sich Dortmund bis zur Winterpause auch etwas mehr auf die Bundesliga konzentrieren.<\/p>\n<p><strong>Ein Weltstar g\u00f6nnt ihm Freist\u00f6\u00dfe<\/strong><\/p>\n<p>Obwohl Raphael Adelino Jose Guerreiro erst 22 Jahre alt ist, wird er im Kontext der neuen BVB-Rasselbande oft vergessen. Er ist kein normaler Youngster, sondern bereits zweifacher Vater, der Verantwortung f\u00fcr die Familie \u00fcber alles stellt. Im Profifu\u00dfball sammelte er 162 Eins\u00e4tze und wirkt beinahe eine Kicker-Generation reifer als etwa die nur drei Jahre j\u00fcngeren Shooting-Stars Emre Mor oder Ousmane Demb\u00e9l\u00e9. Der Sohn eines Portugiesen und einer Franz\u00f6sin wuchs im Pariser Vorort Le Blanc-Mesnil auf und wurde in der Eliteakademie Clairefontaine ausgebildet.<\/p>\n<p>Seine Mitspieler damals hie\u00dfen unter anderem Paul Pogba oder Raphael Varane. Kein Wunder, dass sich solch ein Talent in Portugals Nationalelf, f\u00fcr die sich Guerreiro sp\u00e4ter entschied und mit der er im Sommer in seiner Geburtsstadt den EM-Titel gewann, selbst von einem Weltstar emanzipiert: Obwohl Guerreiro erst auf 15 L\u00e4nderspiele kommt, \u00fcberl\u00e4sst ihm Ego-Shooter Cristiano Ronaldo bisweilen die Freist\u00f6\u00dfe.<\/p>\n<p><strong>Zu gut f\u00fcr nur eine Position<\/strong><\/p>\n<p>\u201eEr ist auf dem besten Weg zum Trainerliebling\u201c, sagt Thomas Tuchel \u00fcber den wohl wichtigsten BVB-Coup dieses ereignisreichen Transfersommers. Denn Guerreiro ist dem\u00fctig, aber ehrgeizig, lernbed\u00fcrftig, aber auffassungsschnell. \u201eIhm mussten wir die Dinge nicht acht Tage lang erkl\u00e4ren\u201c, sagt Guerreiro-Fan Patrice Garande, sein erster Profitrainer beim franz\u00f6sischen Zweitligisten SM Caen.<\/p>\n<p>Weil er kaum zu stoppen ist, verdiente er sich fr\u00fch den Spitznamen \u201eBatterie\u201c &#8211; frei nach dem dauerlaufenden Duracell-Hasen. \u201eBei seinem ersten Training reichte ein Blick um zu sagen: Hoppla, was ein Talent\u201c, sagt Guerreiro-Fan Fernando Santos, Portugals Nationalcoach. Vor allem ist der Starkstromer ultravielseitig. \u201eEr ist viel zu gut, um auf eine Position festgelegt zu werden\u201c, sagt Guerreiro-Fan Tuchel. Beim BVB war der Allrounder urspr\u00fcnglich als linker Au\u00dfenverteidiger vorgesehen: ein Backup f\u00fcr Kapit\u00e4n Marcel Schmelzer.<\/p>\n<p><strong>Guerreiro l\u00e4sst Kollegen gl\u00e4nzen<\/strong><\/p>\n<p>Doch bislang bewies das12-Millionen-Euro-Schn\u00e4ppchen vom Ligue1-Klub FC Lorient im Mittelfeld einen noch gr\u00f6\u00dferen Wert. Drei Treffer und f\u00fcnf Torvorlagen stehen in Bundesliga und Champions League zu Buche. Noch wichtiger ist, dass an seiner Seite die Kollegen gl\u00e4nzen.<\/p>\n<p>Als so genannter Achter im Schaltzentrum brachte er Mario G\u00f6tzes und Gonzalo Castros Qualit\u00e4ten zum Vorschein. Genau diese Kombination fehlte bei den Remis-R\u00fcckschl\u00e4gen gegen Hertha BSC, Ingolstadt. Nur bei der Pleite in Leverkusen entt\u00e4uschte auch Guerreiro. Bislang sein einziger schwacher Auftritt.<\/p>\n<p><strong>H\u00f6here Weihen warten<\/strong><\/p>\n<p>Anpassungsprobleme muss man aber auch Guerreiro zugestehen. Denn bei allem Eifer bew\u00e4ltigt der l\u00e4ngst europaweit begehrte Profi einen anspruchsvollen Karriereschritt. Wichtiger f\u00fcr den BVB ist ohnehin die Perspektive: Mit Art und Anspruch bietet sich Guerreiro f\u00fcr h\u00f6here Weihen an.<\/p>\n<p>Noch sucht er meist die N\u00e4he der Frankreich-Fraktion um Pierre-Emerick Aubameyang. Hat Guerreiro aber erst die Sprachbarriere \u00fcberwunden, k\u00f6nnte er Fixpunkt im Team werden und das Hierarchie-Vakuum beim BVB f\u00fcllen. J\u00fcngere und Gleichaltrige lehnen sich bereits bei ihm an, Routiniers l\u00e4sst er strahlen. In naher Zukunft k\u00f6nnte Guerreiro so zu einem der Chefs aufsteigen.<\/p>\n","protected":false},"excerpt":{"rendered":"<p>Der BVB k\u00e4mpft gegen den Trend und hofft schon f\u00fcr das wichtige R\u00fcckspiel gegen Sporting Lissabon auf frische Impulse seines Europameisters. Perspektivisch hat Raphael Guerreiro der runderneuerten Borussia aber noch viel mehr zu bieten.<\/p>\n","protected":false},"author":2,"featured_media":0,"comment_status":"open","ping_status":"open","sticky":false,"template":"","format":"standard","meta":{"ngg_post_thumbnail":0,"jetpack_post_was_ever_published":false,"_jetpack_newsletter_access":"","jetpack_publicize_message":"","jetpack_is_tweetstorm":false,"jetpack_publicize_feature_enabled":true,"jetpack_social_post_already_shared":true,"jetpack_social_options":{"image_generator_settings":{"template":"highway","enabled":false}}},"categories":[66,14],"tags":[16,248,236,204],"jetpack_publicize_connections":[],"jetpack_featured_media_url":"","jetpack_shortlink":"https:\/\/wp.me\/p2zHXD-xN","jetpack_sharing_enabled":true,"jetpack_likes_enabled":true,"_links":{"self":[{"href":"http:\/\/www.athletic-brandao.de\/index.php?rest_route=\/wp\/v2\/posts\/2095"}],"collection":[{"href":"http:\/\/www.athletic-brandao.de\/index.php?rest_route=\/wp\/v2\/posts"}],"about":[{"href":"http:\/\/www.athletic-brandao.de\/index.php?rest_route=\/wp\/v2\/types\/post"}],"author":[{"embeddable":true,"href":"http:\/\/www.athletic-brandao.de\/index.php?rest_route=\/wp\/v2\/users\/2"}],"replies":[{"embeddable":true,"href":"http:\/\/www.athletic-brandao.de\/index.php?rest_route=%2Fwp%2Fv2%2Fcomments&post=2095"}],"version-history":[{"count":4,"href":"http:\/\/www.athletic-brandao.de\/index.php?rest_route=\/wp\/v2\/posts\/2095\/revisions"}],"predecessor-version":[{"id":2140,"href":"http:\/\/www.athletic-brandao.de\/index.php?rest_route=\/wp\/v2\/posts\/2095\/revisions\/2140"}],"wp:attachment":[{"href":"http:\/\/www.athletic-brandao.de\/index.php?rest_route=%2Fwp%2Fv2%2Fmedia&parent=2095"}],"wp:term":[{"taxonomy":"category","embeddable":true,"href":"http:\/\/www.athletic-brandao.de\/index.php?rest_route=%2Fwp%2Fv2%2Fcategories&post=2095"},{"taxonomy":"post_tag","embeddable":true,"href":"http:\/\/www.athletic-brandao.de\/index.php?rest_route=%2Fwp%2Fv2%2Ftags&post=2095"}],"curies":[{"name":"wp","href":"https:\/\/api.w.org\/{rel}","templated":true}]}}