{"id":2098,"date":"2016-11-03T02:27:47","date_gmt":"2016-11-03T00:27:47","guid":{"rendered":"http:\/\/www.athletic-brandao.de\/?p=2098"},"modified":"2016-11-18T10:26:27","modified_gmt":"2016-11-18T08:26:27","slug":"aubameyang-wirbel-offenbart-kratzer-in-der-heilen-bvb-welt","status":"publish","type":"post","link":"http:\/\/www.athletic-brandao.de\/?p=2098","title":{"rendered":"Wirbel um Aubameyang offenbart Kratzer in der heilen BVB-Welt"},"content":{"rendered":"<p>Borussia Dortmund feiert vorzeitig den Einzug in die lukrative K.-o.-Runde der K\u00f6nigsklasse. Doch der ebenso z\u00e4he wie wertvolle Sieg \u00fcber Sporting Lissabon r\u00fcckt durch die klubinterne Suspendierung des eigenen St\u00fcrmerstars schnell in den Hintergrund. <!--more--><\/p>\n<p><strong>Ob er sich einen Spa\u00df draus gemacht hatte? Man konnte es fast glauben, als am Abend des Spiels \u00fcber Twitter aktuelle Fotos von Pierre-Emerick Aubameyang liefen: Mit Humphrey-Bogart-Hut und -Mantel nahm Borussia Dortmunds Topst\u00fcrmer seinen Platz auf der Trib\u00fcne des fr\u00fcheren Westfalenstadions ein &#8211; und nicht wie gewohnt im BVB-Trikot im Angriffszentrum von Schwarz-Gelb. <\/strong><\/p>\n<p>Kurz vorm 1:0 (1:0)-Sieg seines Teams gegen Sporting Lissabon und der damit verbundenen Qualifikation f\u00fcr das Achtelfinale der Champions League war Aubameyang hochkant aus dem Team geflogen. Warum? Dar\u00fcber konnte man nur r\u00e4tseln wie einst Bogart alias Detektiv Sam Spade bei der L\u00f6sung eines kniffligen Kriminalfalls.<\/p>\n<p><strong>Tuchel handelt &#8220;konsequent konsequent&#8221;<\/strong><br \/>\n\u201eInterne Gr\u00fcnde\u201c, kommunizierte der BVB ebenso wortkarg wie einstimmig. Denn diese Formulierung hatte der Klub offenbar als Antwort-Schablone an seine Kicker f\u00fcr die Nach-Spiel-Phase ausgegeben. Auch Trainer Thomas Tuchel, der die Entscheidung getroffen hatte, wollte inhaltlich nicht zur Aufkl\u00e4rung des ungew\u00f6hnlichen Sachverhalts beitragen. Er habe es sich nicht leicht gemacht, denn \u201eAuba ist unser St\u00fcrmer Nummer eins\u201c. Aber trotz der gro\u00dfen Bedeutung der Partie f\u00fcr die wirtschaftlichen Klubziele habe man keine R\u00fccksicht darauf nehmen k\u00f6nnen. \u201eManche Dinge m\u00fcssen losgel\u00f6st vom Zeitpunkt betrachtet werden. Entweder es gibt eine Konsequenz, oder nicht. Wenn wir konsequent handeln wollen, dann konsequent konsequent\u201c, erl\u00e4uterte der Taktik-T\u00fcftler ziemlich verquast.<\/p>\n<p><strong>Auba-Ersatz steigt zum Matchwinner auf<\/strong><br \/>\nOb Aubameyang nun in Sachen Rotation dem Trainer widersprochen hat, wie zun\u00e4chst vermutet wurde, ob er w\u00e4hrend einer Teamsitzung das Handy benutzte, wie die \u201eBild\u201c zu wissen glaubte, oder ob er mit einer Stippvisite nach Mailand gegen den Team-Kodex versto\u00dfen hat, ist aufgrund des Dortmunder Schweigegel\u00fcbdes nicht gesichert. Offenbar aber hat der Spieler in irgendeiner Form die Autorit\u00e4t seines Trainers angekratzt und daf\u00fcr die Quittung bekommen. Umso erleichterte d\u00fcrfte der Coach sein, dass seine Ma\u00dfnahme gegen Sporting sportlich folgenlos blieb, beziehungsweise letztlich sogar von Erfolg gekr\u00f6nt war. Denn er konnte \u201eAuba\u201c-Ersatz Adrian Ramos nicht nur passenderweise ein besonders \u201emannschaftsdienliches Spiel\u201c bescheinigen. Als Sch\u00fctze des einzigen Tores wurde der Kolumbianer sogar prompt zum Matchwinner.<\/p>\n<p><strong>Pulisic trifft nur die Latte<\/strong><br \/>\nRamos traf mit einem wunderbar platzierten Kopfball, den der als Rechtsverteidiger aushelfende Matthias Ginter mit einer scharfen Flanke perfekt vorbereitet hatte (12.). Die Borussia hatte bereits in der ersten H\u00e4lfte weitere Gro\u00dfchancen, den vorzeitigen Einzug ins Achtelfinale der K\u00f6nigsklasse klarzumachen. Nach Doppelpass mit dem starken Mario G\u00f6tze traf der ebenso gut aufgelegte Christian Pulisic aber nur die Latte (34.). Raphael Guerreiro, anfangs als linker Au\u00dfenverteidiger damit betraut, Sportings Shooting-Star Gelson Martins zu kontrollieren, scheiterte kurz vorm Pausenpfiff knapp mit einem strammen Schuss ans Au\u00dfennetz. Vorausgegangen war eine sch\u00f6ne Kombination &#8211; mit Ramos!<\/p>\n<p><strong>Bartra und B\u00fcrki im Duell mit Gelson Martins<\/strong><br \/>\nIn der allm\u00e4hlich immer z\u00e4her werdenden Partie hatten die G\u00e4ste aus Portugal nur ein unwesentlich kleineres Chancenminus. Das Team von Trainer Jorge Jesus pr\u00e4sentierte sich besser vorbereitet als bei der 1:2-Hinspielpleite im heimischen Estadio Jose Alvalade, st\u00f6rte Dortmunds Spielaufbau viel konsequenter und kam so selbst zu M\u00f6glichkeiten. Die beste entsch\u00e4rfte BVB-Keeper Roman B\u00fcrki, der im Duell Eins gegen Eins mit Gelson Martins die Nerven behielt (27.). Nur vier Minuten sp\u00e4ter bewahrte Innenverteidiger Marc Bartra Schwarz-Gelb vor dem durchaus verdienten Ausgleich, als er Gelson Martins\u2018 n\u00e4chsten gef\u00e4hrlichen Versuch gerade noch blocken konnte.<\/p>\n<p><strong>Marschrichtung: Sieg sichern<\/strong><br \/>\nNach dem Seitenwechsel stellte der BVB seine Offensivbem\u00fchungen fast komplett ein und konzentrierte sich darauf, den Sieg \u00fcber die Runden zu bringen. Dazu nahm Tuchel den zu verspielten Ousmane Demb\u00e9l\u00e9 raus und ersetzte ihn durch Andr\u00e9 Sch\u00fcrrle, der deutlich mehr nach hinten mitarbeitete. In der Abwehr stellte der BVB zudem auf eine Dreierkette um, die im R\u00fcckw\u00e4rtsgang auf eine F\u00fcnferreihe anwuchs. Sp\u00e4testens als Tuchel zwanzig Minuten vor Schluss die Kreativzentren G\u00f6tze und Gonzalo Castro zugunsten der Zerst\u00f6rer Sebastian Rode und Lukasz Piszczek opferte, war die Marschrichtung klar. Nur zwei Mal im zweiten Durchgang kam Sporting bis zu B\u00fcrki durch, doch erst war der BVB-Keeper erneut mit einer Parade gegen Alleinunterhalter Gelson Martins zur Stelle (49.). Und zw\u00f6lf Minuten vor Schluss vergab Bryan Ruiz mit einem zu hoch angesetzten Kopfball aus kurzer Distanz die letzte M\u00f6glichkeit, Z\u00e4hlbares aus Westfalen mitzunehmen.<\/p>\n<p><strong>Der Boulevard reibt sich die H\u00e4nde<\/strong><br \/>\nMehr bekamen die Fans im fr\u00fcheren Westfalenstadion nicht zu sehen, und Aubameyang schon mal gar nicht. Denn der St\u00fcrmer machte sich schon deutlich vor Abpfiff des holl\u00e4ndischen Schiedsrichters Danny Makkelie im Sportflitzer auf den Heimweg. Trotzdem blieb er nat\u00fcrlich beim Spitzenreiter der Champions-League-Gruppe F Gespr\u00e4chsthema Nummer eins. Zwar versuchte Tuchel, die Sch\u00e4rfe aus der Geschichte zu nehmen und k\u00fcndigte das sofortige Ende der Sanktion an. \u201eDie Entscheidung ist mit diesem Spiel beendet.\u201c Schon f\u00fcrs n\u00e4chste Training ist Dortmunds Paradiesvogel wieder begnadigt. Die BVB-Fans d\u00fcrfen aber gespannt bleiben, wie sich dieser Disput auf das Dortmunder Betriebsklima auswirkt. Der Boulevard reibt sich bereits die H\u00e4nde, denn auf dieser Basis l\u00e4sst sich viel besser \u00fcber einen m\u00f6glichen Abgang des begehrten St\u00fcrmerstars spekulieren &#8211; und \u00fcber Risse in der bislang so heile erscheinenden BVB-Welt.<\/p>\n","protected":false},"excerpt":{"rendered":"<p>Borussia Dortmund feiert vorzeitig den Einzug in die lukrative K.-o.-Runde der K\u00f6nigsklasse. Doch der ebenso z\u00e4he wie wertvolle Sieg \u00fcber Sporting Lissabon r\u00fcckt durch die klubinterne Suspendierung des eigenen St\u00fcrmerstars schnell in den Hintergrund.<\/p>\n","protected":false},"author":2,"featured_media":0,"comment_status":"open","ping_status":"open","sticky":false,"template":"","format":"standard","meta":{"ngg_post_thumbnail":0,"jetpack_post_was_ever_published":false,"_jetpack_newsletter_access":"","jetpack_publicize_message":"","jetpack_is_tweetstorm":false,"jetpack_publicize_feature_enabled":true,"jetpack_social_post_already_shared":true,"jetpack_social_options":{"image_generator_settings":{"template":"highway","enabled":false}}},"categories":[66,14],"tags":[16,248,157,237,204],"jetpack_publicize_connections":[],"jetpack_featured_media_url":"","jetpack_shortlink":"https:\/\/wp.me\/p2zHXD-xQ","jetpack_sharing_enabled":true,"jetpack_likes_enabled":true,"_links":{"self":[{"href":"http:\/\/www.athletic-brandao.de\/index.php?rest_route=\/wp\/v2\/posts\/2098"}],"collection":[{"href":"http:\/\/www.athletic-brandao.de\/index.php?rest_route=\/wp\/v2\/posts"}],"about":[{"href":"http:\/\/www.athletic-brandao.de\/index.php?rest_route=\/wp\/v2\/types\/post"}],"author":[{"embeddable":true,"href":"http:\/\/www.athletic-brandao.de\/index.php?rest_route=\/wp\/v2\/users\/2"}],"replies":[{"embeddable":true,"href":"http:\/\/www.athletic-brandao.de\/index.php?rest_route=%2Fwp%2Fv2%2Fcomments&post=2098"}],"version-history":[{"count":13,"href":"http:\/\/www.athletic-brandao.de\/index.php?rest_route=\/wp\/v2\/posts\/2098\/revisions"}],"predecessor-version":[{"id":2111,"href":"http:\/\/www.athletic-brandao.de\/index.php?rest_route=\/wp\/v2\/posts\/2098\/revisions\/2111"}],"wp:attachment":[{"href":"http:\/\/www.athletic-brandao.de\/index.php?rest_route=%2Fwp%2Fv2%2Fmedia&parent=2098"}],"wp:term":[{"taxonomy":"category","embeddable":true,"href":"http:\/\/www.athletic-brandao.de\/index.php?rest_route=%2Fwp%2Fv2%2Fcategories&post=2098"},{"taxonomy":"post_tag","embeddable":true,"href":"http:\/\/www.athletic-brandao.de\/index.php?rest_route=%2Fwp%2Fv2%2Ftags&post=2098"}],"curies":[{"name":"wp","href":"https:\/\/api.w.org\/{rel}","templated":true}]}}