{"id":2113,"date":"2016-11-18T10:25:59","date_gmt":"2016-11-18T08:25:59","guid":{"rendered":"http:\/\/www.athletic-brandao.de\/?p=2113"},"modified":"2016-12-10T12:18:08","modified_gmt":"2016-12-10T10:18:08","slug":"symbolfigur-fuer-den-naechsten-bvb-kickstart","status":"publish","type":"post","link":"http:\/\/www.athletic-brandao.de\/?p=2113","title":{"rendered":"N\u00e4chster R\u00fcckschlag f\u00fcr Marco Reus"},"content":{"rendered":"<p>Borussia Dortmunds Pechvogel muss die Hoffnung auf ein Comeback gegen den FC Bayern kurzfristig begraben. Aufgrund neuer Probleme will der BVB bei Marco Reus nichts riskieren.<!--more--><\/p>\n<p><strong>In der Woche vorm Bayern-Spiel treibt der Wind dunkelgraue Wolken \u00fcber das Trainingsgel\u00e4nde im Dortmunder Vorort Brackel. Ungem\u00fctlich ist es an der Adi-Prei\u00dfler-Allee, wo sich die Borussia auf kommende Aufgaben vorbereitet. \u201eUsselig&#8221; w\u00fcrden Einheimische sagen &#8211; Marco Reus zum Beispiel, ein Ur-Dortmunder, die Familie betreibt f\u00fcnf Kilometer vom BVB-Gel\u00e4nde ein Caf\u00e9.<\/strong><\/p>\n<p>Als die Einheit beginnt, bricht tats\u00e4chlich kurz die Sonne durch, und auch f\u00fcr Schwarz-Gelb gibt es einige Hoffnungsschimmer: Das BVB-Lazarett hat sich stark gelichtet und auch jener Reus trainiert voll mit. Doch am Tag vor dem Spiel wird es wieder d\u00fcster, die ern\u00fcchternde Nachricht lautet: Marco Reus f\u00e4llt aus. Das erhoffte Comeback nach sechs Monaten Zwangspause ist erneut verschoben.<\/p>\n<p><strong>Kurz vor der Kader-R\u00fcckkehr<\/strong><br \/>\n\u201eLeichte Fersenprobleme\u201c, werden von Borussia Dortmund kommuniziert. Man wolle nach der langen Ausfallzeit kein Risiko eingehen. Dabei sah alles so gut aus. Noch vor zwei Wochen schw\u00e4rmte Trainer Thomas Tuchel vom Fortschritt bei seinem Sorgenkind: &#8220;Es ist ein Genuss, Marco im Training zu sehen. Er ist in Topverfassung und auf bemerkenswertem spielerischen Niveau\u201c. Die Hoffnung, die Leidenszeit nach 181 Tagen zu beenden, war sehr real.<\/p>\n<p><strong>Ein Kreis h\u00e4tte sich geschlossen<\/strong><br \/>\nDer 27-J\u00e4hrige stand komplett im Teamtraining und machte noch am Dienstag in Brackel einen super Eindruck, zeigte Elan, Spielfreude und einen explosiven Antritt. \u201eMarco brennt\u201c, hatte BVB-Sportdirektor Michael Zorc im \u201ekicker\u201c gesagt. Im Topspiel gegen den FC Bayern sollte Reus eigentlich wieder im 18er-Kader stehen. Mit einem Kurzeinsatz h\u00e4tte sich ein Kreis geschlossen. Denn zuletzt trat er am 21. Mai im DFB-Pokalfinale gegen M\u00fcnchen an. Damals qu\u00e4lte er sich angeschlagen bis ins ungl\u00fcckliche Elfmeterschie\u00dfen, f\u00fcr seine Mannschaft und seinen weiter unerf\u00fcllten Titeltraum. <\/p>\n<p><strong>Schwacher Trost im Sommer<\/strong><br \/>\nDanach ging seine j\u00fcngste Pechstr\u00e4hne los. \u201eLeichte Schambeinentz\u00fcndung\u201c lautete die Diagnose, und dass der verniedlichende Zusatz medizinisch zumindest fragw\u00fcrdig war, offenbarte sich, als Reus aus dem Kader f\u00fcr die Europameisterschaft flog. Adduktorenprobleme kamen dazu, und so riss \u201eWoodyinho\u201c das vom Klub merkw\u00fcrdig hartn\u00e4ckig verk\u00fcndete Comeback-Ziel \u201eMitte August\u201c deutlich. Neben dem WM-Titel 2014 und der EM 2016 hat das Sorgenkind des deutschen Fu\u00dfballs nun in 2,5 Jahren auch schon mindestens 48 Dortmund-Spiele verpasst. Dass der BVB-Star im Sommer aufs Cover des Konsolenspiel-Bestsellers \u201eFIFA 17\u201c sprang, war nur ein schwacher Trost.<\/p>\n<p><strong>Rasselbande f\u00fcllt das Vakuum<\/strong><br \/>\nDer BVB hat den l\u00e4ngsten Ausfall seiner Nummer elf bislang recht ordentlich kompensiert. Auch ohne Reus haben die Westfalen vorzeitig das Achtelfinale der Champions League erreicht, und im DFB-Pokal sind die Westfalen ebenso weiter. Dortmunds neue Rasselbande f\u00fcllt das Offensiv-Vakuum ansatzweise ganz gut. Ousmane Demb\u00e9l\u00e9 etwa, diese Woche mit dem Startelfdeb\u00fct f\u00fcr Frankreichs Nationalelf belohnt, oder US-Boy Christian Pulisic. Beide sammelten insgesamt schon acht Scorerpunkte. Oder Raphael Guerreiro, der als Standardsch\u00fctze eine andere Reus-Dom\u00e4ne besetzt.<\/p>\n<p><strong>Vorbereiter Reus wird vermisst<\/strong><br \/>\nUnd doch zeigte sich in den vergangenen Wochen, wie wichtig Reus\u2019 R\u00fcckkehr gewesen w\u00e4re. Nach starkem Saisonstart gelang Dortmund j\u00fcngst nur ein Sieg in f\u00fcnf Spielen, der Vizemeister rutschte auf Rang f\u00fcnf ab. Bei den Pleiten in Leipzig und Leverkusen oder den mageren Remis gegen Ingolstadt und Hertha hatte die mit 25 Treffern beste Offensivmaschine der Liga pl\u00f6tzlich gro\u00dfe Probleme. Bei der Nullnummer gegen Schalke gelang dem BVB in der ersten H\u00e4lfte kein einziger Torschuss. Gegen disziplinierte Gegner werden kreative Reus-Momente vermisst. Im Saisonschnitt kommt er auf 13 Torvorlagen, das fehlt. An seiner Seite k\u00f6nnten andere heller gl\u00e4nzen. Mario G\u00f6tze etwa, mit dem er schon 2012\/13 f\u00fcr gro\u00dfe BVB-Momente sorgte, erhofft sich vom Kumpel Hilfe beim Spielaufbau.<\/p>\n<p><strong>Der Gegner hei\u00dft nicht Bayern<\/strong><br \/>\nWann Reus nun zur\u00fcckkommt, bleibt ungewiss. Wenn es irgendwann soweit ist, wird Schwarz-Gelb seinen Ideengeber sehr behutsam aufbauen und die Eins\u00e4tze nur langsam steigern. Der FC Bayern ist ohnehin nicht der echte Gegner. In diesem Umbruch-Jahr hei\u00dfen die Leipzig, Hertha, Hoffenheim, vielleicht bald Leverkusen oder Schalke. F\u00fcr diese Duelle wird Deutschlands Fu\u00dfballer des Jahres 2012 gebraucht. Wenn Dortmund oben dran bleibt, reicht es v\u00f6llig, wenn Reus nach der Winterpause fit ist &#8211; rechtzeitig, um mit einem vor allem ausw\u00e4rts konstanteren BVB einen Kickstart hinzulegen.<\/p>\n<p><strong>Es fehlt ein zweiter Torj\u00e4ger<\/strong><br \/>\nDas Signal an die Konkurrenz lautet dann: Wenn im Edelkader wieder alle an Bord sind, f\u00fchrt bei der direkten Qualifikation f\u00fcr die K\u00f6nigsklasse kein Weg an Dortmund vorbei. Zudem k\u00f6nnte in der aktuellen Runde der Champions League mit Losgl\u00fcck mehr drin sein als nur das Achtelfinale. F\u00fcr beide Ziele w\u00e4re es wichtig, dass sich nicht alles auf Alleinunterhalter Aubameyang konzentriert, zurzeit einziger BVB-Spieler mit mehr als zwei Liga-Treffern. Ein gesunder Reus w\u00e4re als Alternative so unglaublich wichtig: In vier Spielzeiten f\u00fcr Schwarz-Gelb hat der Knipser wettbewerbs\u00fcbergreifend bereits satte 76 Tore erzielt.<\/p>\n","protected":false},"excerpt":{"rendered":"<p>Borussia Dortmunds Pechvogel muss die Hoffnung auf ein Comeback gegen den FC Bayern kurzfristig begraben. Aufgrund neuer Probleme will der BVB bei Marco Reus nichts riskieren.<\/p>\n","protected":false},"author":2,"featured_media":2115,"comment_status":"open","ping_status":"open","sticky":false,"template":"","format":"standard","meta":{"ngg_post_thumbnail":0,"jetpack_post_was_ever_published":false,"_jetpack_newsletter_access":"","jetpack_publicize_message":"","jetpack_is_tweetstorm":false,"jetpack_publicize_feature_enabled":true,"jetpack_social_post_already_shared":true,"jetpack_social_options":{"image_generator_settings":{"template":"highway","enabled":false}}},"categories":[27,14],"tags":[16,246,48,40,204],"jetpack_publicize_connections":[],"jetpack_featured_media_url":"https:\/\/i0.wp.com\/www.athletic-brandao.de\/wp-content\/uploads\/2016\/11\/reus.jpg?fit=150%2C150","jetpack_shortlink":"https:\/\/wp.me\/p2zHXD-y5","jetpack_sharing_enabled":true,"jetpack_likes_enabled":true,"_links":{"self":[{"href":"http:\/\/www.athletic-brandao.de\/index.php?rest_route=\/wp\/v2\/posts\/2113"}],"collection":[{"href":"http:\/\/www.athletic-brandao.de\/index.php?rest_route=\/wp\/v2\/posts"}],"about":[{"href":"http:\/\/www.athletic-brandao.de\/index.php?rest_route=\/wp\/v2\/types\/post"}],"author":[{"embeddable":true,"href":"http:\/\/www.athletic-brandao.de\/index.php?rest_route=\/wp\/v2\/users\/2"}],"replies":[{"embeddable":true,"href":"http:\/\/www.athletic-brandao.de\/index.php?rest_route=%2Fwp%2Fv2%2Fcomments&post=2113"}],"version-history":[{"count":13,"href":"http:\/\/www.athletic-brandao.de\/index.php?rest_route=\/wp\/v2\/posts\/2113\/revisions"}],"predecessor-version":[{"id":2128,"href":"http:\/\/www.athletic-brandao.de\/index.php?rest_route=\/wp\/v2\/posts\/2113\/revisions\/2128"}],"wp:featuredmedia":[{"embeddable":true,"href":"http:\/\/www.athletic-brandao.de\/index.php?rest_route=\/wp\/v2\/media\/2115"}],"wp:attachment":[{"href":"http:\/\/www.athletic-brandao.de\/index.php?rest_route=%2Fwp%2Fv2%2Fmedia&parent=2113"}],"wp:term":[{"taxonomy":"category","embeddable":true,"href":"http:\/\/www.athletic-brandao.de\/index.php?rest_route=%2Fwp%2Fv2%2Fcategories&post=2113"},{"taxonomy":"post_tag","embeddable":true,"href":"http:\/\/www.athletic-brandao.de\/index.php?rest_route=%2Fwp%2Fv2%2Ftags&post=2113"}],"curies":[{"name":"wp","href":"https:\/\/api.w.org\/{rel}","templated":true}]}}