{"id":212,"date":"2012-07-22T15:22:00","date_gmt":"2012-07-22T13:22:00","guid":{"rendered":"http:\/\/www.athletic-brandao.de\/?p=212"},"modified":"2012-07-23T16:01:09","modified_gmt":"2012-07-23T14:01:09","slug":"beschaulicher-auftakt-fur-die-heise-phase","status":"publish","type":"post","link":"http:\/\/www.athletic-brandao.de\/?p=212","title":{"rendered":"Gem\u00fctlicher Auftakt f\u00fcr die hei\u00dfe Phase"},"content":{"rendered":"<p>Die deutschen Nationalspieler haben den BVB-Kader komplettiert, nun startet der Doublesieger Borussia Dortmund im schweizerischen Bad Ragaz in die entscheidende Etappe der Saison-Vorbereitung &#8211; in aller Ruhe und Beschaulichkeit.<\/p>\n<p><!--more--><\/p>\n<p>Provinz &#8211; diesen Gedanken verbittet sich der Ostschweizer. \u201eWelchen Platz meinen Sie? Wir haben hier zwei\u201c, sagt der \u00e4ltere Herr aus Bad Ragaz fast beleidigt auf die Frage, wo denn das st\u00e4dtische Fu\u00dfballfeld sei. Sicherheitshalber zieht er streng seinen Mops per Hundeleine ganz dicht zu sich &#8211; man wei\u00df ja nie bei Fremden. Erst der Hinweis auf Borussia Dortmund, die derzeit bekanntesten G\u00e4ste des St\u00e4dtchens im Kanton St. Gallen, l\u00f6st das R\u00e4tsel, wo denn der BVB sein erstes Training absolviert: auf dem Ri-Au Sportplatz des FC Bad Ragaz, etwas au\u00dferhalb der Stadt, ganz dicht am Rhein. \u201eSie m\u00fcssen da runter, \u00fcber die Br\u00fccke und dann rechts. Das finden Sie schon.\u201c Eine Woche sind die Schwarz-Gelben im selbst ernannten \u201eHeidiland\u201c zu Gast, und wie schon im vergangenen Jahr wollen sie in der Heimat von Alm-\u00d6hi und Ziegen-Peter in aller Stille die Grundlage f\u00fcr eine erfolgreiche Saison legen.<\/p>\n<p><!-- index.php -->\n<div\n\tclass=\"ngg-galleryoverview ngg-ajax-pagination-none\"\n\tid=\"ngg-gallery-0ed872321e33eb5752953d2e62ece0d0-1\">\n\n    \t\t<!-- Thumbnails -->\n\t\t\t\t<div id=\"ngg-image-0\" class=\"ngg-gallery-thumbnail-box\" >\n\t\t\t\t        <div class=\"ngg-gallery-thumbnail\">\n            <a href=\"http:\/\/www.athletic-brandao.de\/wp-content\/gallery\/bad-ragaz\/ankunft.jpg\"\n               title=\"Der BVB-Bus f\u00e4hrt am Fu\u00dfball-Platz des FC Bad Ragaz vor.\"\n               data-src=\"http:\/\/www.athletic-brandao.de\/wp-content\/gallery\/bad-ragaz\/ankunft.jpg\"\n               data-thumbnail=\"http:\/\/www.athletic-brandao.de\/wp-content\/gallery\/bad-ragaz\/thumbs\/thumbs_ankunft.jpg\"\n               data-image-id=\"13\"\n               data-title=\"ankunft\"\n               data-description=\"Der BVB-Bus f\u00e4hrt am Fu\u00dfball-Platz des FC Bad Ragaz vor.\"\n               data-image-slug=\"ankunft\"\n               class=\"shutterset_0ed872321e33eb5752953d2e62ece0d0\">\n                <img\n                    title=\"ankunft\"\n                    alt=\"ankunft\"\n                    src=\"http:\/\/www.athletic-brandao.de\/wp-content\/gallery\/bad-ragaz\/thumbs\/thumbs_ankunft.jpg\"\n                    width=\"100\"\n                    height=\"75\"\n                    style=\"max-width:100%;\"\n                \/>\n            <\/a>\n        <\/div>\n\t\t\t\t\t\t\t<\/div> \n\t\t\t\n        \n\t\t\t\t<div id=\"ngg-image-1\" class=\"ngg-gallery-thumbnail-box\" >\n\t\t\t\t        <div class=\"ngg-gallery-thumbnail\">\n            <a href=\"http:\/\/www.athletic-brandao.de\/wp-content\/gallery\/bad-ragaz\/alphorn.jpg\"\n               title=\"Stilgerechter Empfang im Ri-Au Stadion in Bad Ragaz mit zwei Alph\u00f6rnern.\"\n               data-src=\"http:\/\/www.athletic-brandao.de\/wp-content\/gallery\/bad-ragaz\/alphorn.jpg\"\n               data-thumbnail=\"http:\/\/www.athletic-brandao.de\/wp-content\/gallery\/bad-ragaz\/thumbs\/thumbs_alphorn.jpg\"\n               data-image-id=\"12\"\n               data-title=\"alphorn\"\n               data-description=\"Stilgerechter Empfang im Ri-Au Stadion in Bad Ragaz mit zwei Alph\u00f6rnern.\"\n               data-image-slug=\"alphorn\"\n               class=\"shutterset_0ed872321e33eb5752953d2e62ece0d0\">\n                <img\n                    title=\"alphorn\"\n                    alt=\"alphorn\"\n                    src=\"http:\/\/www.athletic-brandao.de\/wp-content\/gallery\/bad-ragaz\/thumbs\/thumbs_alphorn.jpg\"\n                    width=\"100\"\n                    height=\"75\"\n                    style=\"max-width:100%;\"\n                \/>\n            <\/a>\n        <\/div>\n\t\t\t\t\t\t\t<\/div> \n\t\t\t\n        \n\t\t\t\t<div id=\"ngg-image-2\" class=\"ngg-gallery-thumbnail-box\" >\n\t\t\t\t        <div class=\"ngg-gallery-thumbnail\">\n            <a href=\"http:\/\/www.athletic-brandao.de\/wp-content\/gallery\/bad-ragaz\/plakat.jpg\"\n               title=\"Das kleine \u00d6rtchen Bad Ragaz in der Ost-Schweiz hei\u00dft den Deutschen Meister willkommen.\"\n               data-src=\"http:\/\/www.athletic-brandao.de\/wp-content\/gallery\/bad-ragaz\/plakat.jpg\"\n               data-thumbnail=\"http:\/\/www.athletic-brandao.de\/wp-content\/gallery\/bad-ragaz\/thumbs\/thumbs_plakat.jpg\"\n               data-image-id=\"15\"\n               data-title=\"plakat\"\n               data-description=\"Das kleine \u00d6rtchen Bad Ragaz in der Ost-Schweiz hei\u00dft den Deutschen Meister willkommen.\"\n               data-image-slug=\"plakat\"\n               class=\"shutterset_0ed872321e33eb5752953d2e62ece0d0\">\n                <img\n                    title=\"plakat\"\n                    alt=\"plakat\"\n                    src=\"http:\/\/www.athletic-brandao.de\/wp-content\/gallery\/bad-ragaz\/thumbs\/thumbs_plakat.jpg\"\n                    width=\"100\"\n                    height=\"75\"\n                    style=\"max-width:100%;\"\n                \/>\n            <\/a>\n        <\/div>\n\t\t\t\t\t\t\t<\/div> \n\t\t\t\n        \n\t\t\t\t<div id=\"ngg-image-3\" class=\"ngg-gallery-thumbnail-box\" >\n\t\t\t\t        <div class=\"ngg-gallery-thumbnail\">\n            <a href=\"http:\/\/www.athletic-brandao.de\/wp-content\/gallery\/bad-ragaz\/team.jpg\"\n               title=\"Die Spieler von Borussia Dortmund bekommen am ersten Tag des zweiten Trainingslagers Anweisungen.\"\n               data-src=\"http:\/\/www.athletic-brandao.de\/wp-content\/gallery\/bad-ragaz\/team.jpg\"\n               data-thumbnail=\"http:\/\/www.athletic-brandao.de\/wp-content\/gallery\/bad-ragaz\/thumbs\/thumbs_team.jpg\"\n               data-image-id=\"17\"\n               data-title=\"team\"\n               data-description=\"Die Spieler von Borussia Dortmund bekommen am ersten Tag des zweiten Trainingslagers Anweisungen.\"\n               data-image-slug=\"team\"\n               class=\"shutterset_0ed872321e33eb5752953d2e62ece0d0\">\n                <img\n                    title=\"team\"\n                    alt=\"team\"\n                    src=\"http:\/\/www.athletic-brandao.de\/wp-content\/gallery\/bad-ragaz\/thumbs\/thumbs_team.jpg\"\n                    width=\"100\"\n                    height=\"75\"\n                    style=\"max-width:100%;\"\n                \/>\n            <\/a>\n        <\/div>\n\t\t\t\t\t\t\t<\/div> \n\t\t\t\n        \n\t\t\t\t<div id=\"ngg-image-4\" class=\"ngg-gallery-thumbnail-box\" >\n\t\t\t\t        <div class=\"ngg-gallery-thumbnail\">\n            <a href=\"http:\/\/www.athletic-brandao.de\/wp-content\/gallery\/bad-ragaz\/training.jpg\"\n               title=\"Schieber und Co. drehen eine Runde.\"\n               data-src=\"http:\/\/www.athletic-brandao.de\/wp-content\/gallery\/bad-ragaz\/training.jpg\"\n               data-thumbnail=\"http:\/\/www.athletic-brandao.de\/wp-content\/gallery\/bad-ragaz\/thumbs\/thumbs_training.jpg\"\n               data-image-id=\"21\"\n               data-title=\"training\"\n               data-description=\"Schieber und Co. drehen eine Runde.\"\n               data-image-slug=\"training\"\n               class=\"shutterset_0ed872321e33eb5752953d2e62ece0d0\">\n                <img\n                    title=\"training\"\n                    alt=\"training\"\n                    src=\"http:\/\/www.athletic-brandao.de\/wp-content\/gallery\/bad-ragaz\/thumbs\/thumbs_training.jpg\"\n                    width=\"100\"\n                    height=\"75\"\n                    style=\"max-width:100%;\"\n                \/>\n            <\/a>\n        <\/div>\n\t\t\t\t\t\t\t<\/div> \n\t\t\t\n        \n\t\t\t\t<div id=\"ngg-image-5\" class=\"ngg-gallery-thumbnail-box\" >\n\t\t\t\t        <div class=\"ngg-gallery-thumbnail\">\n            <a href=\"http:\/\/www.athletic-brandao.de\/wp-content\/gallery\/bad-ragaz\/klopp.jpg\"\n               title=\"Trainer J\u00fcrgen Klopp unterh\u00e4lt die BVB-Fans auf der Trib\u00fcne.\"\n               data-src=\"http:\/\/www.athletic-brandao.de\/wp-content\/gallery\/bad-ragaz\/klopp.jpg\"\n               data-thumbnail=\"http:\/\/www.athletic-brandao.de\/wp-content\/gallery\/bad-ragaz\/thumbs\/thumbs_klopp.jpg\"\n               data-image-id=\"14\"\n               data-title=\"klopp\"\n               data-description=\"Trainer J\u00fcrgen Klopp unterh\u00e4lt die BVB-Fans auf der Trib\u00fcne.\"\n               data-image-slug=\"klopp-2\"\n               class=\"shutterset_0ed872321e33eb5752953d2e62ece0d0\">\n                <img\n                    title=\"klopp\"\n                    alt=\"klopp\"\n                    src=\"http:\/\/www.athletic-brandao.de\/wp-content\/gallery\/bad-ragaz\/thumbs\/thumbs_klopp.jpg\"\n                    width=\"100\"\n                    height=\"75\"\n                    style=\"max-width:100%;\"\n                \/>\n            <\/a>\n        <\/div>\n\t\t\t\t\t\t\t<\/div> \n\t\t\t\n        \n\t\t\t\t<div id=\"ngg-image-6\" class=\"ngg-gallery-thumbnail-box\" >\n\t\t\t\t        <div class=\"ngg-gallery-thumbnail\">\n            <a href=\"http:\/\/www.athletic-brandao.de\/wp-content\/gallery\/bad-ragaz\/fans.jpg\"\n               title=\"Unter den Augen der Fans absolviert eine erste BVB-Gruppe ein leichtes Training.\"\n               data-src=\"http:\/\/www.athletic-brandao.de\/wp-content\/gallery\/bad-ragaz\/fans.jpg\"\n               data-thumbnail=\"http:\/\/www.athletic-brandao.de\/wp-content\/gallery\/bad-ragaz\/thumbs\/thumbs_fans.jpg\"\n               data-image-id=\"19\"\n               data-title=\"fans\"\n               data-description=\"Unter den Augen der Fans absolviert eine erste BVB-Gruppe ein leichtes Training.\"\n               data-image-slug=\"fans\"\n               class=\"shutterset_0ed872321e33eb5752953d2e62ece0d0\">\n                <img\n                    title=\"fans\"\n                    alt=\"fans\"\n                    src=\"http:\/\/www.athletic-brandao.de\/wp-content\/gallery\/bad-ragaz\/thumbs\/thumbs_fans.jpg\"\n                    width=\"100\"\n                    height=\"75\"\n                    style=\"max-width:100%;\"\n                \/>\n            <\/a>\n        <\/div>\n\t\t\t\t\t\t\t<\/div> \n\t\t\t\n        \n\t\t\t\t<div id=\"ngg-image-7\" class=\"ngg-gallery-thumbnail-box\" >\n\t\t\t\t        <div class=\"ngg-gallery-thumbnail\">\n            <a href=\"http:\/\/www.athletic-brandao.de\/wp-content\/gallery\/bad-ragaz\/subotic.jpg\"\n               title=\"Neven Subotic gibt dem Ost-Schweizer Fernsehen ein kurzes Interview.\"\n               data-src=\"http:\/\/www.athletic-brandao.de\/wp-content\/gallery\/bad-ragaz\/subotic.jpg\"\n               data-thumbnail=\"http:\/\/www.athletic-brandao.de\/wp-content\/gallery\/bad-ragaz\/thumbs\/thumbs_subotic.jpg\"\n               data-image-id=\"16\"\n               data-title=\"subotic\"\n               data-description=\"Neven Subotic gibt dem Ost-Schweizer Fernsehen ein kurzes Interview.\"\n               data-image-slug=\"subotic\"\n               class=\"shutterset_0ed872321e33eb5752953d2e62ece0d0\">\n                <img\n                    title=\"subotic\"\n                    alt=\"subotic\"\n                    src=\"http:\/\/www.athletic-brandao.de\/wp-content\/gallery\/bad-ragaz\/thumbs\/thumbs_subotic.jpg\"\n                    width=\"100\"\n                    height=\"75\"\n                    style=\"max-width:100%;\"\n                \/>\n            <\/a>\n        <\/div>\n\t\t\t\t\t\t\t<\/div> \n\t\t\t\n        \n\t\t\t\t<div id=\"ngg-image-8\" class=\"ngg-gallery-thumbnail-box\" >\n\t\t\t\t        <div class=\"ngg-gallery-thumbnail\">\n            <a href=\"http:\/\/www.athletic-brandao.de\/wp-content\/gallery\/bad-ragaz\/bvb-hotel.jpg\"\n               title=\"Im Zelt m\u00fcssen die BVB-Stars nicht \u00fcbernachten.\"\n               data-src=\"http:\/\/www.athletic-brandao.de\/wp-content\/gallery\/bad-ragaz\/bvb-hotel.jpg\"\n               data-thumbnail=\"http:\/\/www.athletic-brandao.de\/wp-content\/gallery\/bad-ragaz\/thumbs\/thumbs_bvb-hotel.jpg\"\n               data-image-id=\"18\"\n               data-title=\"bvb-hotel\"\n               data-description=\"Im Zelt m\u00fcssen die BVB-Stars nicht \u00fcbernachten.\"\n               data-image-slug=\"bvb-hotel\"\n               class=\"shutterset_0ed872321e33eb5752953d2e62ece0d0\">\n                <img\n                    title=\"bvb-hotel\"\n                    alt=\"bvb-hotel\"\n                    src=\"http:\/\/www.athletic-brandao.de\/wp-content\/gallery\/bad-ragaz\/thumbs\/thumbs_bvb-hotel.jpg\"\n                    width=\"100\"\n                    height=\"75\"\n                    style=\"max-width:100%;\"\n                \/>\n            <\/a>\n        <\/div>\n\t\t\t\t\t\t\t<\/div> \n\t\t\t\n        \n\t\t\t\t<div id=\"ngg-image-9\" class=\"ngg-gallery-thumbnail-box\" >\n\t\t\t\t        <div class=\"ngg-gallery-thumbnail\">\n            <a href=\"http:\/\/www.athletic-brandao.de\/wp-content\/gallery\/bad-ragaz\/ragaz.jpg\"\n               title=\"Im Zentrum des \u00d6rtchens ist selbstverst\u00e4ndlich schwarz-gelb geflaggt.\"\n               data-src=\"http:\/\/www.athletic-brandao.de\/wp-content\/gallery\/bad-ragaz\/ragaz.jpg\"\n               data-thumbnail=\"http:\/\/www.athletic-brandao.de\/wp-content\/gallery\/bad-ragaz\/thumbs\/thumbs_ragaz.jpg\"\n               data-image-id=\"20\"\n               data-title=\"ragaz\"\n               data-description=\"Im Zentrum des \u00d6rtchens ist selbstverst\u00e4ndlich schwarz-gelb geflaggt.\"\n               data-image-slug=\"ragaz\"\n               class=\"shutterset_0ed872321e33eb5752953d2e62ece0d0\">\n                <img\n                    title=\"ragaz\"\n                    alt=\"ragaz\"\n                    src=\"http:\/\/www.athletic-brandao.de\/wp-content\/gallery\/bad-ragaz\/thumbs\/thumbs_ragaz.jpg\"\n                    width=\"100\"\n                    height=\"75\"\n                    style=\"max-width:100%;\"\n                \/>\n            <\/a>\n        <\/div>\n\t\t\t\t\t\t\t<\/div> \n\t\t\t\n        \n\t\t\n\t\t<!-- Pagination -->\n\t<div class='ngg-clear'><\/div>\t<\/div>\n<br \/>\nFoto-Show vom Trainingslager in Bad Ragaz<\/p>\n<p><strong>Supercup nur eine Zwischenstation<\/strong><br \/>\nW\u00e4hrend Rekordmeister FC Bayern M\u00fcnchen von einer 60-k\u00f6pfigen Medienmeute zum Gardasee begleitet wurde, macht es sich der BVB im beschaulichen Bad Ragaz gem\u00fctlich. \u201eEs ist sch\u00f6n, wieder hier zu sein\u201c, sagt BVB-Chef Hans-Joachim Watzke auf der ersten PK der Borussia im Kunkler-Saal der 5000-Einwohner-Gemeinde. Der platzt aus allen N\u00e4hten &#8211; muss aber auch nur 15 Journalisten umfassen, die H\u00e4lfte davon Fotografen. \u201eDer BVB ist in Deutschland jetzt ein Riesenthema\u201c, sagt Watzke an Tag 1 des zweiten Trainingslagers und es klingt ein wenig trotzig.<\/p>\n<p>Aber das Interesse wird schon noch wachsen. Sp\u00e4testens jetzt, da auch die deutschen Nationalspieler zum Kader gesto\u00dfen sind und der Ernst der 50. Bundesliga-Saison langsam greifbar wird. Am Mittag haben auch die EM-Fahrer Mats Hummels, Marcel Schmelzer, Mario G\u00f6tze und Marco Reus als letzte BVB-Spieler ihren verl\u00e4ngerten Urlaub beendet und sich pflichtgem\u00e4\u00df im Kreise der Mannschaft zur\u00fcckgemeldet. Nun kann J\u00fcrgen Klopp mit seinem Trainerteam am BVB 2012\/2013 feilen. Eine Woche in Bad Ragaz, und insgesamt noch ewig lange viereinhalb Wochen bis zum prestigetr\u00e4chtigen Auftaktspiel gegen Werder Bremen. \u201eUnser Ziel ist der Bundesliga-Start\u201c, sagt Klopp und spielt dabei die Bedeutung des Supercups am 12. August beim gro\u00dfen Rivalen FC Bayern herunter.<\/p>\n<p><strong>Reus wid passend gemacht &#8211; G\u00f6tze in Watte gepackt<\/strong><br \/>\nGenug Zeit, um die Spieler auf einen gemeinsamen Nenner zu bringen, was die Ausdauer, Fitness, Spritzigkeit, aber auch das Spielverst\u00e4ndnis angeht. Wie etwa bei Reus, der mit 17-Millionen-Euro teuersten Verpflichtung dieser Spielzeit. \u201eWir wollen seine gro\u00dfen F\u00e4higkeiten nutzten&#8221;, sagt Klopp, schr\u00e4nkt aber auch ein: \u201eAber es muss nat\u00fcrlich auch f\u00fcr uns passend gemacht werden.\u201c<\/p>\n<p>Auch f\u00fcr seine potenzielle Sorgenkinder hat der BVB Zeit und Mu\u00dfe, etwa f\u00fcr Mario G\u00f6tze. &#8220;Jeder Spieler bei uns wird entsprechend seines Alters und Charakters behandelt&#8221;, sagt Klopp. Der Shooting-Star der ersten Meistersaison hatte im Doublejahr nach seiner Schambein-Verletzung fast die gesamte R\u00fcckrunde verpasst, auch bei der EM war er zum Zuschauen verdammt. Zuletzt machte er nur unfreiwillig Schlagzeilen, weil er von Paparazzi im Badeurlaub ausspioniert wurde. \u201eFalls Fragen zu seinem geschwollenen Auge kommen, er hat lediglich Zug bekommen\u201c, sagte der BVB-Pressesprecher vorsichtshalber, um den Boulevard zu beruhigen. Denn der hatte es nat\u00fcrlich nach Bad Ragaz geschafft, auch in der beschaulichsten Ecke lauern bunte Geschichten.<\/p>\n","protected":false},"excerpt":{"rendered":"<p>Die deutschen Nationalspieler haben den BVB-Kader komplettiert, nun startet der Doublesieger Borussia Dortmund im schweizerischen Bad Ragaz in die entscheidende Etappe der Saison-Vorbereitung &#8211; in aller Ruhe und Beschaulichkeit.<\/p>\n","protected":false},"author":2,"featured_media":234,"comment_status":"open","ping_status":"open","sticky":false,"template":"","format":"standard","meta":{"ngg_post_thumbnail":0,"jetpack_post_was_ever_published":false,"_jetpack_newsletter_access":"","jetpack_publicize_message":"","jetpack_is_tweetstorm":false,"jetpack_publicize_feature_enabled":true,"jetpack_social_post_already_shared":false,"jetpack_social_options":{"image_generator_settings":{"template":"highway","enabled":false}}},"categories":[27,14],"tags":[39,37,38],"jetpack_publicize_connections":[],"jetpack_featured_media_url":"https:\/\/i0.wp.com\/www.athletic-brandao.de\/wp-content\/uploads\/2012\/07\/20120722-190223.jpg?fit=201%2C150","jetpack_shortlink":"https:\/\/wp.me\/p2zHXD-3q","jetpack_sharing_enabled":true,"jetpack_likes_enabled":true,"_links":{"self":[{"href":"http:\/\/www.athletic-brandao.de\/index.php?rest_route=\/wp\/v2\/posts\/212"}],"collection":[{"href":"http:\/\/www.athletic-brandao.de\/index.php?rest_route=\/wp\/v2\/posts"}],"about":[{"href":"http:\/\/www.athletic-brandao.de\/index.php?rest_route=\/wp\/v2\/types\/post"}],"author":[{"embeddable":true,"href":"http:\/\/www.athletic-brandao.de\/index.php?rest_route=\/wp\/v2\/users\/2"}],"replies":[{"embeddable":true,"href":"http:\/\/www.athletic-brandao.de\/index.php?rest_route=%2Fwp%2Fv2%2Fcomments&post=212"}],"version-history":[{"count":25,"href":"http:\/\/www.athletic-brandao.de\/index.php?rest_route=\/wp\/v2\/posts\/212\/revisions"}],"predecessor-version":[{"id":229,"href":"http:\/\/www.athletic-brandao.de\/index.php?rest_route=\/wp\/v2\/posts\/212\/revisions\/229"}],"wp:featuredmedia":[{"embeddable":true,"href":"http:\/\/www.athletic-brandao.de\/index.php?rest_route=\/wp\/v2\/media\/234"}],"wp:attachment":[{"href":"http:\/\/www.athletic-brandao.de\/index.php?rest_route=%2Fwp%2Fv2%2Fmedia&parent=212"}],"wp:term":[{"taxonomy":"category","embeddable":true,"href":"http:\/\/www.athletic-brandao.de\/index.php?rest_route=%2Fwp%2Fv2%2Fcategories&post=212"},{"taxonomy":"post_tag","embeddable":true,"href":"http:\/\/www.athletic-brandao.de\/index.php?rest_route=%2Fwp%2Fv2%2Ftags&post=212"}],"curies":[{"name":"wp","href":"https:\/\/api.w.org\/{rel}","templated":true}]}}