{"id":2137,"date":"2016-12-06T12:25:45","date_gmt":"2016-12-06T10:25:45","guid":{"rendered":"http:\/\/www.athletic-brandao.de\/?p=2137"},"modified":"2016-12-10T12:27:36","modified_gmt":"2016-12-10T10:27:36","slug":"dortmunds-ausweg-aus-der-achterbahn","status":"publish","type":"post","link":"http:\/\/www.athletic-brandao.de\/?p=2137","title":{"rendered":"Dortmunds Ausweg aus der Achterbahn"},"content":{"rendered":"<p>Zwischen Offensivgala und Abwehrschw\u00e4che &#8211; der Umbruch-BVB sehnt sich nach Kontinuit\u00e4t. Vor dem Gruppenendspiel in der Champions League bei Real Madrid stellt sich die Frage, ob gedrosselte Rotation eine schwarz-gelbe Jahresendrallye starten k\u00f6nnte.<!--more--><\/p>\n<p>(*Dieser Artikel lief am 6. und 7.12.2016 bei <a href=\"http:\/\/www.zdfsport.de\" target=\"_blank\">zdfsport.de<\/a>*)<\/p>\n<p><strong>So haben die Dortmund-Fans Thomas Tuchel selten erlebt: Die gleichen Spieler, die er nach der 1:2-Pleite in Frankfurt vor gut anderthalb Wochen noch \u00f6ffentlich zusammengefaltet hatte, herzte der Trainer nun innig: Nach dem 4:1-Sieg \u00fcber Borussia M\u00f6nchengladbach am j\u00fcngsten Spieltag der Bundesliga klatschte Tuchel jeden einzelnen Akteur auf dem Rasen ab.<\/strong><\/p>\n<p>Roman Weidenfeller, dem er nach der Verletzung von Stammkeeper Roman B\u00fcrki sogar indirekt den Rucksack umhing, das sei \u201edas Schlimmste, was passieren konnte\u201c, zog er sogar kr\u00e4ftig an sich ran f\u00fcr eine Umarmung. Selbst im pers\u00f6nlichen Umgang f\u00e4hrt Dortmund gerade Achterbahn.<\/p>\n<p>Kein Wunder, dass die Sehnsucht nach Konstanz das gro\u00dfe Thema ist bei der Borussia, die zwischen den Extremen Offensivgala, Kreativ-Vakuum und Abwehrschw\u00e4che ausschl\u00e4gt. \u201eWir m\u00fcssen wieder mehr Kontinuit\u00e4t gewinnen\u201c forderte Marco Reus nach dem Sieg \u00fcber Gladbach. An eben jenem Reus wird sich schon in der letzten Partie der Gruppenphase der Champions League bei Real Madrid zeigen, ob das Spiel der Dortmunder in festere Formen gerinnen kann. <\/p>\n<p>Als Matchwinner mit drei Torvorlagen hat der lange verletzte Nationalspieler seinen Wert gezeigt, genauso wie schon im ersten Teil seines Comebacks: Mit zwei Treffern und einem erzwungenen Eigentor bei der irren 8:4-Gala in der K\u00f6nigsklasse gegen Legia Warschau. Gegen Real m\u00fcsste \u201eWoodyinho\u201c also eigentlich erste Wahl sein, immerhin steht Rang eins in der Gruppe F auf dem Spiel. Schon ein Remis w\u00fcrde den Westfalen die h\u00f6here Wahrscheinlichkeit bescheren, im Achtelfinale einen leichteren Gegner zu bekommen. Andererseits will und darf der BVB angesichts der Verletzungshistorie seiner Nummer elf auch nichts \u00fcbereilen. Gut m\u00f6glich also, dass Reus in Madrid wieder auf die Bank rotiert. <\/p>\n<p>\u00c4hnlich sieht es bei Ousmane Demb\u00e9l\u00e9 aus. Bei der Pleite in Frankfurt, die Tuchels Teamschelte erst ausl\u00f6ste und den BVB atmosph\u00e4risch in den Keller riss, h\u00e4tte der Tempodribbler als Joker fast noch die Wende gebracht. Gegen Gladbach zeigte er seine bislang beste Leistung f\u00fcr Schwarz-Gelb, weil er die Tricks und Finten viel zielgerichteter einsetzte und auch die Defensivarbeit nicht mehr verga\u00df. \u201eEr hat absolut den Unterschied ausgemacht\u201c, lobte Tuchel. Demb\u00e9l\u00e9 gibt dem BVB das gewisse Etwas. Sein Zusammenspiel mit Reus und St\u00fcrmerstar Pierre-Emerick Aubameyang ist ein gro\u00dfes Versprechen, das die Fans gerne eingel\u00f6st s\u00e4hen. Andererseits besteht die Gefahr, den 19-J\u00e4hrigen mit Erwartungen zu \u00fcberfrachten. \u201eEr hat vielleicht schon eine etwas zu tragende Rolle bei uns\u201c, bremst Tuchel.<\/p>\n<p>Der Wechsel von Grundformation und Ausrichtung belastet die Borussia ebenfalls. Auch hier fr\u00f6nt Taktikt\u00fcftler Tuchel mit anderthalb Jahren Versp\u00e4tung seiner fr\u00fcheren Mainzer Passion und tauscht beizeiten im 3,5-Tages-Rhythmus das Spielsystem. Viererkette, Dreierkette, 4-1-4-1 oder wie zuletzt wieder eine so genannte Doppelsechs im defensiven Mittelfeld. Gegen den FC Bayern zog er noch das Gimmick Doppelspitze aus dem Hut. Dortmunds neues Repertoire ist beeindruckend, aber manchmal bleibt das Gef\u00fchl, besonders bei Ausw\u00e4rtsspielen w\u00fcrde eine Wohlf\u00fchlvariante die Suche nach der eigenen Mitte erleichtern.<\/p>\n<p>Sollte Tuchel seine Rotationsmaschine in den verbleibenden vier Spielen bis Weihnachten drosseln und einer Startelf in fester Ordnung wiederholt das Vertrauen schenken, k\u00f6nnte sie verst\u00e4rkt im Wettbewerbsmodus Automatismen ein\u00fcben. F\u00fcr eine Jahresendrallye des b\u00f6rsennotierten Klubs in der Bundesliga w\u00e4re das eine Grundlage. Nach Madrid steht mit dem Ausw\u00e4rtsdoppelpack in K\u00f6ln und in Hoffenheim die Bergetappe f\u00fcr den Betriebsfrieden an: Gegen direkte Konkurrenten im Kampf um Platz drei k\u00f6nnte der BVB Ausrufezeichen setzen und seinen Trainer best\u00e4tigen, der zur Teamschelte-Diskussion sagt: \u201eDas Thema ist intern viel kleiner als von au\u00dfen wahrgenommen.\u201c<\/p>\n<p>Das Presse-Echo allerdings war f\u00fcr Dortmunder Verh\u00e4ltnisse unerwartet harsch und hatte die Borussia wohl auf dem falschen Fu\u00df erwischt. Vier Tage brauchte BVB-Gesch\u00e4ftsf\u00fchrer Hans-Joachim Watzke, um die Medienhoheit zur\u00fcck zu erlangen. Noch bemerkenswerter aber war die Reaktion der Fans. Nachdem sich viele Anh\u00e4nger mit der Nach-Klopp-\u00c4ra arrangiert hatten, trat nun das wichtige BVB-Fanzine schwatzgelb.de die Grundsatzdebatte los, ob der vermeintlich distanzierte Trainer \u00fcberhaupt zu einem Klub wie Dortmund passe: \u201eJemand, der nicht einmal einen Versuch unternimmt, die BVB-Fans und das emotional aufgeladene Umfeld unseres Vereins zu verstehen und mit in sein Boot \u2013 unser Boot \u2013 zu nehmen, genie\u00dft auf Dauer keinen R\u00fcckhalt.\u201c <\/p>\n<p>Ausschl\u00e4ge nach oben und unten &#8211; das gilt in Dortmund gerade \u00fcberall. Wie in dieser diffusen Gemengelage die anstehenden Gespr\u00e4che zur vertraglichen Kontinuit\u00e4t ablaufen werden, d\u00fcrfte interessant werden. Tuchels Kontrakt l\u00e4uft 2018 aus, und es ist kaum vorstellbar, dass der Klub ohne eine Entscheidung dar\u00fcber in die n\u00e4chste Saison gehen wird.<\/p>\n","protected":false},"excerpt":{"rendered":"<p>Zwischen Offensivgala und Abwehrschw\u00e4che &#8211; der Umbruch-BVB sehnt sich nach Kontinuit\u00e4t. Vor dem Gruppenendspiel in der Champions League bei Real Madrid stellt sich die Frage, ob gedrosselte Rotation eine schwarz-gelbe Jahresendrallye starten k\u00f6nnte.<\/p>\n","protected":false},"author":2,"featured_media":0,"comment_status":"open","ping_status":"open","sticky":false,"template":"","format":"standard","meta":{"ngg_post_thumbnail":0,"jetpack_post_was_ever_published":false,"_jetpack_newsletter_access":"","jetpack_publicize_message":"","jetpack_is_tweetstorm":false,"jetpack_publicize_feature_enabled":true,"jetpack_social_post_already_shared":true,"jetpack_social_options":{"image_generator_settings":{"template":"highway","enabled":false}}},"categories":[66,14],"tags":[16,248,75,204],"jetpack_publicize_connections":[],"jetpack_featured_media_url":"","jetpack_shortlink":"https:\/\/wp.me\/p2zHXD-yt","jetpack_sharing_enabled":true,"jetpack_likes_enabled":true,"_links":{"self":[{"href":"http:\/\/www.athletic-brandao.de\/index.php?rest_route=\/wp\/v2\/posts\/2137"}],"collection":[{"href":"http:\/\/www.athletic-brandao.de\/index.php?rest_route=\/wp\/v2\/posts"}],"about":[{"href":"http:\/\/www.athletic-brandao.de\/index.php?rest_route=\/wp\/v2\/types\/post"}],"author":[{"embeddable":true,"href":"http:\/\/www.athletic-brandao.de\/index.php?rest_route=\/wp\/v2\/users\/2"}],"replies":[{"embeddable":true,"href":"http:\/\/www.athletic-brandao.de\/index.php?rest_route=%2Fwp%2Fv2%2Fcomments&post=2137"}],"version-history":[{"count":1,"href":"http:\/\/www.athletic-brandao.de\/index.php?rest_route=\/wp\/v2\/posts\/2137\/revisions"}],"predecessor-version":[{"id":2138,"href":"http:\/\/www.athletic-brandao.de\/index.php?rest_route=\/wp\/v2\/posts\/2137\/revisions\/2138"}],"wp:attachment":[{"href":"http:\/\/www.athletic-brandao.de\/index.php?rest_route=%2Fwp%2Fv2%2Fmedia&parent=2137"}],"wp:term":[{"taxonomy":"category","embeddable":true,"href":"http:\/\/www.athletic-brandao.de\/index.php?rest_route=%2Fwp%2Fv2%2Fcategories&post=2137"},{"taxonomy":"post_tag","embeddable":true,"href":"http:\/\/www.athletic-brandao.de\/index.php?rest_route=%2Fwp%2Fv2%2Ftags&post=2137"}],"curies":[{"name":"wp","href":"https:\/\/api.w.org\/{rel}","templated":true}]}}