{"id":2205,"date":"2017-04-11T09:52:00","date_gmt":"2017-04-11T07:52:00","guid":{"rendered":"http:\/\/www.athletic-brandao.de\/?p=2205"},"modified":"2017-04-18T17:17:09","modified_gmt":"2017-04-18T15:17:09","slug":"monacos-mbappe-superstar-in-spe","status":"publish","type":"post","link":"http:\/\/www.athletic-brandao.de\/?p=2205","title":{"rendered":"Monacos Mbapp\u00e9: Superstar in spe"},"content":{"rendered":"<p>Kylian Mbapp\u00e9 ist <em>der<\/em> Aufsteiger bei Dortmunds Champions-League-Gegner AS Monaco. In seiner Heimat Frankreich wird der 18-J\u00e4hrige schon mit einer Legende verglichen.<!--more--><\/p>\n<p>(*Dieser Artikel lief am 10. und 11.4.2017 bei <a href=\"https:\/\/www.zdf.de\/sport\/uefa-champions-league\/kylian-mbappe-as-monaco-100.html\" target=\"_blank\">zdfsport.de<\/a>*)<\/p>\n<p><strong>Es gibt da dieses nette Foto von Kylian Mbapp\u00e9: Als Knabe sitzt er auf seinem Kinderzimmerbett und grinst in die Kamera, die Wand hinter ihm ist gepflastert mit Postern seines Vorbilds Cristiano Ronaldo. Viel Zeit ist seither nicht vergangenen, doch vermutlich h\u00e4ngt mittlerweile Mbapp\u00e8s Bild l\u00e4ngst \u00fcber den Betten franz\u00f6sischer Jungs.<\/strong><\/p>\n<p>Denn der 18-J\u00e4hrige ist auf dem besten Wege, selbst ein Fu\u00dfballheld zu werden. Mit 19 Treffern in 33 Spielen ist er <em>die<\/em> Entdeckung beim AS Monaco, dem Viertelfinalgegner von Borussia Dortmund in der Champions League.<\/p>\n<p><strong>&#8220;Fr\u00fcher oder sp\u00e4ter bei Real oder Barca&#8221;<\/strong><br \/>\nSp\u00e4testens seine beiden Tore im Achtelfinale der K\u00f6nigsklasse gegen Manchester City haben die Nummer 29 der Monegassen auf die gro\u00dfe B\u00fchne gehoben. Europas Topklubs werfen ein Auge auf Mbapp\u00e9: \u00dcber ein 45-Millionen-Euro-Angebot von Manchester United wird spekuliert, Real Madrid soll mit einer deutlich h\u00f6heren Summe gescheitert sein &#8211; vorerst.<\/p>\n<p>Es scheint nur eine Frage der Zeit, wann der Mittelst\u00fcrmer Monacos Stade Louis II mit seiner Zweitligakulisse von maximal 18.000 Fans hinter sich l\u00e4sst und bei einem Branchenriesen anheuert. &#8220;Wir wissen alle, dass er fr\u00fcher oder sp\u00e4ter bei Real Madrid oder Barcelona landen wird&#8221;, sagt Teamkollege Fabinho.<\/p>\n<p><strong>Monacos neue Offensivqualit\u00e4ten<\/strong><br \/>\nVon Mitspielern wird Mbapp\u00e9 liebevoll Razmoket, &#8220;Hosenschei\u00dfer&#8221;, genannt, weil er einer gleichnamigen Zeichentrickfigur \u00e4hnelt. Aber den Kinderserien ist er entwachsen. In dieser Saison hat der sehr klar im Kopf wirkende Shooting-Star erheblich dazu beigetragen, dass Monacos Trainer Leonardo Jardim die fr\u00fcheren Defensivk\u00fcnstler zum hei\u00dfesten Team Europas formen konnte.<\/p>\n<p>Nur zwei Jahre ist es her, da mogelte sich der Klub aus dem F\u00fcrstentum mit nur 4:1 Toren durch die Vorrunde der Champions League. Nun begeistert der aktuelle Spitzenreiter der franz\u00f6sischen Ligue 1 durch spektakul\u00e4re Offensive. An Mbapp\u00e9 Seite: weitere Hochbegabte wie Fabinho (23), Spielmacher Bernardo Silva (22), Thomas Lemar (21) oder Tiemou\u00e9 Bakayoko (22).<\/p>\n<p><strong>&#8220;Was ist der Junge gut\u2026&#8221;<\/strong><br \/>\nIn vielen Aspekten erinnert Kylian Mbapp\u00e9 an Frankreichs Legende Thierry Henry. Genau wie der Welt- und Europameister wuchs er in einem Pariser Problemvorort auf. Wie der sp\u00e4tere Arsenal-Star genoss Mbapp\u00e9 die Ausbildung in Monacos angesehener Akademie bei La Turbie. Mit 16 beziehungsweise 17 Jahren avancierte er zum j\u00fcngsten Spieler und Torsch\u00fctzen der Klubgeschichte &#8211; beide Rekorde nahm er Henry ab.<\/p>\n<p>Der Rechtsfu\u00df Mbapp\u00e9 spielt leichtf\u00fc\u00dfig und mit Torj\u00e4gerinstinkt. &#8220;Er erinnert mich an den jungen Thierry&#8221;, sagt auch dessen Mentor, Arsenal-Coach Ars\u00e8ne Wenger. &#8220;Er hat denselben cleveren Blick, dieselbe Spielintelligenz und ist \u00e4hnlich begabt im Abschluss.&#8221; Nur Henry mag die Vergleiche nicht. &#8220;Mbapp\u00e9 soll einfach Mbapp\u00e9 sein&#8221;, sagt der heutige Co-Trainer der belgischen Nationalelf. Beeindruckt ist er trotzdem vom Nachfolger in spe: &#8220;Was ist der Junge gut.\u201c<\/p>\n<p><strong><br \/>\nGro\u00dfe Reife f\u00fcr sein Alter<\/strong><br \/>\nSeit Ende M\u00e4rz darf sich Mbapp\u00e9 Nationalspieler nennen. Trainer Didier Deschamps berief ihn f\u00fcr Frankreichs Test gegen Luxemburg. Obwohl Les Bleus seit Jahrzehnten mit Talent gesegnet sind, stieg der \u00dcberflieger zum j\u00fcngsten Deb\u00fctanten seit 62 Jahren auf.<\/p>\n<p>Beim Prestigeduell mit Spanien stand der Youngster dann schon in der Startelf. Auch im Nationalteam hat er Eindruck hinterlassen. Kapit\u00e4n Hugo Lloris lobte den Neuling: &#8220;Er zeigt gro\u00dfe Reife f\u00fcr sein Alter. Er hat alle Chancen, eine gro\u00dfartige Karriere hinzulegen.&#8221;<\/p>\n<p><strong>Kandidat f\u00fcr den BVB?<\/strong><br \/>\nAngeblich war auch die in Frankreich bestens vernetzte Dortmunder Borussia an dem Supertalent dran, zuletzt diesen Winter. Inzwischen scheint Mbapp\u00e9 f\u00fcr den Revierklub aber au\u00dfer Reichweite. Die Kulisse des fr\u00fcheren Westfalenstadions w\u00e4re f\u00fcr Mbapp\u00e9 zwar der perfekte \u00dcbungsort f\u00fcr das Estadio Santiago Bernabeu in Madrid oder das Camp Nou in Barcelona. Aber selbst wenn der BVB im Sommer eine irre Abl\u00f6se f\u00fcr Pierre-Emerick Aubameyang kassierte und einen St\u00fcrmer br\u00e4uchte &#8211; kaum vorstellbar, dass Dortmund 40 Millionen Euro oder mehr f\u00fcr einen Teenager zahlt.<\/p>\n<p>Mbapp\u00e9 selbst sagt: &#8220;Ich habe noch nicht genug erreicht, um Monaco zu verlassen.\u201c&#8221;Sein Vertrag l\u00e4uft bis 2019 und er wei\u00df genau: In Monaco kann er sich in Ruhe entwickeln. Bei seinen F\u00e4higkeiten bleibt der Sprung immer m\u00f6glich. Etwa zu Real, wo der Posterheld seines Kinderzimmers wartet.<\/p>\n","protected":false},"excerpt":{"rendered":"<p>Kylian Mbapp\u00e9 ist der Aufsteiger bei Dortmunds Champions-League-Gegner AS Monaco. In seiner Heimat Frankreich wird der 18-J\u00e4hrige schon mit einer Legende verglichen.<\/p>\n","protected":false},"author":2,"featured_media":0,"comment_status":"open","ping_status":"open","sticky":false,"template":"","format":"standard","meta":{"ngg_post_thumbnail":0,"jetpack_post_was_ever_published":false,"_jetpack_newsletter_access":"","jetpack_publicize_message":"","jetpack_is_tweetstorm":false,"jetpack_publicize_feature_enabled":true,"jetpack_social_post_already_shared":true,"jetpack_social_options":{"image_generator_settings":{"template":"highway","enabled":false}}},"categories":[66,14],"tags":[261,16,248,262],"jetpack_publicize_connections":[],"jetpack_featured_media_url":"","jetpack_shortlink":"https:\/\/wp.me\/p2zHXD-zz","jetpack_sharing_enabled":true,"jetpack_likes_enabled":true,"_links":{"self":[{"href":"http:\/\/www.athletic-brandao.de\/index.php?rest_route=\/wp\/v2\/posts\/2205"}],"collection":[{"href":"http:\/\/www.athletic-brandao.de\/index.php?rest_route=\/wp\/v2\/posts"}],"about":[{"href":"http:\/\/www.athletic-brandao.de\/index.php?rest_route=\/wp\/v2\/types\/post"}],"author":[{"embeddable":true,"href":"http:\/\/www.athletic-brandao.de\/index.php?rest_route=\/wp\/v2\/users\/2"}],"replies":[{"embeddable":true,"href":"http:\/\/www.athletic-brandao.de\/index.php?rest_route=%2Fwp%2Fv2%2Fcomments&post=2205"}],"version-history":[{"count":3,"href":"http:\/\/www.athletic-brandao.de\/index.php?rest_route=\/wp\/v2\/posts\/2205\/revisions"}],"predecessor-version":[{"id":2208,"href":"http:\/\/www.athletic-brandao.de\/index.php?rest_route=\/wp\/v2\/posts\/2205\/revisions\/2208"}],"wp:attachment":[{"href":"http:\/\/www.athletic-brandao.de\/index.php?rest_route=%2Fwp%2Fv2%2Fmedia&parent=2205"}],"wp:term":[{"taxonomy":"category","embeddable":true,"href":"http:\/\/www.athletic-brandao.de\/index.php?rest_route=%2Fwp%2Fv2%2Fcategories&post=2205"},{"taxonomy":"post_tag","embeddable":true,"href":"http:\/\/www.athletic-brandao.de\/index.php?rest_route=%2Fwp%2Fv2%2Ftags&post=2205"}],"curies":[{"name":"wp","href":"https:\/\/api.w.org\/{rel}","templated":true}]}}