{"id":2209,"date":"2017-03-07T10:07:02","date_gmt":"2017-03-07T08:07:02","guid":{"rendered":"http:\/\/www.athletic-brandao.de\/?p=2209"},"modified":"2017-04-11T10:08:02","modified_gmt":"2017-04-11T08:08:02","slug":"mit-pulisic-power-zur-aufholjagd","status":"publish","type":"post","link":"http:\/\/www.athletic-brandao.de\/?p=2209","title":{"rendered":"Mit Pulisic-Power zur Aufholjagd"},"content":{"rendered":"<p>Shooting-Star Christian Pulisic d\u00fcrfte wohl Borussia Dortmunds erste Option sein, um dem Ausfall von Marco Reus zu trotzen und gegen Benfica Lissabon den Einzug ins Viertelfinale der Champions League zu schaffen.**<!--more--><\/p>\n<p>(*Dieser Artikel lief am 7.3.2017 bei <a href=\"https:\/\/www.zdf.de\/sport\/uefa-champions-league\/viertelfinale-dortmund-benfica-vorschau-100.html\" target=\"_blank\">zdfsport.de<\/a>*)<\/p>\n<p><strong>Als das Verletzungspech am Wochenende wieder mal bei Marco Reus zuschlug, war das Mitgef\u00fchl f\u00fcr Dortmunds Seuchenvogel gro\u00df. Um die Borussia selbst aber hatte keiner Angst, obwohl ein 18-J\u00e4hriger den Nationalspieler gegen Bayer Leverkusen ersetzte. Warum auch?<\/strong><\/p>\n<p>Denn eben jener junge Joker Christian Pulisic bewies mit dem vorentscheidenden Treffer zum 4:2 sowie einer Tor-Vorlage zum 6:2-Endstand seinen Wert f\u00fcr die Westfalen. Sehr gut m\u00f6glich, dass der Amerikaner diesen auch im Achtelfinale der K\u00f6nigsklasse zeigen darf, wenn der BVB gegen Benfica Lissabon seinen aktuellen Aufw\u00e4rtstrend fortsetzen und das \u00e4rgerliche Hinspiel-0:1 wettmachen will.<\/p>\n<p><strong>Zeichen h\u00f6chster Wertsch\u00e4tzung<\/strong><br \/>\nReus f\u00e4llt mit Muskelfaserriss wohl den ganzen M\u00e4rz aus, und so dr\u00e4ngt sich der freche Youngster auf, mehr Spielminuten zu sammeln als ohnehin schon diese Saison. Zumal die Champions League Pulisics Wettbewerb zu sein scheint. In allen sieben Partien spielte er bislang mit und stand dabei f\u00fcnf Mal in der Startelf. Ein Zeichen h\u00f6chster Wertsch\u00e4tzung durch Thomas Tuchel. Der BVB-Trainer h\u00e4lt gro\u00dfe St\u00fccke auf die Nummer 22 bei Schwarz-Gelb, auch wenn er Pulisic in der Liga immer wieder, wie auch zuletzt, sch\u00f6pferische Pausen g\u00f6nnt.<\/p>\n<p>Besonders augenf\u00e4llig war das zu Beginn der Saison, als Pulisics steiler Karriere sogar ein erster Knick drohte. Nach Dortmunds wildem Transfersommer mit Neueink\u00e4ufen f\u00fcr \u00fcber 100 Millionen Euro hatte der Shooting-Star der R\u00fcckrunde 2015\/16 auf den prall gef\u00fcllten Au\u00dfen pl\u00f6tzlich nicht nur Supertalente wie Ousmane Demb\u00e9l\u00e9 und Emre Mor vor der Nase, sondern auch die beiden Weltmeister Mario G\u00f6tze und Andr\u00e9 Sch\u00fcrrle. Erst das BVB-Verletzungspech sp\u00fclte den variablen Fl\u00fcgelflitzer wieder so regelm\u00e4\u00dfig ins Team, dass er nun auf 27 Eins\u00e4tze kommt, davon 15 von Beginn an. Der dynamische, mutige und trickreiche 1,73-Meter-Mann, der meist auf Rechtsau\u00dfen seine Power entfaltet, dankt es bislang mit drei Toren und acht Vorlagen in allen Wettbewerben.<\/p>\n<p><strong>Der Himmel als Grenze<\/strong><br \/>\nWie gegen Leverkusen d\u00fcrfte Pulisic als Reus-Ersatz auch f\u00fcr den Showdown mit Benfica die besseren Karten haben im Vergleich zu Sch\u00fcrrle: Den 30-Mio-Euro-Mann sieht Tuchel eher als Alternative f\u00fcr Pierre-Emerick Aubameyang. Oder im Vergleich zur etwas defensiveren Variante mit dem Duo Raphael Guerreiro\/Marcel Schmelzer auf links. Tuchel wei\u00df, dass er sich auf den mannschaftsdienlichen und nervenstarken Pulisic auch auf der gro\u00dfen B\u00fchne verlassen kann. Denn der wirkt in jeder Hinsicht erstaunlich reif, obwohl er erst seit einigen Monaten vollj\u00e4hrig ist.<\/p>\n<p>Der Mittelfeldspieler wei\u00df genau, was er will und hatte immer schon gro\u00dfe Ziele. Mit 15 Jahren zog der US-Boy aus Hershey\/Pennsylvania mit seinem Dad ins Ruhrgebiet, noch bevor er \u00fcberhaupt f\u00fcr die Borussia spielberechtigt war. Gemeinsam mit seinem Kumpel Felix Passlack, der zeitgleich in den Profikader aufstieg, pr\u00e4gte er den goldenen Nachwuchsjahrgang des BVB, der B-, und A-Jugendmeister wurde. Seit dem Profi-Deb\u00fct Anfang 2016 sprang das heute europaweit begehrte Talent in diverse Rekordlisten: etwa als j\u00fcngster ausl\u00e4ndischer Torsch\u00fctze der Bundesliga oder als j\u00fcngster Torsch\u00fctze in der WM-Qualifikation der USA. \u201eThe sky is the limit &#8211; der Himmel ist die Grenze\u201c &#8211; dieses uramerikanische Motto hat Pulisic ganz offenbar verinnerlicht.<\/p>\n<p><strong>Pulisic-Hype in den USA<\/strong><br \/>\nDeutlich mehr noch als beim BVB steht er damit in den Vereinigten Staaten im Fokus. Schon jetzt wird er als der kommende US-Fu\u00dfballer gehandelt. Die Bundesliga-Berichterstattung jenseits des Atlantiks dreht sich stark um das \u201eamerican wunderkind\u201c. Der Sender Fox titelte zuletzt: \u201ePulisic beendet Durststrecke.\u201c Als seien zw\u00f6lf Spiele ohne Tor f\u00fcr einen Youngster eine f\u00fcrchterliche Krise. Vermutlich ist es f\u00fcr Pulisic ganz gut, dass er fern der Heimat Karriere macht und erstmal nur bei seinen elf L\u00e4nderspielen eine Ahnung von dem Hype bekam, der l\u00e4ngst um ihn entstanden ist.<\/p>\n<p>Das wird sich sp\u00e4testens in einem Jahr \u00e4ndern: mit einer m\u00f6glichen WM-Teilnahme, und wenn der BVB danach zur ersten Marketing-Tour in die USA aufbricht. Nat\u00fcrlich setzten die Dortmunder auch auf das Werbe-Potenzial ihres Vorzeige-Lehrlings, als sie dessen Vertrag im Januar vorzeitig bis 2020 verl\u00e4ngerten &#8211; obwohl der FC Liverpool angeblich 13 Millionen Euro Abl\u00f6se bot.<\/p>\n<p><strong>Eckpfeiler der Zukunft<\/strong><br \/>\nVon Pulisics Fu\u00dfballk\u00fcnsten sind sie beim BVB ja ohnehin \u00fcberzeugt. Sportdirektor Michael Zorc dr\u00fcckte es k\u00fcrzlich so aus: \u201eChristian nimmt bereits jetzt einen hohen Stellenwert innerhalb der Mannschaft ein und kann, genau wie Julian Weigl, zu einem Eckpfeiler unserer Zukunft heranwachsen.\u201c<\/p>\n<p>**Nachtrag: Christian Pulisic bereitete beim 4:0-Sieg \u00fcber Benfica Lissabon den ersten Dortmunder Treffer vor und erzielte den zweiten selbst. Durch den Sieg zog die Borussia ins Viertelfinale der Champions Leaugue 2016\/17 ein.<\/p>\n","protected":false},"excerpt":{"rendered":"<p>Shooting-Star Christian Pulisic d\u00fcrfte wohl Borussia Dortmunds erste Option sein, um dem Ausfall von Marco Reus zu trotzen und gegen Benfica Lissabon den Einzug ins Viertelfinale der Champions League zu schaffen.**<\/p>\n","protected":false},"author":2,"featured_media":0,"comment_status":"open","ping_status":"open","sticky":false,"template":"","format":"standard","meta":{"ngg_post_thumbnail":0,"jetpack_post_was_ever_published":false,"_jetpack_newsletter_access":"","jetpack_publicize_message":"","jetpack_is_tweetstorm":false,"jetpack_publicize_feature_enabled":true,"jetpack_social_post_already_shared":true,"jetpack_social_options":{"image_generator_settings":{"template":"highway","enabled":false}}},"categories":[66,14],"tags":[263,16,248,235],"jetpack_publicize_connections":[],"jetpack_featured_media_url":"","jetpack_shortlink":"https:\/\/wp.me\/p2zHXD-zD","jetpack_sharing_enabled":true,"jetpack_likes_enabled":true,"_links":{"self":[{"href":"http:\/\/www.athletic-brandao.de\/index.php?rest_route=\/wp\/v2\/posts\/2209"}],"collection":[{"href":"http:\/\/www.athletic-brandao.de\/index.php?rest_route=\/wp\/v2\/posts"}],"about":[{"href":"http:\/\/www.athletic-brandao.de\/index.php?rest_route=\/wp\/v2\/types\/post"}],"author":[{"embeddable":true,"href":"http:\/\/www.athletic-brandao.de\/index.php?rest_route=\/wp\/v2\/users\/2"}],"replies":[{"embeddable":true,"href":"http:\/\/www.athletic-brandao.de\/index.php?rest_route=%2Fwp%2Fv2%2Fcomments&post=2209"}],"version-history":[{"count":3,"href":"http:\/\/www.athletic-brandao.de\/index.php?rest_route=\/wp\/v2\/posts\/2209\/revisions"}],"predecessor-version":[{"id":2212,"href":"http:\/\/www.athletic-brandao.de\/index.php?rest_route=\/wp\/v2\/posts\/2209\/revisions\/2212"}],"wp:attachment":[{"href":"http:\/\/www.athletic-brandao.de\/index.php?rest_route=%2Fwp%2Fv2%2Fmedia&parent=2209"}],"wp:term":[{"taxonomy":"category","embeddable":true,"href":"http:\/\/www.athletic-brandao.de\/index.php?rest_route=%2Fwp%2Fv2%2Fcategories&post=2209"},{"taxonomy":"post_tag","embeddable":true,"href":"http:\/\/www.athletic-brandao.de\/index.php?rest_route=%2Fwp%2Fv2%2Ftags&post=2209"}],"curies":[{"name":"wp","href":"https:\/\/api.w.org\/{rel}","templated":true}]}}