{"id":2213,"date":"2017-03-25T10:23:30","date_gmt":"2017-03-25T08:23:30","guid":{"rendered":"http:\/\/www.athletic-brandao.de\/?p=2213"},"modified":"2017-04-11T10:28:44","modified_gmt":"2017-04-11T08:28:44","slug":"shooting-stars-mit-zweitem-anlauf","status":"publish","type":"post","link":"http:\/\/www.athletic-brandao.de\/?p=2213","title":{"rendered":"Shooting-Stars mit zweitem Anlauf"},"content":{"rendered":"<p>Dortmunds Matthias Ginter und Schalkes Max Meyer haben mehr gemein als die olympische Silbermedaille von Rio 2016. Die Fr\u00fchstarter k\u00e4mpfen mit \u00e4hnlichen Problemen und bald winkt ihnen eine gro\u00dfe Chance.<!--more--><\/p>\n<p>(*Dieser Artikel lief am 25.3.2017 bei zdfsport.de*)<\/p>\n<p><strong>Beide besitzen olympisches Silber, einer ist sogar Weltmeister: Es gibt nicht viele Bundesliga-Spieler, die bereits auf eine so bewegte Laufbahn zur\u00fcckblicken k\u00f6nnen wie der erst 21 Jahre alte Max Meyer oder der nur zwei Jahre \u00e4ltere Matthias Ginter.<\/strong><\/p>\n<p>Doch aktuell eint die fr\u00fcheren Shooting-Stars von Schalke 04 und Borussia Dortmund eher die Tatsache, dass sie sich in ihren Klubs durch ein kleines Tief k\u00e4mpfen m\u00fcssen und auf einen Karriere-Joker in der Sommerpause hoffen.<\/p>\n<p><strong>Einen Schritt zur\u00fcck, zwei nach vorn<\/strong><br \/>\nDefensivspezialist Ginter und Offensivhoffnung Meyer gelten als Kandidaten f\u00fcr die U21-EM, die vom 16. bis 30. Juni in Polen ausgetragen wird. Beide stehen aktuell im Kader f\u00fcr die zwei letzten wichtigen Testspiele. Anstatt mit dem A-Team zum Confederations Cup nach Russland zu fahren, k\u00f6nnten also beide mit dem DFB-Nachwuchs um die Europameisterschaft spielen. Verbandsintern wird das U21-Turnier h\u00f6her bewertet als die Generalprobe der \u201eGro\u00dfen\u201c f\u00fcr die WM 2018.<\/p>\n<p>Bei Meyer gibt es dazu angeblich eine Absprache zwischen dem FC Schalke und dem Deutschen Fu\u00dfball-Bund. Es w\u00e4re ein Gewinn f\u00fcr alle. U21-Trainer Stefan Kuntz freut sich \u00fcber jede Hilfe aus jener Erfolgself, die im Olympiafinale nur knapp an Brasilien scheiterte. Und f\u00fcr die A-Nationalspieler Ginter und Meyer, die sich wom\u00f6glich kommende Woche im 172. Revierderby gegen\u00fcberstehen, scheint es angesichts ihrer stockenden Entwicklung nicht verkehrt, einen Schritt zur\u00fcck zu gehen und dann hoffentlich wieder zwei nach vorne.<\/p>\n<p><strong>Herbe Kritik vom eigenen Trainer<\/strong><br \/>\nSchalkes Hoffnungstr\u00e4ger Meyer hat in dieser Spielzeit zu k\u00e4mpfen. Unter dem neuen S04-Trainer Markus Weinzierl sammelte die Nummer 29 der K\u00f6nigsblauen vor allem zu Saisonbeginn nicht die erhofften Einsatzzeiten. Der nur knapp \u00e4ltere Leon Goretzka hat ihm den Rang abgelaufen. Erst als Weinzierl nach verpatztem Saisonstart die Grundordnung \u00e4nderte, rutschte der Dribblek\u00fcnstler wieder \u00f6fters ins Team. Dass er eher als h\u00e4ngende Spitze oder auf den Au\u00dfen zum Zuge kam und nicht auf seiner Lieblingsposition als \u201eZehner\u201c, d\u00fcrfte dem Vorzeigetalent der \u201eKnappenschmiede\u201c egal sein. Meyer geht trotz seiner Jugend schon ins f\u00fcnfte Profijahr &#8211; er will es endlich wissen.<\/p>\n<p>Der Fluch der \u00fcberbordenden F\u00e4higkeiten. Schon mit 17 deb\u00fctierte Meyer in der Bundesliga und nur ein Jahr sp\u00e4ter in der Nationalelf. Schlechtere Phasen wie auch zuletzt wieder werden bei ihm deutlicher wahrgenommen. Etwa j\u00fcngst nach Schalkes DFB-Pokal-Aus gegen den FC Bayern, als der kleine Wirbelwind vom eigenen Trainer angez\u00e4hlt wurde: \u201eMax hat in der ersten Halbzeit sechs Zweik\u00e4mpfe bestritten und einen gewonnen \u2013 die Zahlen sprechen f\u00fcr sich.\u201c Genau wie die \u201ekicker\u201c-Durchschnittsnote von 3,66, mit der ein hoch veranlagte Youngster nicht zufrieden sein kann. Weil zudem sein Vertrag 2018 ausl\u00e4uft, rei\u00dfen die Ger\u00fcchte nicht ab, Meyer k\u00f6nne fl\u00fcchten und die Karriere anderswo auf Kurs bringen. Angeblich war der FC Liverpool interessiert.<\/p>\n<p><strong>Stammspieler mit Schwankungen<\/strong><br \/>\nVergleichbares hat Dortmunds Ginter erlebt, sogar mehrfach. Der mit Vorschusslorbeeren und als Weltmeister nach Dortmund gewechselte, vermeintliche Abwehrspieler der Zukunft stand nach schwachem Deb\u00fctjahr in Dortmund schon vorm Wechsel zu Borussia M\u00f6nchengladbach. Vorm Start dieser Saison dann schien der Abschied des zweimaligen Gewinners der Fritz-Walter-Medaille zum VfL Wolfsburg nahe.<\/p>\n<p>Doch beim ersten Mal wollte der BVB kein fr\u00fches Urteil f\u00e4llen, Ginter bedankte sich f\u00fcr das Vertrauen mit einer starken Hinrunde als Aushilfs-Rechtsverteidiger. Beim zweiten Mal verhinderte wohl nur die geplatzte Verpflichtung des Leverkuseners \u00d6mer Toprak einen Wechsel, da die ambitionierte Borussia hinten nicht sehr \u00fcppig aufgestellt ist.<\/p>\n<p><strong>Vorspielen f\u00fcr andere Klubs<\/strong><br \/>\nGinter hat sich auch k\u00f6rperlich weiterentwickelt und ist diese Saison formal zum Stammspieler aufgestiegen. Bei den Liga-Eins\u00e4tzen l\u00e4sst er Abwehrchef Sokratis und Konkurrent Marc Bartra hinter sich. Aber Dortmunds Nummer 28 schwankt in den Leistungen. Vor allem seit Beginn der R\u00fcckrunde, als der BVB Topraks Verpflichtung f\u00fcr die kommende Spielzeit bekannt gab. Mal zeigt sich Ginter sogar auf der gro\u00dfen B\u00fchne Champions League als souver\u00e4ner Abr\u00e4umer, dem selbst ein anspruchsvoller Spielaufbau gelingt. Mal wird den BVB-Fans bei einfachsten Aktionen angst und bange.<\/p>\n<p>Etwa bei der j\u00fcngsten Ausw\u00e4rtspleite bei Hertha BSC oder beim gl\u00fccklichen Sieg \u00fcber Ingolstadt. Die Zweifel bleiben. Daher d\u00fcrfte es ihm zu pass kommen, dass er dank der kruden UEFA-Regeln noch f\u00fcr die Nachwuchs-EM spielberechtigt ist. Es kann sicher nicht schaden, wenn er sich im Sommer als Anf\u00fchrer einer erfolgreichen U21 auch f\u00fcr andere Klubs interessant macht.<\/p>\n","protected":false},"excerpt":{"rendered":"<p>Dortmunds Matthias Ginter und Schalkes Max Meyer haben mehr gemein als die olympische Silbermedaille von Rio 2016. Die Fr\u00fchstarter k\u00e4mpfen mit \u00e4hnlichen Problemen und bald winkt ihnen eine gro\u00dfe Chance.<\/p>\n","protected":false},"author":2,"featured_media":0,"comment_status":"open","ping_status":"open","sticky":false,"template":"","format":"standard","meta":{"ngg_post_thumbnail":0,"jetpack_post_was_ever_published":false,"_jetpack_newsletter_access":"","jetpack_publicize_message":"","jetpack_is_tweetstorm":false,"jetpack_publicize_feature_enabled":true,"jetpack_social_post_already_shared":true,"jetpack_social_options":{"image_generator_settings":{"template":"highway","enabled":false}}},"categories":[27,14],"tags":[16,133,170,264,265],"jetpack_publicize_connections":[],"jetpack_featured_media_url":"","jetpack_shortlink":"https:\/\/wp.me\/p2zHXD-zH","jetpack_sharing_enabled":true,"jetpack_likes_enabled":true,"_links":{"self":[{"href":"http:\/\/www.athletic-brandao.de\/index.php?rest_route=\/wp\/v2\/posts\/2213"}],"collection":[{"href":"http:\/\/www.athletic-brandao.de\/index.php?rest_route=\/wp\/v2\/posts"}],"about":[{"href":"http:\/\/www.athletic-brandao.de\/index.php?rest_route=\/wp\/v2\/types\/post"}],"author":[{"embeddable":true,"href":"http:\/\/www.athletic-brandao.de\/index.php?rest_route=\/wp\/v2\/users\/2"}],"replies":[{"embeddable":true,"href":"http:\/\/www.athletic-brandao.de\/index.php?rest_route=%2Fwp%2Fv2%2Fcomments&post=2213"}],"version-history":[{"count":4,"href":"http:\/\/www.athletic-brandao.de\/index.php?rest_route=\/wp\/v2\/posts\/2213\/revisions"}],"predecessor-version":[{"id":2217,"href":"http:\/\/www.athletic-brandao.de\/index.php?rest_route=\/wp\/v2\/posts\/2213\/revisions\/2217"}],"wp:attachment":[{"href":"http:\/\/www.athletic-brandao.de\/index.php?rest_route=%2Fwp%2Fv2%2Fmedia&parent=2213"}],"wp:term":[{"taxonomy":"category","embeddable":true,"href":"http:\/\/www.athletic-brandao.de\/index.php?rest_route=%2Fwp%2Fv2%2Fcategories&post=2213"},{"taxonomy":"post_tag","embeddable":true,"href":"http:\/\/www.athletic-brandao.de\/index.php?rest_route=%2Fwp%2Fv2%2Ftags&post=2213"}],"curies":[{"name":"wp","href":"https:\/\/api.w.org\/{rel}","templated":true}]}}