{"id":2222,"date":"2017-02-18T10:46:30","date_gmt":"2017-02-18T08:46:30","guid":{"rendered":"http:\/\/www.athletic-brandao.de\/?p=2222"},"modified":"2017-04-11T10:54:46","modified_gmt":"2017-04-11T08:54:46","slug":"watzkes-schwere-wochen","status":"publish","type":"post","link":"http:\/\/www.athletic-brandao.de\/?p=2222","title":{"rendered":"Watzkes schwere Wochen"},"content":{"rendered":"<p>Die leere S\u00fcdtrib\u00fcne beim Spiel gegen Wolfsburg war nur das deutlichste Zeichen von ganz vielen: Borussia Dortmund durchlebt eine heikle Identit\u00e4tskrise, an der auch Gesch\u00e4ftsf\u00fchrer Hans-Joachim Watzke zu knabbern hat.<!--more--><\/p>\n<p>(*Dieser Artikel lief am 18.2.2017 bei <a href=\"https:\/\/www.zdf.de\/sport\/das-aktuelle-sportstudio\/schwere-wochen-fuer-bvb-und-watzke-100.html\" target=\"_blank\">zdfsport.de<\/a>*)<\/p>\n<p><strong>Wortlos verlie\u00df Hans-Joachim Watzke Mitte der Woche das \u201eStadion des Lichts\u201c in Lissabon, das aus Dortmunder Sicht zum Schluss so mausgrau erschien wie die eiserne Doppelt\u00fcr am Ende der Mixed Zone. Durch die \u00e4rgerliche 0:1-Hinspiel-Pleite in der Champions League bei Benfica legten sich weitere Sorgenfalten ins m\u00fcde Gesicht des BVB-Chefs.<\/strong><\/p>\n<p>Nun muss der 57-J\u00e4hrige auch ums Viertelfinale der K\u00f6nigsklasse bangen &#8211; neben all den Problemen, die er ohnehin hat: mit seinem Team, das den Liga-Anspr\u00fcchen hinterherhinkt; mit seinem Trainer, der im Borussen-Universum verloren wirkt. Mit Medien, die nicht differenzieren. Oder mit Teilen der Fans, die sich lange vor den besch\u00e4menden Vorf\u00e4llen rund ums RB-Leipzig-Spiel von ihrem Lieblingsklub entfremdet haben.<\/p>\n<p><strong>Zwischent\u00f6ne werden \u00fcberh\u00f6rt<\/strong><br \/>\nDa &#8220;die S\u00fcd\u201c gegen Wolfsburg erstmals leer blieb, steht nun auch Watzke im Fokus. Einige Anh\u00e4nger, zumal aus der Hardcore-Fraktion, legen es ihm als Schw\u00e4che aus, diese Kollektiv-Strafe des DFB akzeptiert zu haben. Zwischent\u00f6ne werden \u00fcberh\u00f6rt. Etwa den, dass Borussia die Trib\u00fcnensperre f\u00fcr unverh\u00e4ltnism\u00e4\u00dfig h\u00e4lt, aber wegen der hart gef\u00fchrten \u00f6ffentlichen Debatte keine Alternative sah. Ein Einspruch w\u00e4re als Flucht vor der Verantwortung ausgelegt worden. Verantwortung f\u00fcr das Fehlverhalten jener Anh\u00e4nger, die am 4. Februar Leipziger Ausw\u00e4rtsfans angriffen oder geschmacklose Plakate gegen RasenBallsport hochhielten.<\/p>\n<p>Seitdem tragen einige Medien zur vergifteten Atmosph\u00e4re bei, weil sie alle 25.000 Menschen auf der S\u00fcd zur \u201eWand der Schande\u201c machen, w\u00e4hrend sie nicht mal zwischen so heterogenen Ultras wie \u201eThe Unity\u201c oder \u201eDesperados\u201c unterscheiden k\u00f6nnen oder zwischen \u201e0231 Riot\u201c und dem Fanzine schwatzgelb.de. Watzke selbst wurde mitunter als Brandstifter verurteilt, jedes Ma\u00df scheint verloren. Denn zwischen seiner pointierten Kritik, der Getr\u00e4nkeriese Red Bull nutze RB Leipzig, \u201eum eine Dose zu performen\u201c, und den h\u00e4sslichen Szenen im fr\u00fcheren Westfalenstadion besteht kein kausaler Zusammenhang.<\/p>\n<p><strong>Riss im Innenverh\u00e4ltnis<\/strong><br \/>\nVereinzelt wurden Ultras sogar als \u201eWatzkes Werkzeug\u201c dargestellt, deutlicher kann man aber nicht daneben liegen. Vielmehr gibt es einen tiefen Riss. Schon vor Saisonstart entzog der Klub etliche Ausw\u00e4rtsdauerkarten. In den letzten Monaten gab es immer wieder Anti-Watzke-Plakate. Wegen des vermeintlich stillosen Umgangs mit fr\u00fcheren \u201eEchte-Liebe\u201c-Helden oder wegen der verhassten Internationalisierung.<\/p>\n<p>Zuletzt, so ist im BVB-Umfeld zu h\u00f6ren, verweigerten ihm die Anh\u00e4nger die Gefolgschaft, als Watzke auf eine gemeinsame Erkl\u00e4rung von Verein und Fans dr\u00e4ngte, in der man sich von den scheu\u00dflichen Spruchb\u00e4ndern distanziert. Im Gegenzug wird der Klub nun wohl hart gegen jene bislang 61 identifizierten Personen durchgreifen, die nach Vereinsangaben \u201eoffensichtlich an der Pr\u00e4sentation bzw. an Vorbereitungsma\u00dfnahmen beleidigender Plakate aktiv beteiligt waren\u201c.<\/p>\n<p><strong>Wachstums-Strategie auf der Kippe<\/strong><br \/>\nDass der harte Kern der S\u00fcd j\u00fcngst gegen Kapit\u00e4n Marcel Schmelzer ansang, als dessen \u201eSorry\u201c f\u00fcr die Leipzig-Vorf\u00e4lle via Anzeigetafel lief, spricht B\u00e4nde \u00fcber das Innenleben eines Klubs, der nicht erst seit diesem Image-GAU seine Mitte sucht. Genau wie die Tatsache, dass die Konfrontation unvermindert weitergeht. Etwa durch jene 88 Hooligans, die auf dem Weg zum Ausw\u00e4rtsspiel in Darmstadt mit Pyrotechnik, Sturmhauben, Kampfhandschuhen und Drogen von der Polizei gestoppt wurden. Alle bekamen im Schnellverfahren Stadionverbot, es werden nicht die Letzten sein.<\/p>\n<p>Es macht es nicht einfacher, dass Watzke noch andere Baustellen hat. Das Team bleibt in seinen Leistungsschwankungen ein R\u00e4tsel. Immer noch befindet sich die Borussia im Umbruch, teure Eink\u00e4ufe wie die Weltmeister Mario G\u00f6tze und Andr\u00e9 Sch\u00fcrrle suchen ihre Rolle. \u00dcber Verletzungspech, Dauer-Rotation und wechselnde Grundformationen scheint der Borussia die pr\u00e4gende Spielidee verloren gegangen zu sein. Die direkte Qualifikation f\u00fcr die Champions League ist in Gefahr &#8211; und damit Watzkes Wachstums-Strategie. Mit auf der Kippe steht Dortmunds Rolle als Gravitationspunkt f\u00fcr immer neue Toptalente. Bislang wurden Kracher wie Ousmane Demb\u00e9l\u00e9 durch die Aussicht auf tolle Fans, ein ruhiges Umfeld und Eins\u00e4tze auf dem Niveau der K\u00f6nigsklasse angelockt.<\/p>\n<p><strong>Tuchels Zauber schon verflogen?<\/strong><br \/>\nAu\u00dferdem ist l\u00e4ngst nicht gekl\u00e4rt, ob die Zeit mit Trainer Thomas Tuchel als \u00c4ra oder Experiment in die Klubgeschichte eingehen wird. Der Zauber der Deb\u00fctsaison ist verflogen. Unverhohlen verlangt Watzke vom Trainer Rang drei am Saisonende, w\u00e4hrend der immer mehr sein eigenes Ding zu machen scheint und Gespr\u00e4che \u00fcber einen neuen Vertrag auf den Sommer schiebt.<\/p>\n<p>Wilde Ger\u00fcchte \u00fcber einen Tuchel-Wechsel zu Arsenal London oder eine R\u00fcckkehr von BVB-Jugendcoach Hannes Wolf haben in genau dieser diffusen Stimmung ihren Ursprung. All das muss Macher Watzke derzeit moderieren, erkl\u00e4ren oder entschuldigen. Er sieht dabei eher aus wie ein Getriebener denn wie ein Gestalter.<\/p>\n","protected":false},"excerpt":{"rendered":"<p>Die leere S\u00fcdtrib\u00fcne beim Spiel gegen Wolfsburg war nur das deutlichste Zeichen von ganz vielen: Borussia Dortmund durchlebt eine heikle Identit\u00e4tskrise, an der auch Gesch\u00e4ftsf\u00fchrer Hans-Joachim Watzke zu knabbern hat.<\/p>\n","protected":false},"author":2,"featured_media":0,"comment_status":"open","ping_status":"open","sticky":false,"template":"","format":"standard","meta":{"ngg_post_thumbnail":0,"jetpack_post_was_ever_published":false,"_jetpack_newsletter_access":"","jetpack_publicize_message":"","jetpack_is_tweetstorm":false,"jetpack_publicize_feature_enabled":true,"jetpack_social_post_already_shared":true,"jetpack_social_options":{"image_generator_settings":{"template":"highway","enabled":false}}},"categories":[27,14],"tags":[16,34,266],"jetpack_publicize_connections":[],"jetpack_featured_media_url":"","jetpack_shortlink":"https:\/\/wp.me\/p2zHXD-zQ","jetpack_sharing_enabled":true,"jetpack_likes_enabled":true,"_links":{"self":[{"href":"http:\/\/www.athletic-brandao.de\/index.php?rest_route=\/wp\/v2\/posts\/2222"}],"collection":[{"href":"http:\/\/www.athletic-brandao.de\/index.php?rest_route=\/wp\/v2\/posts"}],"about":[{"href":"http:\/\/www.athletic-brandao.de\/index.php?rest_route=\/wp\/v2\/types\/post"}],"author":[{"embeddable":true,"href":"http:\/\/www.athletic-brandao.de\/index.php?rest_route=\/wp\/v2\/users\/2"}],"replies":[{"embeddable":true,"href":"http:\/\/www.athletic-brandao.de\/index.php?rest_route=%2Fwp%2Fv2%2Fcomments&post=2222"}],"version-history":[{"count":1,"href":"http:\/\/www.athletic-brandao.de\/index.php?rest_route=\/wp\/v2\/posts\/2222\/revisions"}],"predecessor-version":[{"id":2223,"href":"http:\/\/www.athletic-brandao.de\/index.php?rest_route=\/wp\/v2\/posts\/2222\/revisions\/2223"}],"wp:attachment":[{"href":"http:\/\/www.athletic-brandao.de\/index.php?rest_route=%2Fwp%2Fv2%2Fmedia&parent=2222"}],"wp:term":[{"taxonomy":"category","embeddable":true,"href":"http:\/\/www.athletic-brandao.de\/index.php?rest_route=%2Fwp%2Fv2%2Fcategories&post=2222"},{"taxonomy":"post_tag","embeddable":true,"href":"http:\/\/www.athletic-brandao.de\/index.php?rest_route=%2Fwp%2Fv2%2Ftags&post=2222"}],"curies":[{"name":"wp","href":"https:\/\/api.w.org\/{rel}","templated":true}]}}