{"id":2231,"date":"2017-04-20T12:37:12","date_gmt":"2017-04-20T10:37:12","guid":{"rendered":"http:\/\/www.athletic-brandao.de\/?p=2231"},"modified":"2017-05-14T09:57:08","modified_gmt":"2017-05-14T07:57:08","slug":"trainer-tuchel-wir-duerfen-die-spiele-nicht-als-massstab-nehmen","status":"publish","type":"post","link":"http:\/\/www.athletic-brandao.de\/?p=2231","title":{"rendered":"Trainer Tuchel: &#8220;Wir d\u00fcrfen die Spiele gegen Monaco nicht als Ma\u00dfstab nehmen&#8221;"},"content":{"rendered":"<p>Chancenlos gegen die Tormaschine der Ligue 1: Dortmunds Traum vom Halbfinale in der Champions League ist geplatzt. Wie die Saison in der K\u00f6nigsklasse nun zu bewerten ist, f\u00e4llt dem Trainer aufgrund der besonderen Umst\u00e4nde schwer.<!--more--><\/p>\n<p>(Dieser Artikel lief am 20. April bei <a href=\"https:\/\/www.zdf.de\/sport\/uefa-champions-league\/nachbericht-bvb-100.html\" target=\"_blank\">zdfsport.de<\/a>)<\/p>\n<p><strong>Als Thomas Tuchel im Bauch des Stade Louis II vor die Presse trat, war ihm die Entt\u00e4uschung \u00fcber die 1:3-Pleite beim AS Monaco anzusehen. Der dunkelblaue Champions-League-Pulli lie\u00df den BVB-Trainer noch blasser als sonst erscheinen, bei jeder \u00dcbersetzung des franz\u00f6sischen Dolmetschers ging sein Blick ins Leere.<\/strong><\/p>\n<p>Es schien, als brenne es in ihm, nun alle Fehler seines Teams anzusprechen, aber auch die eigenen. Doch angesichts der dramatischen Umst\u00e4nde des Viertelfinales, die auch acht Tage nach dem Bombenanschlag auf den BVB alles \u00fcberlagerten, rang sich der Coach zu einer Bitte durch: &#8220;Es w\u00e4re unfair, jetzt ein Res\u00fcmee zu ziehen. Wir d\u00fcrfen beide Partien nicht als Ma\u00dfstab sehen.&#8221;<\/p>\n<p>Schon nach drei Spielminuten in Monaco schwanden die BVB-Hoffnungen, die 2:3-Hinspiel-Hypothek mit einer Energieleistung noch auszugleichen. Gleich Monacos erster Angriff sa\u00df, Shooting-Star Kylian Mbapp\u00e9 staubte zum 1:0 ab. F\u00fcr den 18-J\u00e4hrigen war es bereits der f\u00fcnfte Treffer in der K.-o.-Runde der K\u00f6nigsklasse. F\u00fcr Dortmund dagegen ein emotionaler Tiefschlag, nachdem die Mannschaft zuletzt wieder Optimismus entwickelt hatte. &#8220;Das hat uns \u00dcberzeugung gekostet&#8221;, sagte Tuchel. &#8220;Da kommt das Gef\u00fchl auf: Ist das wirklich unser Abend heute?&#8221; Die weiteren Treffer durch Monacos Radamel Falcao (17. Minute) und Val\u00e8re Germain (81.) beantworteten diese Frage deutlich.<\/p>\n<p><strong>BVB-Bus durfte nicht abfahren<\/strong><br \/>\nDer BVB hatte in seinem 100. Champions-League-Auftritt nicht viel dagegenzuhalten. Nur selten entwickelte Schwarz-Gelb jene Offensivkraft, die auf europ\u00e4ischer Ebene in der gesamten Vorrunde so hell gestrahlt hatte und noch im Achtelfinal-R\u00fcckspiel gegen Benfica Lissabon zu bestaunen war. Der Anschlusstreffer von Marco Reus drei Minuten nach der Halbzeitpause war zu wenig, um zum vierten Mal in der Klubgeschichte ins Halbfinale der K\u00f6nigsklasse einzuziehen.<\/p>\n<p>Welche Rolle die Ausnahmesituation auf das sportliche Abschneiden der Borussia spielte, wird nie zu kl\u00e4ren sein. Ob Dortmund unter normalen Umst\u00e4nden Monacos Tormaschine gestoppt h\u00e4tte? Auch im R\u00fcckspiel konnte sich der BVB nicht von den Vorf\u00e4llen der vergangenen Woche l\u00f6sen: Um ein Zeichen f\u00fcr den Zusammenhalt zu setzen, hatte Tuchel extra den bei der Attacke verletzten Marc Bartra eingeflogen. Doch das gute Gef\u00fchl war vor Anpfiff schon wieder dahin, als die Abfahrt des BVB-Busses zum Stadion aus Sicherheitsgr\u00fcnden um rund eine Viertelstunde verz\u00f6gert wurde. F\u00fcr Tuchel &#8220;ein beklemmendes Gef\u00fchl. Da konnte keiner an Fu\u00dfball denken.&#8221; Die Spieler nahmen diesen Vorfall sp\u00e4ter viel lockerer, aber ob es nicht doch unterbewusst die Vorbereitung st\u00f6rte, bleibt offen.<\/p>\n<p><strong>Eine Nummer zu gro\u00df<\/strong><br \/>\nUrteile \u00fcber die BVB-Auftritte sind vor diesem Hintergrund schwierig, aber man tritt dem Team vermutlich nicht zu nahe, wenn man sagt: Das Halbfinale der K\u00f6nigsklasse ist noch eine Nummer zu gro\u00df.<\/p>\n<p>Vor allem in der Abwehr gibt es gegen\u00fcber Teams wie Real Madrid, Juventus Turin, Atletico Madrid oder selbst Monaco Aufholbedarf. In Sokratis verf\u00fcgt der BVB nur \u00fcber einen Top-Innenverteidiger. Ob sich die Situation n\u00e4chste Saison allein mit dem Wechsel von \u00d6mer Toprak bessern wird, ist fraglich.<\/p>\n<p>Auf den Au\u00dfen scheinen die Westfalen ebenso wenig auf h\u00f6chstem Niveau aufgestellt. Aber auch hier ist unklar: Wie h\u00e4tte die Abwehr mit Bartra gestanden? Wie sehr hat Lukasz Piszczek gelitten? Auch im R\u00fcckspiel unterlief dem fr\u00fcheren Mr. Zuverl\u00e4ssig ein schwerer Schnitzer vor dem dritten Gegentreffer.<\/p>\n<p><strong>Tuchel verzockt sich<\/strong><br \/>\nLernbedarf gibt es nach nun 100 BVB-Pflichtspielen sicher auch bei Tuchel. Der Trainer denkt manchmal zu sehr um die Ecke. So nahm er seinem Team bei der vermeintlichen Aufholjagd im F\u00fcrstentum den Dampf, indem er Ousmane Dembel\u00e9 und Christian Pulisic f\u00fcr eine Schlussoffensive schonte und zun\u00e4chst auf die Bank setzte &#8211; ohne zu wissen, ob die dann \u00fcberhaupt m\u00f6glich sein w\u00fcrde. Auch der Poker mit Erik Durm ging daneben. Der hatte zuletzt vier Wochen gefehlt und man sah ihm die fehlende Spielpraxis an. Au\u00dferdem beorderte Tuchel zur Pause in Nuri Sahin den besten Dortmunder vom Feld, weil er dem Trugschluss erlag, so die Offensive zu st\u00e4rken.<\/p>\n<p>Warum Tuchel trotz guter Erfahrung mit einer 4-4-2-Grundordnung in der starken zweiten H\u00e4lfte des Hinspiels wieder zur Dreier-Abwehrkette zur\u00fcckkehrte, war auch nicht ersichtlich. Am Ende kann der Trainer f\u00fcr sein Team, aber auch f\u00fcr sich nur vage res\u00fcmieren: &#8220;Unsere Bilanz in der Champions League ist absolut top. Die Spiele gegen Monaco stehen in Klammern.&#8221;<\/p>\n","protected":false},"excerpt":{"rendered":"<p>Chancenlos gegen die Tormaschine der Ligue 1: Dortmunds Traum vom Halbfinale in der Champions League ist geplatzt. Wie die Saison in der K\u00f6nigsklasse nun zu bewerten ist, f\u00e4llt dem Trainer aufgrund der besonderen Umst\u00e4nde schwer.<\/p>\n","protected":false},"author":2,"featured_media":0,"comment_status":"open","ping_status":"open","sticky":false,"template":"","format":"standard","meta":{"ngg_post_thumbnail":0,"jetpack_post_was_ever_published":false,"_jetpack_newsletter_access":"","jetpack_publicize_message":"","jetpack_is_tweetstorm":false,"jetpack_publicize_feature_enabled":true,"jetpack_social_post_already_shared":true,"jetpack_social_options":{"image_generator_settings":{"template":"highway","enabled":false}}},"categories":[66,14],"tags":[261,16,248,267,204],"jetpack_publicize_connections":[],"jetpack_featured_media_url":"","jetpack_shortlink":"https:\/\/wp.me\/p2zHXD-zZ","jetpack_sharing_enabled":true,"jetpack_likes_enabled":true,"_links":{"self":[{"href":"http:\/\/www.athletic-brandao.de\/index.php?rest_route=\/wp\/v2\/posts\/2231"}],"collection":[{"href":"http:\/\/www.athletic-brandao.de\/index.php?rest_route=\/wp\/v2\/posts"}],"about":[{"href":"http:\/\/www.athletic-brandao.de\/index.php?rest_route=\/wp\/v2\/types\/post"}],"author":[{"embeddable":true,"href":"http:\/\/www.athletic-brandao.de\/index.php?rest_route=\/wp\/v2\/users\/2"}],"replies":[{"embeddable":true,"href":"http:\/\/www.athletic-brandao.de\/index.php?rest_route=%2Fwp%2Fv2%2Fcomments&post=2231"}],"version-history":[{"count":8,"href":"http:\/\/www.athletic-brandao.de\/index.php?rest_route=\/wp\/v2\/posts\/2231\/revisions"}],"predecessor-version":[{"id":2246,"href":"http:\/\/www.athletic-brandao.de\/index.php?rest_route=\/wp\/v2\/posts\/2231\/revisions\/2246"}],"wp:attachment":[{"href":"http:\/\/www.athletic-brandao.de\/index.php?rest_route=%2Fwp%2Fv2%2Fmedia&parent=2231"}],"wp:term":[{"taxonomy":"category","embeddable":true,"href":"http:\/\/www.athletic-brandao.de\/index.php?rest_route=%2Fwp%2Fv2%2Fcategories&post=2231"},{"taxonomy":"post_tag","embeddable":true,"href":"http:\/\/www.athletic-brandao.de\/index.php?rest_route=%2Fwp%2Fv2%2Ftags&post=2231"}],"curies":[{"name":"wp","href":"https:\/\/api.w.org\/{rel}","templated":true}]}}