{"id":2252,"date":"2017-05-26T15:13:13","date_gmt":"2017-05-26T13:13:13","guid":{"rendered":"http:\/\/www.athletic-brandao.de\/?p=2252"},"modified":"2017-08-26T12:39:06","modified_gmt":"2017-08-26T10:39:06","slug":"marco-reus-der-unvollendete","status":"publish","type":"post","link":"http:\/\/www.athletic-brandao.de\/?p=2252","title":{"rendered":"Marco Reus &#8211; der Unvollendete"},"content":{"rendered":"<p>Im f\u00fcnften Anlauf will der BVB-Star endlich seinen ersten gro\u00dfen Titel holen. Borussia Dortmunds DFB-Pokalfinale gegen Eintracht Frankfurt soll Reus\u2019 Reifezeugnis werden.<!--more--><\/p>\n<p>(Dieser Artikel lief am 27. Mai 2017 bei <a href=\"https:\/\/www.zdf.de\/sport\/fussball-dfb-pokalfinale-reus-der-unvollendete-100.html\" target=\"_blank\">zdfsport.de<\/a>)<\/p>\n<p><strong>Acht Minuten vor Ende der Bundesliga-Saison stockte den Fans von Borussia Dortmund der Atem. Marco Reus blieb regungslos vor der S\u00fcdtrib\u00fcne liegen, nachdem er mit Wucht an den Torpfosten geknallt war. Die Verletzungshistorie des BVB-Pechvogels war allen Zuschauern sofort pr\u00e4sent. Und damit die Angst, ihre Nummer elf werde das DFB-Pokalendspiel verpassen.<\/strong><\/p>\n<p>Doch eine gef\u00fchlte Ewigkeit sp\u00e4ter die Erleichterung: Reus rappelte sich auf, f\u00fchrte sein Team zum Sieg und sagte sp\u00e4ter l\u00e4ssig: &#8220;Ich w\u00fcrde das Finale auch mit einem Bein spielen.&#8221;<\/p>\n<p><strong>Kampf gegen das &#8220;Verlierer-Gen&#8221;<\/strong><br \/>\n&#8220;Ohne Marco k\u00f6nnen wir unsere Saisonziele nicht erreichen&#8221;, hat Trainer Thomas Tuchel wie ein Mantra wiederholt. Minimalziel Nummer eins, die direkte Qualifikation f\u00fcr die Champions League, hat der BVB geschafft. Mit Reus, dank Reus.<\/p>\n<p>Nun winkt die Chance, dass im Pokalduell mit Eintracht Frankfurt ein Titel oben drauf kommt. Denn Dortmunds Sorgenkind spielt zurzeit stabil stark und ist konstant fit. Seit seinem j\u00fcngsten Comeback Mitte April geh\u00f6rt er regelm\u00e4\u00dfig zu den BVB-Besten und erzielte wettbewerbs\u00fcbergreifend sieben Treffer, h\u00e4ufig das wichtige 1:0.<\/p>\n<p>Der Unvollendete k\u00f6nnte etwas gewinnen, das \u00fcber den Supercup hinausgeht. Und damit den Boulevard widerlegen, der fr\u00fcher giftete: &#8220;Reus hat das Verlierer-Gen.&#8221;<\/p>\n<p><strong>St\u00e4ndig neue R\u00fcckschl\u00e4ge<\/strong><br \/>\nDenn seit der R\u00fcckkehr zu seinem Heimatklub 2012 tr\u00e4gt er diesen Makel: Reus hat ein Champions-League-Endspiel verloren und danach drei DFB-Pokalfinale in Folge. 2015 gegen Wolfsburg lag ihm das vorentscheidende 2:0 auf dem Fu\u00df, doch er vergab die Chance. Im vergangenen Jahr gegen den FC Bayern schleppte sich Reus angeschlagen bis ins Elfmeterschie\u00dfen &#8211; umsonst.<\/p>\n<p>Nachdem der Nationalspieler schon den WM-Triumph in Rio 2014 verletzt verpasst hatte, kostete ihn das auch die EM in Frankreich sowie das erste Drittel dieser Saison. Im Fr\u00fchjahr hat ein Faserriss den Offensivk\u00fcnstler erneut zur\u00fcckgeworfen, so dass er diese Spielzeit wieder nur auf 23 von 50 m\u00f6glichen Eins\u00e4tzen kommt.<\/p>\n<p><strong>Zorc: &#8220;Er ist gereift&#8221;<\/strong><br \/>\nAn seinen Qualit\u00e4ten gibt es keine Zweifel: Trotz der Pechstr\u00e4hnen gelangen Reus in 188 Dortmund-Partien satte 89 Treffer und 61 Torvorlagen. Dar\u00fcber hinaus scheint er nun auch k\u00f6rperliche Krisen besser zu verpacken und Kraft aus dieser Erfahrung zu sch\u00f6pfen.<\/p>\n<p>Das berichten jedenfalls Mitspieler und die BVB-Chefs unisono. Trainer Tuchel etwa sagt, sein flinker Linksau\u00dfen habe &#8220;wahnsinnig an Pers\u00f6nlichkeit gewonnen&#8221;. Sportdirektor Michael Zorc ist sicher: &#8220;Marco ist nach seiner Verletzung deutlich pr\u00e4senter. Er ist gereift.&#8221;<\/p>\n<p>Fr\u00fcher musste sich der &#8220;Mann ohne Eigenschaften&#8221; (&#8220;SZ&#8221;) den Vorwurf gefallen lassen, in gro\u00dfen Spielen abzutauchen. Nun tritt Reus selbstbewusst auf, die K\u00f6rpersprache stimmt.<\/p>\n<p><strong>Vorneweg gegangen<\/strong><br \/>\nWie beim Pokal-Halbfinale in M\u00fcnchen, in dem er &#8211; nat\u00fcrlich &#8211; zur F\u00fchrung traf. Reus geht voran, wie beim 4:3 im letzten Liga-Spiel \u00fcber Bremen, als er erst das 1:0 erzielte, sp\u00e4ter per Elfmeter Verantwortung \u00fcbernahm und am Ende noch Pierre-Emerick Aubameyang mit Selbstvertrauen auflud, sich die Torj\u00e4gerkanone zu schnappen.<\/p>\n<p>Es ist \u00fcberdeutlich: Er will &#8220;endlich, endlich&#8221;, wie er selbst fleht, diese Karriere-Delle ausbeulen und im Berliner Olympiastadion gewinnen. &#8220;Ich freue mich unglaublich auf das Finale&#8221;, sagt der Routinier: &#8220;Ich werde bereit sein, wir werden bereit sein.&#8221;<\/p>\n<p><strong>Einmalige Chance<\/strong><br \/>\nSollte er auch sein, denn ob die Zukunft \u00e4hnliche Chance bereith\u00e4lt, ist offen. Zwar g\u00f6nnt die Nationalelf dem verletzungsanf\u00e4lligen Reus im Sommer eine Pause beim ungeliebten Confed Cup. Doch selbst einem ausgeruhten &#8220;Woodyinho&#8221; droht der n\u00e4chste Umbruch bei der Borussia.<\/p>\n<p>Einem m\u00f6glichen Trainerwechsel von Tuchel auf seinen fr\u00fcheren F\u00f6rderer Lucien Favre mag er sogar gelassen entgegensehen. Aber ein lukrativer Verkauf von St\u00fcrmerstar Aubameyang w\u00fcrde ihn nicht nur eines Kumpels berauben, sondern dem Klub wohl gravierende Sturmprobleme bescheren, die Reus alleine nicht beheben kann.<\/p>\n<p><strong>Titel als Argument pro BVB<\/strong><br \/>\nDiese Unsicherheit k\u00f6nnte den Offensivstar bewegen, zum Karriere-Ende vielleicht doch noch mal einen Klub mit Titelgarantie zu suchen, anstatt den bis 2019 laufenden Vertrag zu verl\u00e4ngern und damit zur Dortmund-Ikone zu werden. Umso wichtiger f\u00fcr die Borussia, dass er nun den DFB-Pokal in den Berliner Nachthimmel reckt. Falls Teamkollege Marcel Schmelzer nicht fit ist, w\u00fcrde es Reus drei Tage vor seinem 28. Geburtstag sogar als BVB-Kapit\u00e4n tun.<\/p>\n","protected":false},"excerpt":{"rendered":"<p>Im f\u00fcnften Anlauf will der BVB-Star endlich seinen ersten gro\u00dfen Titel holen. Borussia Dortmunds DFB-Pokalfinale gegen Eintracht Frankfurt soll Reus\u2019 Reifezeugnis werden.<\/p>\n","protected":false},"author":2,"featured_media":0,"comment_status":"open","ping_status":"open","sticky":false,"template":"","format":"standard","meta":{"ngg_post_thumbnail":0,"jetpack_post_was_ever_published":false,"_jetpack_newsletter_access":"","jetpack_publicize_message":"","jetpack_is_tweetstorm":false,"jetpack_publicize_feature_enabled":true,"jetpack_social_post_already_shared":true,"jetpack_social_options":{"image_generator_settings":{"template":"highway","enabled":false}}},"categories":[27,14],"tags":[16,37,249,174,40],"jetpack_publicize_connections":[],"jetpack_featured_media_url":"","jetpack_shortlink":"https:\/\/wp.me\/p2zHXD-Ak","jetpack_sharing_enabled":true,"jetpack_likes_enabled":true,"_links":{"self":[{"href":"http:\/\/www.athletic-brandao.de\/index.php?rest_route=\/wp\/v2\/posts\/2252"}],"collection":[{"href":"http:\/\/www.athletic-brandao.de\/index.php?rest_route=\/wp\/v2\/posts"}],"about":[{"href":"http:\/\/www.athletic-brandao.de\/index.php?rest_route=\/wp\/v2\/types\/post"}],"author":[{"embeddable":true,"href":"http:\/\/www.athletic-brandao.de\/index.php?rest_route=\/wp\/v2\/users\/2"}],"replies":[{"embeddable":true,"href":"http:\/\/www.athletic-brandao.de\/index.php?rest_route=%2Fwp%2Fv2%2Fcomments&post=2252"}],"version-history":[{"count":5,"href":"http:\/\/www.athletic-brandao.de\/index.php?rest_route=\/wp\/v2\/posts\/2252\/revisions"}],"predecessor-version":[{"id":2277,"href":"http:\/\/www.athletic-brandao.de\/index.php?rest_route=\/wp\/v2\/posts\/2252\/revisions\/2277"}],"wp:attachment":[{"href":"http:\/\/www.athletic-brandao.de\/index.php?rest_route=%2Fwp%2Fv2%2Fmedia&parent=2252"}],"wp:term":[{"taxonomy":"category","embeddable":true,"href":"http:\/\/www.athletic-brandao.de\/index.php?rest_route=%2Fwp%2Fv2%2Fcategories&post=2252"},{"taxonomy":"post_tag","embeddable":true,"href":"http:\/\/www.athletic-brandao.de\/index.php?rest_route=%2Fwp%2Fv2%2Ftags&post=2252"}],"curies":[{"name":"wp","href":"https:\/\/api.w.org\/{rel}","templated":true}]}}