{"id":2338,"date":"2017-12-07T12:12:40","date_gmt":"2017-12-07T10:12:40","guid":{"rendered":"http:\/\/www.athletic-brandao.de\/?p=2338"},"modified":"2018-10-28T11:27:25","modified_gmt":"2018-10-28T09:27:25","slug":"mutmacher-mit-vielen-makeln","status":"publish","type":"post","link":"http:\/\/www.athletic-brandao.de\/?p=2338","title":{"rendered":"Mutmacher mit vielen Makeln"},"content":{"rendered":"<p>Borussia Dortmund wehrt sich gegen das drohende Debakel bei Real Madrid und sucht das Positive in der n\u00e4chsten Pleite.<!--more--><\/p>\n<p>(Dieser Artikel lief am 7.12.2017 bei <a href=\"https:\/\/www.zdf.de\/nachrichten\/heute\/borussia-dortmund-wehrt-sich-100.html\" rel=\"noopener\" target=\"_blank\">zdfsport.de<\/a>)<\/p>\n<p><strong>Vorw\u00e4rts verteidigen &#8211; wenn es die Spieler von Borussia Dortmund schon nicht schaffen, dann muss eben der Chef ran. &#8220;Wir haben wieder Fu\u00dfball gespielt. Vielleicht war heute sogar mehr drin&#8221;, sagte Trainer Peter Bosz nach der 2:3-Niederlage seines Teams in der Champions League bei Real Madrid.<\/strong><\/p>\n<p>Sang- und klanglos nach der Vorrunde raus, dazu die Sieglos-Serie in K\u00f6nigsklasse und Bundesliga auf elf Partien verl\u00e4ngert &#8211; eigentlich kein N\u00e4hrboden f\u00fcr Optimismus. Aber komplett daneben lag der umstrittene Coach auch nicht.<\/p>\n<p><strong>Mittelfeld konnte L\u00fccken nicht schlie\u00dfen<\/strong><br \/>\n&#8220;Es war ein katastrophaler Beginn, aber danach haben wir uns Chancen erarbeitet&#8221;, sagte Mittelfeldspieler Nuri Sahin und konkretisierte die Worte des Trainers etwas. Es hatte ein Debakel gedroht, als Borja Mayoral und Cristiano Ronaldo mit ihren Toren in der 8. und 12. Minute die j\u00fcngst so typischen Unzul\u00e4nglichkeiten der BVB-Defensive fr\u00fch blo\u00df legten. Die gegen den Ball zur F\u00fcnferkette mutierende Abwehrreihe wirkte \u00fcberfordert. Vor allem Marc Bartra auf Rechts hatte gr\u00f6\u00dfte Probleme im Duell mit Superstar Ronaldo. Auch Sahin und Mo Dahoud im defensiven Mittelfeld konnten die vielen L\u00fccken nicht schlie\u00dfen.<\/p>\n<p>Zum Gl\u00fcck f\u00fcr die wankende Borussia verlor der Titelverteidiger schon Mitte der ersten H\u00e4lfte das Interesse, die G\u00e4ste weiter zu dem\u00fctigen. F\u00fcr Madrids bessere B-Elf, bei der Toni Kroos nicht mal auf der Bank sa\u00df und Stars wie Luka Modric, Karim Benzema oder Marcelo geschont wurden, w\u00e4re das ein Leichtes gewesen. Erst in den letzten 15 Minuten raffte sich Real wieder auf und kam erneut zu Chancen am Flie\u00dfband. So h\u00e4tte Ronaldo seine Bilanz von bereits neun Toren in der laufenden Saison der Champions League und 114 insgesamt in der K\u00f6nigsklasse deutlich ausbauen m\u00fcssen. Mit dem dritten Madrid-Treffer durch Lucas Vazquez kurz vor Schluss war der BVB jedenfalls sehr gut bedient.<\/p>\n<p><strong>Gegen Werder muss unbedingt ein Sieg her<\/strong><br \/>\nZwischenzeitlich durften sich die lautstarken Fans von Schwarz-Gelb im altehrw\u00fcrdigen Estadio Santiago Bernabeu aber dar\u00fcber freuen, dass ihr Team wieder ran kam. Der BVB nutzte Luft und die R\u00e4ume, die Real pl\u00f6tzlich lie\u00df. Erst f\u00fcr vorsichtige Entlastungsangriffe. Rund um die Halbzeitpause dann sogar f\u00fcr zwei Tore durch Pierre-Emerick Aubameyang. Und mehr noch: f\u00fcr kleine Erfolgserlebnisse, die Mut machen k\u00f6nnten f\u00fcr eine Wende in der Bundesliga. Am Samstag gegen Werder Bremen muss unbedingt ein Sieg her und die schwarze Serie gestoppt werden. Ein Platz unter den Top Vier bleibt das gro\u00dfe Saisonziel. <\/p>\n<p>Nach dem fr\u00fchen R\u00fcckschlag hat der BVB gegen Real Reaktion gezeigt, wenn auch mit gn\u00e4diger Mithilfe der Spanier. Bei Torj\u00e4ger Aubameyang kommt die K\u00f6rpersprache zur\u00fcck, beim zweiten Treffer traute er sich einen Lupfer zu gegen Torwart Keylor Navas. Christian Pulisic schien zuletzt auf das Niveau der Kollegen herabzufallen, in Madrid zeigte er starke Dribblings und hatte Pech mit einem nicht gegebenen Elfmeter. Shinji Kagawa, per Hacke mit am 2:2 beteiligt und noch mit einer Gro\u00dfchance zum 3:3, deutete an, dass der kreative Tiefschlaf beim BVB vielleicht mal ein Ende hat. In der Defensive bewies K\u00e4mpfer Neven Subotic, wie spielerische Defizite zu \u00fcberwinden sind. Und der zuletzt oft kritisierte Marcel Schmelzer bereitete den ersten BVB-Treffer wunderbar vor.<\/p>\n<p>Au\u00dferdem kann sich das fragile Gebilde Borussia trotz einer verheerenden Vorrunde in der Champions League weiter internationale Ziele setzen. Am Montag wird in Nyon die Runde der letzten 32 der Europa League ausgelost. Dann d\u00fcrfte vergessen sein, dass Dortmunds Minimalisten diesen Trostpreis mit historisch schlechter Ausbeute holten und nur dank der weniger schlechten Tordifferenz gegen\u00fcber Zyperns Fu\u00dfballzwerg APOEL Nikosia. Der BVB scheint es jedenfalls richtig einzuordnen. Sahin sagt: &#8220;Wenn man mit zwei Punkten in die Europa League einzieht, ist das ein Geschenk. Im n\u00e4chsten Jahr m\u00fcssen wir ein anderes Gesicht zeigen.&#8221;<\/p>\n","protected":false},"excerpt":{"rendered":"<p>Borussia Dortmund wehrt sich gegen das drohende Debakel bei Real Madrid und sucht das Positive in der n\u00e4chsten Pleite.<\/p>\n","protected":false},"author":2,"featured_media":0,"comment_status":"open","ping_status":"open","sticky":false,"template":"","format":"standard","meta":{"ngg_post_thumbnail":0,"jetpack_post_was_ever_published":false,"_jetpack_newsletter_access":"","jetpack_publicize_message":"","jetpack_is_tweetstorm":false,"jetpack_publicize_feature_enabled":true,"jetpack_social_post_already_shared":true,"jetpack_social_options":{"image_generator_settings":{"template":"highway","enabled":false}}},"categories":[1,66],"tags":[16,248,251,175,272,75],"jetpack_publicize_connections":[],"jetpack_featured_media_url":"","jetpack_shortlink":"https:\/\/wp.me\/p2zHXD-BI","jetpack_sharing_enabled":true,"jetpack_likes_enabled":true,"_links":{"self":[{"href":"http:\/\/www.athletic-brandao.de\/index.php?rest_route=\/wp\/v2\/posts\/2338"}],"collection":[{"href":"http:\/\/www.athletic-brandao.de\/index.php?rest_route=\/wp\/v2\/posts"}],"about":[{"href":"http:\/\/www.athletic-brandao.de\/index.php?rest_route=\/wp\/v2\/types\/post"}],"author":[{"embeddable":true,"href":"http:\/\/www.athletic-brandao.de\/index.php?rest_route=\/wp\/v2\/users\/2"}],"replies":[{"embeddable":true,"href":"http:\/\/www.athletic-brandao.de\/index.php?rest_route=%2Fwp%2Fv2%2Fcomments&post=2338"}],"version-history":[{"count":3,"href":"http:\/\/www.athletic-brandao.de\/index.php?rest_route=\/wp\/v2\/posts\/2338\/revisions"}],"predecessor-version":[{"id":2430,"href":"http:\/\/www.athletic-brandao.de\/index.php?rest_route=\/wp\/v2\/posts\/2338\/revisions\/2430"}],"wp:attachment":[{"href":"http:\/\/www.athletic-brandao.de\/index.php?rest_route=%2Fwp%2Fv2%2Fmedia&parent=2338"}],"wp:term":[{"taxonomy":"category","embeddable":true,"href":"http:\/\/www.athletic-brandao.de\/index.php?rest_route=%2Fwp%2Fv2%2Fcategories&post=2338"},{"taxonomy":"post_tag","embeddable":true,"href":"http:\/\/www.athletic-brandao.de\/index.php?rest_route=%2Fwp%2Fv2%2Ftags&post=2338"}],"curies":[{"name":"wp","href":"https:\/\/api.w.org\/{rel}","templated":true}]}}