{"id":2397,"date":"2018-08-02T13:04:05","date_gmt":"2018-08-02T11:04:05","guid":{"rendered":"http:\/\/www.athletic-brandao.de\/?p=2397"},"modified":"2018-09-06T10:21:12","modified_gmt":"2018-09-06T08:21:12","slug":"sosthene-moguenara-bereit-fuer-den-grossen-sprung","status":"publish","type":"post","link":"http:\/\/www.athletic-brandao.de\/?p=2397","title":{"rendered":"Moguenara: bereit f\u00fcr den gro\u00dfen Sprung"},"content":{"rendered":"<p>Vorhang auf f\u00fcr die Leichtathletik-EM 2018 in Berlin: Sosthene Moguenara hat das Zeug, einer der Stars im deutschen Team zu werden. Gegen starke Konkurrenz will sich die Weitspringerin einen Traum erf\u00fcllen. <a href=\"https:\/\/www.dfb.de\/news\/detail\/moguenara-bereit-fuer-den-grossen-sprung-189940\/?no_cache=1&#038;cHash=4625504fcd27c6181a2d021b1ef93f98\" rel=\"noopener\" target=\"_blank\">zum Artikel<\/a><\/p>\n","protected":false},"excerpt":{"rendered":"<p>Vorhang auf f\u00fcr die Leichtathletik-EM 2018 in Berlin: Sosthene Moguenara hat das Zeug, einer der Stars im deutschen Team zu werden. Gegen starke Konkurrenz will sich die Weitspringerin einen Traum erf\u00fcllen. zum Artikel<\/p>\n","protected":false},"author":2,"featured_media":0,"comment_status":"open","ping_status":"open","sticky":false,"template":"","format":"standard","meta":{"ngg_post_thumbnail":0,"jetpack_post_was_ever_published":false,"_jetpack_newsletter_access":"","jetpack_publicize_message":"","jetpack_is_tweetstorm":false,"jetpack_publicize_feature_enabled":true,"jetpack_social_post_already_shared":true,"jetpack_social_options":{"image_generator_settings":{"template":"highway","enabled":false}}},"categories":[1,14],"tags":[301,300,299,302],"jetpack_publicize_connections":[],"jetpack_featured_media_url":"","jetpack_shortlink":"https:\/\/wp.me\/p2zHXD-CF","jetpack_sharing_enabled":true,"jetpack_likes_enabled":true,"_links":{"self":[{"href":"http:\/\/www.athletic-brandao.de\/index.php?rest_route=\/wp\/v2\/posts\/2397"}],"collection":[{"href":"http:\/\/www.athletic-brandao.de\/index.php?rest_route=\/wp\/v2\/posts"}],"about":[{"href":"http:\/\/www.athletic-brandao.de\/index.php?rest_route=\/wp\/v2\/types\/post"}],"author":[{"embeddable":true,"href":"http:\/\/www.athletic-brandao.de\/index.php?rest_route=\/wp\/v2\/users\/2"}],"replies":[{"embeddable":true,"href":"http:\/\/www.athletic-brandao.de\/index.php?rest_route=%2Fwp%2Fv2%2Fcomments&post=2397"}],"version-history":[{"count":2,"href":"http:\/\/www.athletic-brandao.de\/index.php?rest_route=\/wp\/v2\/posts\/2397\/revisions"}],"predecessor-version":[{"id":2399,"href":"http:\/\/www.athletic-brandao.de\/index.php?rest_route=\/wp\/v2\/posts\/2397\/revisions\/2399"}],"wp:attachment":[{"href":"http:\/\/www.athletic-brandao.de\/index.php?rest_route=%2Fwp%2Fv2%2Fmedia&parent=2397"}],"wp:term":[{"taxonomy":"category","embeddable":true,"href":"http:\/\/www.athletic-brandao.de\/index.php?rest_route=%2Fwp%2Fv2%2Fcategories&post=2397"},{"taxonomy":"post_tag","embeddable":true,"href":"http:\/\/www.athletic-brandao.de\/index.php?rest_route=%2Fwp%2Fv2%2Ftags&post=2397"}],"curies":[{"name":"wp","href":"https:\/\/api.w.org\/{rel}","templated":true}]}}