{"id":2418,"date":"2018-10-26T09:56:34","date_gmt":"2018-10-26T07:56:34","guid":{"rendered":"http:\/\/www.athletic-brandao.de\/?p=2418"},"modified":"2018-11-09T17:03:58","modified_gmt":"2018-11-09T15:03:58","slug":"watzkes-erstaunlicher-wandel","status":"publish","type":"post","link":"http:\/\/www.athletic-brandao.de\/?p=2418","title":{"rendered":"Watzkes erstaunlicher Wandel"},"content":{"rendered":"<p>Der BVB-Chef hat aus den Fehlern der Vergangenheit gelernt und seine Dortmunder Borussia mit frischem Blick zur\u00fcck auf Kurs gebracht. <!--more--><\/p>\n<p><a href=\"https:\/\/www.zdf.de\/sport\/das-aktuelle-sportstudio\/das-aktuelle-sportstudio-vom-27-oktober-2018-100.html\" rel=\"noopener\" target=\"_blank\">Der Artikel lief am 27. Oktober 2018 bei zdfsport.de<\/a><\/p>\n<p><strong>Zufrieden, aber nicht euphorisch schritt Hans-Joachim Watzke \u00fcber den Platz. Gerade hatte seine runderneuerte Dortmunder Borussia auch international die erste Reifepr\u00fcfung bestanden und die Defensivk\u00fcnstler von Atletico Madrid mit 4:0 aus dem fr\u00fcheren Westfalenstadion geschossen.<\/strong><\/p>\n<p>Am Mittelkreis herzte er Axel Witsel, der die Tor-Gala eingeleitet hatte. Der Belgier war bester Spieler dieses denkw\u00fcrdigen Europapokal-Abends &#8211; und sein Wechsel aus Chinas Operettenliga zu den Westfalen offensichtlich einer von zuletzt vielen guten Kniffen des BVB-Chefs Watzke.<\/p>\n<p><strong>Das BVB-Gef\u00fchl ist wieder da<\/strong><br \/>\nMit makellosen neun Punkten und 8:0-Toren in der Gruppe A steht Dortmund mit einem Bein im Achtelfinale der Champions League. Auch die Bundesliga f\u00fchrt die schwarz-gelbe Torfabrik vorm neunten Spieltag an, mit 27:8 Treffern und 20 Punkten. Die Pflichtspiel-Bilanz bis zur Heimpartie gegen Hertha BSC: zehn Siege und zwei Remis. Wie lange dieser H\u00f6henflug h\u00e4lt und ob der BVB sogar das Zeug zum Titel hat, ist noch nicht absehbar. Aber wichtiger: Die Borussia macht wieder Spa\u00df, die schwarz-gelbe Gemeinde r\u00fcckt nach der entt\u00e4uschenden Vorsaison zusammen. Schon vorm Atletico-Rausch hatte Watzke berichtet: \u201eDas BVB-Gef\u00fchl ist wieder komplett da.\u201c<\/p>\n<p><strong>K\u00f6nigstransfer Witsel<\/strong><br \/>\nEtwa zur Jahreswende 17\/18 muss es Watzke ged\u00e4mmert haben, dass ein grundlegender Wandel bei seinem Herzensklub n\u00f6tig ist. Der spielerische Absturz seit Beginn des 2. Saisondrittels hielt trotz besser werdender Liga-Resultate an. Aus anf\u00e4nglicher Einsicht, das verunsicherte Team \u201epersonell neu zu justieren\u201c wurde bald die Gewissheit, einen echten Umbruch einleiten zu m\u00fcssen. Mit der Verpflichtung von \u201eMentalit\u00e4tsspielern\u201c machte der BVB erste Schritte f\u00fcr mehr Angriffslust, Teamgeist und einen besseren Spielermix aus Routiniers und Youngstern. Der abgebr\u00fchte Witsel wurde so zum K\u00f6nigstransfer, auch Thomas Delaney hat seinen Wert bereits angedeutet.<\/p>\n<p><strong>Favre tut dem Verein gut<\/strong><br \/>\nBei der Aubameyang-Nachfolge lie\u00df sich der Verein weder vom Transferwahnsinn noch vom Boulevard treiben: In Mittelst\u00fcrmer Paco Alcacer fand sich eine sp\u00e4te, aber kreative L\u00f6sung. Dazu bewies der BVB-Chef ein gl\u00fcckliches H\u00e4ndchen bei der Trainerwahl: Lucien Favre tut dem Verein offensichtlich gut mit seiner Liebe zum Detail, dem Glauben an eine spektakul\u00e4re Spielphilosophie und dem Willen, Jungstars wie Sancho, Hakimi und Co. zu f\u00f6rdern. Wenn Favres Verpflichtung schon im ersten Anlauf im Sommer 2017 geklappt h\u00e4tte, w\u00e4ren Watzke vielleicht einige schwere Stunden erspart geblieben.<\/p>\n<p><strong>In der Krise kritikresistent<\/strong><br \/>\nAndererseits war die Katharsis vielleicht auch n\u00f6tig, um Watzkes eigenen Lernprozess anzutreiben. In der Vorsaison hatten selbst Hardcore-Fans schwer an der scheinbaren Hybris des BVB-Chefs zu knabbern. W\u00e4hrend das Team in Europa peinliche Auftritte aneinander reihte, in der Bundesliga das Minimalziel Rang vier in Gefahr geriet und allgemein das Zuschauen zur Qual wurde, b\u00fcgelte Watzke alle Kritik vehement ab: Die drei vorzeitig terminierten Trainer-Experimente mit Tuchel, Bosz und St\u00f6ger redete er sch\u00f6n. Vielleicht auch als Reflex, um seine Mannschaft in Schutz zu nehmen, als die Sp\u00e4tfolgen des Bomben-Attentats auf den BVB-Bus immer deutlicher wurden.<\/p>\n<p><strong>Das eigene Sicherheitsnetz gespannt<\/strong><br \/>\nBei einer Talkshow der \u201eRuhr Nachrichten\u201c etwa schwelgte Watzke lieber in der Erinnerung an die Klopp-\u00c4ra oder br\u00fcstete sich, nicht einmal sein Freund Jose Mourinho k\u00f6nne sich einen Reim auf die R\u00e4tsel-Borussia machen. Mit dem Kurzausflug zum TV-Boulevard war Watzke vermutlich auch nicht gut beraten. Gleichzeitig spann der Boss, der trotz Krisenjahr inklusive Boni gut 2,5 Millionen Euro verdiente, das eigene Sicherheitsnetz und lie\u00df seinen Vertrag vorzeitig bis 2022 verl\u00e4ngern.<\/p>\n<p><strong>Ein frischer Wind im Klub<\/strong><br \/>\nUmso erstaunlicher, dass Watzke zu fr\u00fcherer Souver\u00e4nit\u00e4t zur\u00fcckfand. Mit Sportdirektor Michael Zorc gelangte er offenbar zur Einsicht, den Tanker Borussia nicht mehr alleine steuern zu k\u00f6nnen und \u00f6ffnete sich einer neuen Kritik-Kultur: Matthias Sammer kam als Berater f\u00fcr den frischen Blick von Au\u00dfen. Und als Zorc vorschlug, Klub-Urgestein Sebastian Kehl zum \u201eLeiter der Lizenzspieler\u201c zu machen, war Watzke \u201esehr angetan\u201c. Auch klubintern stie\u00df er den Wandel an. So verpflichtete er die gut 850 Angestellten mit \u201eNullneun Thesen\u201c auf alte BVB-Werte. Und schlie\u00dflich \u00fcberraschte Watzke mit der Ank\u00fcndigung, der Verein wolle k\u00fcnftig auch gesellschaftspolitisch Profil zeigen.<\/p>\n<p><strong>Gro\u00dfe Ziele f\u00fcr den BVB<\/strong><br \/>\nDas sind ambitionierte Projekte. Um die Mannschaft dauerhaft als \u201eLeuchtturm\u201c in der Bundesliga und dar\u00fcber hinaus zu etablieren, muss Watzke wirtschaftliche Weichen stellen. Auch hier hat die vergangene Saison Dellen hinterlassen. Dank lukrativer Spielerverk\u00e4ufe konnte Borussias Macher eine Rekordbilanz pr\u00e4sentieren. Aber transferbereinigt waren Umsatz, Gewinn oder die TV-Erl\u00f6se r\u00fcckl\u00e4ufig. Eine Unternehmensberatung soll den BVB fit machen f\u00fcr Weltmarkt und Digitalisierung, mit einer eigens entwickelten Wachstumsstrategie. Bis 2025 will die Borussia auch ohne Transfers die magische Umsatzmarke von 500 Millionen Euro knacken. Dann k\u00f6nnte Watzke, der die Gesch\u00e4fte nicht bis zum Rentenalter f\u00fchren will, den Staffelstab beruhigt an einen Nachfolger weitergeben.<\/p>\n","protected":false},"excerpt":{"rendered":"<p>Der BVB-Chef hat aus den Fehlern der Vergangenheit gelernt und seine Dortmunder Borussia mit frischem Blick zur\u00fcck auf Kurs gebracht.<\/p>\n","protected":false},"author":2,"featured_media":0,"comment_status":"open","ping_status":"open","sticky":false,"template":"","format":"standard","meta":{"ngg_post_thumbnail":0,"jetpack_post_was_ever_published":false,"_jetpack_newsletter_access":"","jetpack_publicize_message":"","jetpack_is_tweetstorm":false,"jetpack_publicize_feature_enabled":true,"jetpack_social_post_already_shared":true,"jetpack_social_options":{"image_generator_settings":{"template":"highway","enabled":false}}},"categories":[27,14],"tags":[310,16,246,37,309,34,122],"jetpack_publicize_connections":[],"jetpack_featured_media_url":"","jetpack_shortlink":"https:\/\/wp.me\/p2zHXD-D0","jetpack_sharing_enabled":true,"jetpack_likes_enabled":true,"_links":{"self":[{"href":"http:\/\/www.athletic-brandao.de\/index.php?rest_route=\/wp\/v2\/posts\/2418"}],"collection":[{"href":"http:\/\/www.athletic-brandao.de\/index.php?rest_route=\/wp\/v2\/posts"}],"about":[{"href":"http:\/\/www.athletic-brandao.de\/index.php?rest_route=\/wp\/v2\/types\/post"}],"author":[{"embeddable":true,"href":"http:\/\/www.athletic-brandao.de\/index.php?rest_route=\/wp\/v2\/users\/2"}],"replies":[{"embeddable":true,"href":"http:\/\/www.athletic-brandao.de\/index.php?rest_route=%2Fwp%2Fv2%2Fcomments&post=2418"}],"version-history":[{"count":4,"href":"http:\/\/www.athletic-brandao.de\/index.php?rest_route=\/wp\/v2\/posts\/2418\/revisions"}],"predecessor-version":[{"id":2423,"href":"http:\/\/www.athletic-brandao.de\/index.php?rest_route=\/wp\/v2\/posts\/2418\/revisions\/2423"}],"wp:attachment":[{"href":"http:\/\/www.athletic-brandao.de\/index.php?rest_route=%2Fwp%2Fv2%2Fmedia&parent=2418"}],"wp:term":[{"taxonomy":"category","embeddable":true,"href":"http:\/\/www.athletic-brandao.de\/index.php?rest_route=%2Fwp%2Fv2%2Fcategories&post=2418"},{"taxonomy":"post_tag","embeddable":true,"href":"http:\/\/www.athletic-brandao.de\/index.php?rest_route=%2Fwp%2Fv2%2Ftags&post=2418"}],"curies":[{"name":"wp","href":"https:\/\/api.w.org\/{rel}","templated":true}]}}