{"id":2471,"date":"2019-05-04T16:48:00","date_gmt":"2019-05-04T14:48:00","guid":{"rendered":"http:\/\/www.athletic-brandao.de\/?p=2471"},"modified":"2019-05-17T08:01:12","modified_gmt":"2019-05-17T06:01:12","slug":"gesucht-leader-fuer-den-bvb-endspurt","status":"publish","type":"post","link":"http:\/\/www.athletic-brandao.de\/?p=2471","title":{"rendered":"Gesucht: Leader f\u00fcr den BVB-Endspurt"},"content":{"rendered":"<p>Wer treibt Borussia Dortmund anstelle des gesperrten Kapit\u00e4ns Marco Reus ins Saisonfinale? Nicht nur die Meisterschaft h\u00e4ngt davon ab.<!--more--><\/p>\n<p>Der Artikel bei <a href=\"https:\/\/www.zdf.de\/sport\/das-aktuelle-sportstudio\/fussball-bundesliga-vorschau-werder-bremen-borussia-dortmund-102.html\" rel=\"noopener\" target=\"_blank\">zdfsport.de<\/a><\/p>\n<p><strong>Der Kampf um den Liga-Titel ist noch nicht entschieden, doch der um die Deutungshoheit dieser Achterbahn-Saison von Borussia Dortmund bereits in vollem Gange. Sportdirektor Michael Zorc jedenfalls f\u00fchlte sich schon vorm drittletzten Spieltag, vorm Auftritt des BVB bei Werder Bremen bem\u00fc\u00dfigt, seinen Trainer vor \u00f6ffentlicher Kritik zu sch\u00fctzen.<\/strong><\/p>\n<p>\u201eWir gehen mit Lucien Favre definitiv in die neue Saison, versicherte Zorc im \u201ekicker\u201c, nachdem der Ton im Boulevard j\u00fcngst aufgrund der herben Derby-Pleite extrem an Sch\u00e4rfe gewonnen hatte.<\/p>\n<p><strong>Der letzte Eindruck bleibt<\/strong><br \/>\n\u201eWahnsinn auf Westf\u00e4lisch\u201c, so die \u201eRuhr Nachrichten&#8221;, den Coach eines Tabellenzweiten infrage zu stellen. Es ist Favres Fluch der guten Tat: Vom Umbruch spricht bei der Borussia schon lange keiner mehr, weil die Hinrunde unerwartet nahezu perfekt geriet. Schon jetzt steht fest, dass der Trainer die mit Fragezeichen in die Saison gestarteten Schwarz-Gelben im Deb\u00fctjahr mindestens auf Rang drei f\u00fchren wird. Doch der letzte Eindruck bleibt, und der zeigt einen BVB, der zu gr\u00fcn war f\u00fcr die K.-o.-Runde der K\u00f6nigsklasse, im DFB-Pokal einen Heimspiel-Vorteil wegwarf und auf dem besten Weg ist, den Liga-Titel trotz zwischenzeitlich neun Punkten Vorsprung zu verspielen.<\/p>\n<p><strong>Abo-Meister M\u00fcnchen n\u00e4her am Ziel<\/strong><br \/>\nEs ist paradox: Nach den Wirren der Vergangenheit w\u00e4re selbst die Vizemeisterschaft ein gro\u00dfer Erfolg f\u00fcr Dortmund. Doch mit ihrer merkw\u00fcrdig saft- und kraftlosen R\u00fcckrunde k\u00f6nnte der BVB die Saison gef\u00fchlt noch entwerten. Ein schlechtes Signal f\u00fcr den ambitionierten Revierklub, \u00fcber diese Spielzeit hinaus. Allein deshalb ist es wichtig, dass sich die Mannschaft zusammenrei\u00dft und angriffslustig und selbstbewusst aus der Spielzeit steigt. Ganz unabh\u00e4ngig davon, ob der Titel nun doch wieder an den Abo-Meister FC Bayern geht, der zwei Z\u00e4hler n\u00e4her am Ziel ist.<\/p>\n<p><strong>Wer wird K\u00e4mpfer Kehl beherzigen?<\/strong><br \/>\n\u201eWir werden bis zum Schluss alles geben. Das ist Teil unserer DNA\u201c, verk\u00fcndet Sebastian Kehl. Auch der Lizenzspieler-Chef ist um die Deutungshoheit bem\u00fcht, die nach Favres emotionaler und etwas voreiliger Kapitulation im Meisterrennen auf der Kippe steht. Doch welches der anfangs so oft ger\u00fchmten \u201eMentalit\u00e4tsmonster\u201c wird K\u00e4mpfer Kehls Worte beherzigen? Die Spieler m\u00fcssen sich schon gegen freche Bremer daran messen lassen. An Werders Qualit\u00e4ten werden sie sich indes nach ihrer DFB-Pokalpleite nur ungern erinnern.<\/p>\n<p><strong>Witsel schippert vor sich hin<\/strong><br \/>\nEs gibt einige Kandidaten, die beim BVB vorangehen k\u00f6nnten. Doch alle schleppen ihre eigenen Probleme mit in den Endspurt. Axel Witsel etwa hat in der ersten Saisonh\u00e4lfte das Geschehen auf dem Platz nahezu dominiert. Doch zuletzt wurde er seinem Spitznamen \u201eSchaluppe\u201c in negativer Weise gerecht. Der Belgier schippert nicht mehr ausgeglichen den Wellen trotzend \u00fcber den Platz, sondern oft Leinen los, kaum Land in Sicht. Es scheint, als sehne er die Sommerpause herbei. Mehr Drive ging von seinem dynamischen Mittelfeldpartner Thomas Delaney aus, obwohl der technisch l\u00e4ngst nicht so versiert ist. Der fr\u00fchere Bremer k\u00f6nnte bei der R\u00fcckkehr an die alte Wirkungsst\u00e4tte ein wichtiger Aktivposten sein.<\/p>\n<p><strong>Torwart B\u00fcrki geht voran<\/strong><br \/>\nFormell wird Manuel Akanji f\u00fcr Marco Reus als Kapit\u00e4n einspringen, der nach seiner Rotsperre im Derby erst beim Saisonfinale in Gladbach wieder eingreifen darf. Aber ob Akanji wie Reus als Herz der Mannschaft auftritt, ist eher fraglich. Der Abwehrchef lie\u00df sich zuletzt von der Nervosit\u00e4t der Nebenleute anstecken und konnte nicht die dramatischen Defensiv-Defizite bei Standards l\u00f6sen helfen. Torwart Roman B\u00fcrki spielt eine \u00fcberragende Saison und geht in Sachen Top-Einstellung voran: Immer wieder unterst\u00fctzte er Reus bei der selbstkritischen Fehleranalyse. Aber aufgrund seiner Spielposition bleibt sein Einfluss auf dem Rasen zwangsl\u00e4ufig eingeschr\u00e4nkt.<\/p>\n<p><strong>W\u00e4chst G\u00f6tze an der Aufgabe?<\/strong><br \/>\nBleibt Comeback-Kid Mario G\u00f6tze, neben Reus, B\u00fcrki und Shooting-Star Jadon Sancho einer der konstantesten und besten Spieler in der oft entt\u00e4uschenden zweiten Halbserie. Mit f\u00fcnf Treffern und vier Vorlagen liegt er in der R\u00fcckrunde bei Torbeteiligungen sogar gleichauf mit Offensivstar Reus (6\/3). Der WM-Held von 2014 hat als giftige Pressing-Spitze \u00fcberzeugt und als Ballverteiler in der Zentrale gegl\u00e4nzt.<\/p>\n<p>Dort ist er nun der Hoffnungstr\u00e4ger, um als Reus-Double St\u00fcrmer Paco Alcacer mit Vorlagen zu f\u00fcttern. F\u00fcr Leader-Qualit\u00e4ten ist der 26-J\u00e4hrige bislang zwar nicht gro\u00df bekannt, aber vielleicht w\u00e4chst der zum Routinier gereifte G\u00f6tze an dieser Aufgabe. Den Kampf um die Deutungshoheit \u00fcber diese Saison hat er bereits aufgenommen. Via sozialer Medien h\u00e4lt G\u00f6tze die kleine Titelchance am Leben und titelt: \u201eAlles ist noch m\u00f6glich.\u201c<\/p>\n","protected":false},"excerpt":{"rendered":"<p>Wer treibt Borussia Dortmund anstelle des gesperrten Kapit\u00e4ns Marco Reus ins Saisonfinale? Nicht nur die Meisterschaft h\u00e4ngt davon ab.<\/p>\n","protected":false},"author":2,"featured_media":0,"comment_status":"open","ping_status":"open","sticky":false,"template":"","format":"standard","meta":{"ngg_post_thumbnail":0,"jetpack_post_was_ever_published":false,"_jetpack_newsletter_access":"","jetpack_publicize_message":"","jetpack_is_tweetstorm":false,"jetpack_publicize_feature_enabled":true,"jetpack_social_post_already_shared":true,"jetpack_social_options":{"image_generator_settings":{"template":"highway","enabled":false}}},"categories":[27,14],"tags":[310,16,246,211,44,325,49],"jetpack_publicize_connections":[],"jetpack_featured_media_url":"","jetpack_shortlink":"https:\/\/wp.me\/p2zHXD-DR","jetpack_sharing_enabled":true,"jetpack_likes_enabled":true,"_links":{"self":[{"href":"http:\/\/www.athletic-brandao.de\/index.php?rest_route=\/wp\/v2\/posts\/2471"}],"collection":[{"href":"http:\/\/www.athletic-brandao.de\/index.php?rest_route=\/wp\/v2\/posts"}],"about":[{"href":"http:\/\/www.athletic-brandao.de\/index.php?rest_route=\/wp\/v2\/types\/post"}],"author":[{"embeddable":true,"href":"http:\/\/www.athletic-brandao.de\/index.php?rest_route=\/wp\/v2\/users\/2"}],"replies":[{"embeddable":true,"href":"http:\/\/www.athletic-brandao.de\/index.php?rest_route=%2Fwp%2Fv2%2Fcomments&post=2471"}],"version-history":[{"count":2,"href":"http:\/\/www.athletic-brandao.de\/index.php?rest_route=\/wp\/v2\/posts\/2471\/revisions"}],"predecessor-version":[{"id":2473,"href":"http:\/\/www.athletic-brandao.de\/index.php?rest_route=\/wp\/v2\/posts\/2471\/revisions\/2473"}],"wp:attachment":[{"href":"http:\/\/www.athletic-brandao.de\/index.php?rest_route=%2Fwp%2Fv2%2Fmedia&parent=2471"}],"wp:term":[{"taxonomy":"category","embeddable":true,"href":"http:\/\/www.athletic-brandao.de\/index.php?rest_route=%2Fwp%2Fv2%2Fcategories&post=2471"},{"taxonomy":"post_tag","embeddable":true,"href":"http:\/\/www.athletic-brandao.de\/index.php?rest_route=%2Fwp%2Fv2%2Ftags&post=2471"}],"curies":[{"name":"wp","href":"https:\/\/api.w.org\/{rel}","templated":true}]}}