{"id":2510,"date":"2020-02-08T12:20:26","date_gmt":"2020-02-08T10:20:26","guid":{"rendered":"http:\/\/www.athletic-brandao.de\/?p=2510"},"modified":"2020-02-19T12:45:29","modified_gmt":"2020-02-19T10:45:29","slug":"gesucht-ein-alternativ-antrieb","status":"publish","type":"post","link":"http:\/\/www.athletic-brandao.de\/?p=2510","title":{"rendered":"Gesucht: ein Alternativ-Antrieb"},"content":{"rendered":"<p>Rund um den BVB wird emotional diskutiert, ob der Ausfall von Kapit\u00e4n Marco Reus \u00fcberhaupt schadet. Schon im Topspiel bei Bayer Leverkusen ist ein erster Beweis f\u00e4llig. <a href=\"https:\/\/www.zdf.de\/sport\/bvb-gegen-leverkusen-ohne-reus-100.html\" rel=\"noopener\" target=\"_blank\">zum Artikel<\/a><\/p>\n","protected":false},"excerpt":{"rendered":"<p>Rund um den BVB wird emotional diskutiert, ob der Ausfall von Kapit\u00e4n Marco Reus \u00fcberhaupt schadet. Schon im Topspiel bei Bayer Leverkusen ist ein erster Beweis f\u00e4llig. zum Artikel<\/p>\n","protected":false},"author":2,"featured_media":0,"comment_status":"open","ping_status":"open","sticky":false,"template":"","format":"standard","meta":{"ngg_post_thumbnail":0,"jetpack_post_was_ever_published":false,"_jetpack_newsletter_access":"","jetpack_publicize_message":"","jetpack_is_tweetstorm":false,"jetpack_publicize_feature_enabled":true,"jetpack_social_post_already_shared":true,"jetpack_social_options":{"image_generator_settings":{"template":"highway","enabled":false}}},"categories":[27,14],"tags":[141,16,37,337,330,40],"jetpack_publicize_connections":[],"jetpack_featured_media_url":"","jetpack_shortlink":"https:\/\/wp.me\/p2zHXD-Eu","jetpack_sharing_enabled":true,"jetpack_likes_enabled":true,"_links":{"self":[{"href":"http:\/\/www.athletic-brandao.de\/index.php?rest_route=\/wp\/v2\/posts\/2510"}],"collection":[{"href":"http:\/\/www.athletic-brandao.de\/index.php?rest_route=\/wp\/v2\/posts"}],"about":[{"href":"http:\/\/www.athletic-brandao.de\/index.php?rest_route=\/wp\/v2\/types\/post"}],"author":[{"embeddable":true,"href":"http:\/\/www.athletic-brandao.de\/index.php?rest_route=\/wp\/v2\/users\/2"}],"replies":[{"embeddable":true,"href":"http:\/\/www.athletic-brandao.de\/index.php?rest_route=%2Fwp%2Fv2%2Fcomments&post=2510"}],"version-history":[{"count":1,"href":"http:\/\/www.athletic-brandao.de\/index.php?rest_route=\/wp\/v2\/posts\/2510\/revisions"}],"predecessor-version":[{"id":2511,"href":"http:\/\/www.athletic-brandao.de\/index.php?rest_route=\/wp\/v2\/posts\/2510\/revisions\/2511"}],"wp:attachment":[{"href":"http:\/\/www.athletic-brandao.de\/index.php?rest_route=%2Fwp%2Fv2%2Fmedia&parent=2510"}],"wp:term":[{"taxonomy":"category","embeddable":true,"href":"http:\/\/www.athletic-brandao.de\/index.php?rest_route=%2Fwp%2Fv2%2Fcategories&post=2510"},{"taxonomy":"post_tag","embeddable":true,"href":"http:\/\/www.athletic-brandao.de\/index.php?rest_route=%2Fwp%2Fv2%2Ftags&post=2510"}],"curies":[{"name":"wp","href":"https:\/\/api.w.org\/{rel}","templated":true}]}}