{"id":2526,"date":"2020-09-21T14:54:59","date_gmt":"2020-09-21T12:54:59","guid":{"rendered":"http:\/\/www.athletic-brandao.de\/?p=2526"},"modified":"2020-09-29T10:13:05","modified_gmt":"2020-09-29T08:13:05","slug":"passlack-ueberzeugt-als-nothilfe","status":"publish","type":"post","link":"http:\/\/www.athletic-brandao.de\/?p=2526","title":{"rendered":"Vom Abstellgleis ins Rampenlicht"},"content":{"rendered":"<p>Das etwas andere Bundesliga-Comeback: F\u00fcr Felix Passlack ist eigentlich gar kein Platz mehr bei Borussia Dortmund, doch gegen Gladbach meldet er sich pl\u00f6tzlich auf der gro\u00dfen B\u00fchne zur\u00fcck. Seine gute Leistung d\u00fcrften m\u00f6gliche Interessenten wohlwollend registriert haben &#8211; zumal beim BVB weitere Chancen winken. <a href=\"https:\/\/www.spox.com\/de\/sport\/fussball\/bundesliga\/saison2020-2021\/spieltag-1\/borussia-dortmund-borussia-moenchengladbach\/felix-passlack-ueberzeugt-als-bvb-nothilfe-ein-fettes-bewerbungsschreiben-aber-fuer-wen-borussia-dortmund-ftr.html\" rel=\"noopener\" target=\"_blank\">zum Artikel<\/a><\/p>\n","protected":false},"excerpt":{"rendered":"<p>Das etwas andere Bundesliga-Comeback: F\u00fcr Felix Passlack ist eigentlich gar kein Platz mehr bei Borussia Dortmund, doch gegen Gladbach meldet er sich pl\u00f6tzlich auf der gro\u00dfen B\u00fchne zur\u00fcck. Seine gute Leistung d\u00fcrften m\u00f6gliche Interessenten wohlwollend registriert haben &#8211; zumal beim &hellip; <a href=\"http:\/\/www.athletic-brandao.de\/?p=2526\">Weiterlesen <span class=\"meta-nav\">&rarr;<\/span><\/a><\/p>\n","protected":false},"author":2,"featured_media":0,"comment_status":"open","ping_status":"open","sticky":false,"template":"","format":"standard","meta":{"ngg_post_thumbnail":0,"jetpack_post_was_ever_published":false,"_jetpack_newsletter_access":"","jetpack_publicize_message":"","jetpack_is_tweetstorm":false,"jetpack_publicize_feature_enabled":true,"jetpack_social_post_already_shared":true,"jetpack_social_options":{"image_generator_settings":{"template":"highway","enabled":false}}},"categories":[27,14],"tags":[16,197,246,235,346,345,211,331],"jetpack_publicize_connections":[],"jetpack_featured_media_url":"","jetpack_shortlink":"https:\/\/wp.me\/p2zHXD-EK","jetpack_sharing_enabled":true,"jetpack_likes_enabled":true,"_links":{"self":[{"href":"http:\/\/www.athletic-brandao.de\/index.php?rest_route=\/wp\/v2\/posts\/2526"}],"collection":[{"href":"http:\/\/www.athletic-brandao.de\/index.php?rest_route=\/wp\/v2\/posts"}],"about":[{"href":"http:\/\/www.athletic-brandao.de\/index.php?rest_route=\/wp\/v2\/types\/post"}],"author":[{"embeddable":true,"href":"http:\/\/www.athletic-brandao.de\/index.php?rest_route=\/wp\/v2\/users\/2"}],"replies":[{"embeddable":true,"href":"http:\/\/www.athletic-brandao.de\/index.php?rest_route=%2Fwp%2Fv2%2Fcomments&post=2526"}],"version-history":[{"count":2,"href":"http:\/\/www.athletic-brandao.de\/index.php?rest_route=\/wp\/v2\/posts\/2526\/revisions"}],"predecessor-version":[{"id":2528,"href":"http:\/\/www.athletic-brandao.de\/index.php?rest_route=\/wp\/v2\/posts\/2526\/revisions\/2528"}],"wp:attachment":[{"href":"http:\/\/www.athletic-brandao.de\/index.php?rest_route=%2Fwp%2Fv2%2Fmedia&parent=2526"}],"wp:term":[{"taxonomy":"category","embeddable":true,"href":"http:\/\/www.athletic-brandao.de\/index.php?rest_route=%2Fwp%2Fv2%2Fcategories&post=2526"},{"taxonomy":"post_tag","embeddable":true,"href":"http:\/\/www.athletic-brandao.de\/index.php?rest_route=%2Fwp%2Fv2%2Ftags&post=2526"}],"curies":[{"name":"wp","href":"https:\/\/api.w.org\/{rel}","templated":true}]}}