{"id":2545,"date":"2020-11-08T11:25:08","date_gmt":"2020-11-08T09:25:08","guid":{"rendered":"http:\/\/www.athletic-brandao.de\/?p=2545"},"modified":"2020-11-24T10:59:28","modified_gmt":"2020-11-24T08:59:28","slug":"flick-waere-schoen-wenn-alaba-weiter-hier-spielt","status":"publish","type":"post","link":"http:\/\/www.athletic-brandao.de\/?p=2545","title":{"rendered":"&#8220;W\u00e4re sch\u00f6n, wenn Alaba weiter hier spielt&#8221;"},"content":{"rendered":"<p>Nach dem Sieg bei Borussia Dortmund hofft Bayern-Trainer Hansi Flick, seinen Abwehrstar David Alaba doch noch halten zu k\u00f6nnen. Den Erfolg im Spitzenspiel haben sich die M\u00fcnchner wom\u00f6glich teuer erkauft. <a href=\"https:\/\/www.zdf.de\/nachrichten\/sport\/fussball-bundesliga-flick-alaba-100.html\" rel=\"noopener\" target=\"_blank\">zum Artikel<\/a><\/p>\n","protected":false},"excerpt":{"rendered":"<p>Nach dem Sieg bei Borussia Dortmund hofft Bayern-Trainer Hansi Flick, seinen Abwehrstar David Alaba doch noch halten zu k\u00f6nnen. Den Erfolg im Spitzenspiel haben sich die M\u00fcnchner wom\u00f6glich teuer erkauft. zum Artikel<\/p>\n","protected":false},"author":2,"featured_media":0,"comment_status":"open","ping_status":"open","sticky":false,"template":"","format":"standard","meta":{"ngg_post_thumbnail":0,"jetpack_post_was_ever_published":false,"_jetpack_newsletter_access":"","jetpack_publicize_message":"","jetpack_is_tweetstorm":false,"jetpack_publicize_feature_enabled":true,"jetpack_social_post_already_shared":true,"jetpack_social_options":{"image_generator_settings":{"template":"highway","enabled":false}}},"categories":[27,14],"tags":[16,246,353,48,352,354],"jetpack_publicize_connections":[],"jetpack_featured_media_url":"","jetpack_shortlink":"https:\/\/wp.me\/p2zHXD-F3","jetpack_sharing_enabled":true,"jetpack_likes_enabled":true,"_links":{"self":[{"href":"http:\/\/www.athletic-brandao.de\/index.php?rest_route=\/wp\/v2\/posts\/2545"}],"collection":[{"href":"http:\/\/www.athletic-brandao.de\/index.php?rest_route=\/wp\/v2\/posts"}],"about":[{"href":"http:\/\/www.athletic-brandao.de\/index.php?rest_route=\/wp\/v2\/types\/post"}],"author":[{"embeddable":true,"href":"http:\/\/www.athletic-brandao.de\/index.php?rest_route=\/wp\/v2\/users\/2"}],"replies":[{"embeddable":true,"href":"http:\/\/www.athletic-brandao.de\/index.php?rest_route=%2Fwp%2Fv2%2Fcomments&post=2545"}],"version-history":[{"count":2,"href":"http:\/\/www.athletic-brandao.de\/index.php?rest_route=\/wp\/v2\/posts\/2545\/revisions"}],"predecessor-version":[{"id":2547,"href":"http:\/\/www.athletic-brandao.de\/index.php?rest_route=\/wp\/v2\/posts\/2545\/revisions\/2547"}],"wp:attachment":[{"href":"http:\/\/www.athletic-brandao.de\/index.php?rest_route=%2Fwp%2Fv2%2Fmedia&parent=2545"}],"wp:term":[{"taxonomy":"category","embeddable":true,"href":"http:\/\/www.athletic-brandao.de\/index.php?rest_route=%2Fwp%2Fv2%2Fcategories&post=2545"},{"taxonomy":"post_tag","embeddable":true,"href":"http:\/\/www.athletic-brandao.de\/index.php?rest_route=%2Fwp%2Fv2%2Ftags&post=2545"}],"curies":[{"name":"wp","href":"https:\/\/api.w.org\/{rel}","templated":true}]}}