{"id":2603,"date":"2021-10-03T18:51:32","date_gmt":"2021-10-03T16:51:32","guid":{"rendered":"http:\/\/www.athletic-brandao.de\/?p=2603"},"modified":"2021-10-17T12:02:54","modified_gmt":"2021-10-17T10:02:54","slug":"zwei-offensivstars-kriegen-die-kurve","status":"publish","type":"post","link":"http:\/\/www.athletic-brandao.de\/?p=2603","title":{"rendered":"Zwei Offensivstars kriegen die Kurve"},"content":{"rendered":"<p>Die Auftritte von Julian Brandt und Donyell Malen machen Hoffnung. Doch es gibt auch Murmeltier-Momente, f\u00fcr die der wackelige BVB von Trainer Marco Rose die Deutungshoheit zur\u00fcckerobern will. Drei Thesen zum Dortmunder Arbeitssieg \u00fcber den FC Augsburg. <a href=\"https:\/\/www.spox.com\/de\/sport\/fussball\/bundesliga\/2110\/Artikel\/thesen-bvb-sieg-augsburg-rose-verkauft-stillstand-als-fortschritt.html\" rel=\"noopener\" target=\"_blank\">zum Artikel<\/a><\/p>\n","protected":false},"excerpt":{"rendered":"<p>Die Auftritte von Julian Brandt und Donyell Malen machen Hoffnung. Doch es gibt auch Murmeltier-Momente, f\u00fcr die der wackelige BVB von Trainer Marco Rose die Deutungshoheit zur\u00fcckerobern will. Drei Thesen zum Dortmunder Arbeitssieg \u00fcber den FC Augsburg. zum Artikel<\/p>\n","protected":false},"author":2,"featured_media":0,"comment_status":"open","ping_status":"open","sticky":false,"template":"","format":"standard","meta":{"ngg_post_thumbnail":0,"jetpack_post_was_ever_published":false,"_jetpack_newsletter_access":"","jetpack_publicize_message":"","jetpack_is_tweetstorm":false,"jetpack_publicize_feature_enabled":true,"jetpack_social_post_already_shared":true,"jetpack_social_options":{"image_generator_settings":{"template":"highway","enabled":false}}},"categories":[27,14],"tags":[16,37,366,330,362],"jetpack_publicize_connections":[],"jetpack_featured_media_url":"","jetpack_shortlink":"https:\/\/wp.me\/p2zHXD-FZ","jetpack_sharing_enabled":true,"jetpack_likes_enabled":true,"_links":{"self":[{"href":"http:\/\/www.athletic-brandao.de\/index.php?rest_route=\/wp\/v2\/posts\/2603"}],"collection":[{"href":"http:\/\/www.athletic-brandao.de\/index.php?rest_route=\/wp\/v2\/posts"}],"about":[{"href":"http:\/\/www.athletic-brandao.de\/index.php?rest_route=\/wp\/v2\/types\/post"}],"author":[{"embeddable":true,"href":"http:\/\/www.athletic-brandao.de\/index.php?rest_route=\/wp\/v2\/users\/2"}],"replies":[{"embeddable":true,"href":"http:\/\/www.athletic-brandao.de\/index.php?rest_route=%2Fwp%2Fv2%2Fcomments&post=2603"}],"version-history":[{"count":4,"href":"http:\/\/www.athletic-brandao.de\/index.php?rest_route=\/wp\/v2\/posts\/2603\/revisions"}],"predecessor-version":[{"id":2607,"href":"http:\/\/www.athletic-brandao.de\/index.php?rest_route=\/wp\/v2\/posts\/2603\/revisions\/2607"}],"wp:attachment":[{"href":"http:\/\/www.athletic-brandao.de\/index.php?rest_route=%2Fwp%2Fv2%2Fmedia&parent=2603"}],"wp:term":[{"taxonomy":"category","embeddable":true,"href":"http:\/\/www.athletic-brandao.de\/index.php?rest_route=%2Fwp%2Fv2%2Fcategories&post=2603"},{"taxonomy":"post_tag","embeddable":true,"href":"http:\/\/www.athletic-brandao.de\/index.php?rest_route=%2Fwp%2Fv2%2Ftags&post=2603"}],"curies":[{"name":"wp","href":"https:\/\/api.w.org\/{rel}","templated":true}]}}