{"id":2623,"date":"2021-11-22T10:23:24","date_gmt":"2021-11-22T08:23:24","guid":{"rendered":"http:\/\/www.athletic-brandao.de\/?p=2623"},"modified":"2021-11-24T18:07:22","modified_gmt":"2021-11-24T16:07:22","slug":"scheinriese-oder-titelkandidat","status":"publish","type":"post","link":"http:\/\/www.athletic-brandao.de\/?p=2623","title":{"rendered":"Scheinriese oder Titelkandidat?"},"content":{"rendered":"<p>Nach dem Arbeitssieg \u00fcber den frechen VfB Stuttgart steht Borussia Dortmund gl\u00e4nzend da &#8211; rein formal gesehen. Dabei wirft der BVB unendlich viele R\u00e4tsel auf. Die Formkurve von Kapit\u00e4n Marco Reus ist nur das gr\u00f6\u00dfte davon. <a href=\"https:\/\/www.spox.com\/de\/sport\/fussball\/bundesliga\/saison2021-2022\/spieltag-12\/borussia-dortmund-vfb-stuttgart\/bvb-mehr-scheinriese-als-titelkandidat-ftr.html\" rel=\"noopener\" target=\"_blank\">zum Artikel<\/a><\/p>\n","protected":false},"excerpt":{"rendered":"<p>Nach dem Arbeitssieg \u00fcber den frechen VfB Stuttgart steht Borussia Dortmund gl\u00e4nzend da &#8211; rein formal gesehen. Dabei wirft der BVB unendlich viele R\u00e4tsel auf. Die Formkurve von Kapit\u00e4n Marco Reus ist nur das gr\u00f6\u00dfte davon. zum Artikel<\/p>\n","protected":false},"author":2,"featured_media":0,"comment_status":"open","ping_status":"open","sticky":false,"template":"","format":"standard","meta":{"ngg_post_thumbnail":0,"jetpack_post_was_ever_published":false,"_jetpack_newsletter_access":"","jetpack_publicize_message":"","jetpack_is_tweetstorm":false,"jetpack_publicize_feature_enabled":true,"jetpack_social_post_already_shared":true,"jetpack_social_options":{"image_generator_settings":{"template":"highway","enabled":false}}},"categories":[27,14],"tags":[16,246,37,366,342,40,362,158],"jetpack_publicize_connections":[],"jetpack_featured_media_url":"","jetpack_shortlink":"https:\/\/wp.me\/p2zHXD-Gj","jetpack_sharing_enabled":true,"jetpack_likes_enabled":true,"_links":{"self":[{"href":"http:\/\/www.athletic-brandao.de\/index.php?rest_route=\/wp\/v2\/posts\/2623"}],"collection":[{"href":"http:\/\/www.athletic-brandao.de\/index.php?rest_route=\/wp\/v2\/posts"}],"about":[{"href":"http:\/\/www.athletic-brandao.de\/index.php?rest_route=\/wp\/v2\/types\/post"}],"author":[{"embeddable":true,"href":"http:\/\/www.athletic-brandao.de\/index.php?rest_route=\/wp\/v2\/users\/2"}],"replies":[{"embeddable":true,"href":"http:\/\/www.athletic-brandao.de\/index.php?rest_route=%2Fwp%2Fv2%2Fcomments&post=2623"}],"version-history":[{"count":1,"href":"http:\/\/www.athletic-brandao.de\/index.php?rest_route=\/wp\/v2\/posts\/2623\/revisions"}],"predecessor-version":[{"id":2624,"href":"http:\/\/www.athletic-brandao.de\/index.php?rest_route=\/wp\/v2\/posts\/2623\/revisions\/2624"}],"wp:attachment":[{"href":"http:\/\/www.athletic-brandao.de\/index.php?rest_route=%2Fwp%2Fv2%2Fmedia&parent=2623"}],"wp:term":[{"taxonomy":"category","embeddable":true,"href":"http:\/\/www.athletic-brandao.de\/index.php?rest_route=%2Fwp%2Fv2%2Fcategories&post=2623"},{"taxonomy":"post_tag","embeddable":true,"href":"http:\/\/www.athletic-brandao.de\/index.php?rest_route=%2Fwp%2Fv2%2Ftags&post=2623"}],"curies":[{"name":"wp","href":"https:\/\/api.w.org\/{rel}","templated":true}]}}