{"id":2661,"date":"2022-08-06T09:04:09","date_gmt":"2022-08-06T07:04:09","guid":{"rendered":"http:\/\/www.athletic-brandao.de\/?p=2661"},"modified":"2022-08-07T16:17:45","modified_gmt":"2022-08-07T14:17:45","slug":"kehl-schraubt-am-gesellenstueck","status":"publish","type":"post","link":"http:\/\/www.athletic-brandao.de\/?p=2661","title":{"rendered":"Kehl schraubt am Gesellenst\u00fcck"},"content":{"rendered":"<p>Er muss noch einen St\u00fcrmer finden, einige Transfermillionen erzielen und zwei weitere Baustellen schlie\u00dfen &#8211; mindestens. Die Arbeit f\u00fcr Dortmunds neuen Sportdirektor f\u00e4ngt gerade erst an. <a href=\"https:\/\/www.zdf.de\/nachrichten\/sport\/fussball-bundesliga-borussia-dortmund-kehl-100.html\" rel=\"noopener\" target=\"_blank\">zum Artikel<\/a><\/p>\n","protected":false},"excerpt":{"rendered":"<p>Er muss noch einen St\u00fcrmer finden, einige Transfermillionen erzielen und zwei weitere Baustellen schlie\u00dfen &#8211; mindestens. Die Arbeit f\u00fcr Dortmunds neuen Sportdirektor f\u00e4ngt gerade erst an. zum Artikel<\/p>\n","protected":false},"author":2,"featured_media":0,"comment_status":"open","ping_status":"open","sticky":false,"template":"","format":"standard","meta":{"ngg_post_thumbnail":0,"jetpack_post_was_ever_published":false,"_jetpack_newsletter_access":"","jetpack_publicize_message":"","jetpack_is_tweetstorm":false,"jetpack_publicize_feature_enabled":true,"jetpack_social_post_already_shared":true,"jetpack_social_options":{"image_generator_settings":{"template":"highway","enabled":false}}},"categories":[27,14],"tags":[141,16,246,390,195],"jetpack_publicize_connections":[],"jetpack_featured_media_url":"","jetpack_shortlink":"https:\/\/wp.me\/p2zHXD-GV","jetpack_sharing_enabled":true,"jetpack_likes_enabled":true,"_links":{"self":[{"href":"http:\/\/www.athletic-brandao.de\/index.php?rest_route=\/wp\/v2\/posts\/2661"}],"collection":[{"href":"http:\/\/www.athletic-brandao.de\/index.php?rest_route=\/wp\/v2\/posts"}],"about":[{"href":"http:\/\/www.athletic-brandao.de\/index.php?rest_route=\/wp\/v2\/types\/post"}],"author":[{"embeddable":true,"href":"http:\/\/www.athletic-brandao.de\/index.php?rest_route=\/wp\/v2\/users\/2"}],"replies":[{"embeddable":true,"href":"http:\/\/www.athletic-brandao.de\/index.php?rest_route=%2Fwp%2Fv2%2Fcomments&post=2661"}],"version-history":[{"count":1,"href":"http:\/\/www.athletic-brandao.de\/index.php?rest_route=\/wp\/v2\/posts\/2661\/revisions"}],"predecessor-version":[{"id":2662,"href":"http:\/\/www.athletic-brandao.de\/index.php?rest_route=\/wp\/v2\/posts\/2661\/revisions\/2662"}],"wp:attachment":[{"href":"http:\/\/www.athletic-brandao.de\/index.php?rest_route=%2Fwp%2Fv2%2Fmedia&parent=2661"}],"wp:term":[{"taxonomy":"category","embeddable":true,"href":"http:\/\/www.athletic-brandao.de\/index.php?rest_route=%2Fwp%2Fv2%2Fcategories&post=2661"},{"taxonomy":"post_tag","embeddable":true,"href":"http:\/\/www.athletic-brandao.de\/index.php?rest_route=%2Fwp%2Fv2%2Ftags&post=2661"}],"curies":[{"name":"wp","href":"https:\/\/api.w.org\/{rel}","templated":true}]}}