{"id":2663,"date":"2022-08-07T16:17:25","date_gmt":"2022-08-07T14:17:25","guid":{"rendered":"http:\/\/www.athletic-brandao.de\/?p=2663"},"modified":"2022-09-14T11:07:02","modified_gmt":"2022-09-14T09:07:02","slug":"trainer-terzic-spontan-mit-plan","status":"publish","type":"post","link":"http:\/\/www.athletic-brandao.de\/?p=2663","title":{"rendered":"Trainer Terzic: spontan mit Plan"},"content":{"rendered":"<p>Noch nicht gl\u00e4nzend, aber sehr erfolgreich: Edin Terzic kn\u00fcpft zum Start der zweiten Amtszeit in Dortmund genau da an, wo er 2021 aufgeh\u00f6rt hat. Bevor der BVB-Trainer f\u00fcr alles eine L\u00f6sung hat, findet er schon mal f\u00fcr vieles die richtigen Worte. <a href=\"https:\/\/www.spox.com\/de\/sport\/fussball\/bundesliga\/saison2022-2023\/spieltag-1\/borussia-dortmund-bayer-leverkusen\/bvb-edin-terzic-zweiter-start-bei-borussia-dortmund-spontan-nach-plan-ftr.html\" rel=\"noopener\" target=\"_blank\">zum Artikel<\/a><\/p>\n","protected":false},"excerpt":{"rendered":"<p>Noch nicht gl\u00e4nzend, aber sehr erfolgreich: Edin Terzic kn\u00fcpft zum Start der zweiten Amtszeit in Dortmund genau da an, wo er 2021 aufgeh\u00f6rt hat. Bevor der BVB-Trainer f\u00fcr alles eine L\u00f6sung hat, findet er schon mal f\u00fcr vieles die richtigen &hellip; <a href=\"http:\/\/www.athletic-brandao.de\/?p=2663\">Weiterlesen <span class=\"meta-nav\">&rarr;<\/span><\/a><\/p>\n","protected":false},"author":2,"featured_media":0,"comment_status":"open","ping_status":"open","sticky":false,"template":"","format":"standard","meta":{"ngg_post_thumbnail":0,"jetpack_post_was_ever_published":false,"_jetpack_newsletter_access":"","jetpack_publicize_message":"","jetpack_is_tweetstorm":false,"jetpack_publicize_feature_enabled":true,"jetpack_social_post_already_shared":true,"jetpack_social_options":{"image_generator_settings":{"template":"highway","enabled":false}}},"categories":[27,14],"tags":[141,16,246,357,154],"jetpack_publicize_connections":[],"jetpack_featured_media_url":"","jetpack_shortlink":"https:\/\/wp.me\/p2zHXD-GX","jetpack_sharing_enabled":true,"jetpack_likes_enabled":true,"_links":{"self":[{"href":"http:\/\/www.athletic-brandao.de\/index.php?rest_route=\/wp\/v2\/posts\/2663"}],"collection":[{"href":"http:\/\/www.athletic-brandao.de\/index.php?rest_route=\/wp\/v2\/posts"}],"about":[{"href":"http:\/\/www.athletic-brandao.de\/index.php?rest_route=\/wp\/v2\/types\/post"}],"author":[{"embeddable":true,"href":"http:\/\/www.athletic-brandao.de\/index.php?rest_route=\/wp\/v2\/users\/2"}],"replies":[{"embeddable":true,"href":"http:\/\/www.athletic-brandao.de\/index.php?rest_route=%2Fwp%2Fv2%2Fcomments&post=2663"}],"version-history":[{"count":2,"href":"http:\/\/www.athletic-brandao.de\/index.php?rest_route=\/wp\/v2\/posts\/2663\/revisions"}],"predecessor-version":[{"id":2665,"href":"http:\/\/www.athletic-brandao.de\/index.php?rest_route=\/wp\/v2\/posts\/2663\/revisions\/2665"}],"wp:attachment":[{"href":"http:\/\/www.athletic-brandao.de\/index.php?rest_route=%2Fwp%2Fv2%2Fmedia&parent=2663"}],"wp:term":[{"taxonomy":"category","embeddable":true,"href":"http:\/\/www.athletic-brandao.de\/index.php?rest_route=%2Fwp%2Fv2%2Fcategories&post=2663"},{"taxonomy":"post_tag","embeddable":true,"href":"http:\/\/www.athletic-brandao.de\/index.php?rest_route=%2Fwp%2Fv2%2Ftags&post=2663"}],"curies":[{"name":"wp","href":"https:\/\/api.w.org\/{rel}","templated":true}]}}